{"id":1001,"date":"2015-11-27T13:46:44","date_gmt":"2015-11-27T12:46:44","guid":{"rendered":"http:\/\/proba.xn--portalmawa-g0b.pl\/?p=1001"},"modified":"2020-05-08T13:50:08","modified_gmt":"2020-05-08T11:50:08","slug":"ciechanow-ratusz-sam-obsluzy-strefe-platnego-parkowania","status":"publish","type":"post","link":"http:\/\/portalm\u0142awa.pl\/?p=1001","title":{"rendered":"CIECHAN\u00d3W. Ratusz sam obs\u0142u\u017cy stref\u0119 p\u0142atnego parkowania"},"content":{"rendered":"<p style=\"text-align: justify;\"><strong><img decoding=\"async\" class=\"wp-image-1002 alignleft lazyload\" data-src=\"http:\/\/proba.xn--portalmawa-g0b.pl\/wp-content\/uploads\/2020\/05\/ciechanow170-300x200.jpg\" alt=\"\" width=\"194\" height=\"129\" data-srcset=\"http:\/\/portalm\u0142awa.pl\/wp-content\/uploads\/2020\/05\/ciechanow170-300x200.jpg 300w, http:\/\/portalm\u0142awa.pl\/wp-content\/uploads\/2020\/05\/ciechanow170.jpg 500w\" data-sizes=\"(max-width: 194px) 100vw, 194px\" src=\"data:image\/svg+xml;base64,PHN2ZyB3aWR0aD0iMSIgaGVpZ2h0PSIxIiB4bWxucz0iaHR0cDovL3d3dy53My5vcmcvMjAwMC9zdmciPjwvc3ZnPg==\" style=\"--smush-placeholder-width: 194px; --smush-placeholder-aspect-ratio: 194\/129;\" \/>Wraz z pocz\u0105tkiem 2016 roku Urz\u0105d Miasta Ciechan\u00f3w b\u0119dzie samodzielnie prowadzi\u0142 Stref\u0119 P\u0142atnego Parkowania. Skr\u00f3cono r\u00f3wnie\u017c czas, w kt\u00f3rym za parkowanie w granicach strefy pobierane s\u0105 op\u0142aty.<\/strong><strong>Obecnie Stref\u0119 P\u0142atnego Parkowania prowadzi prywatna firma, do kt\u00f3rej trafia po\u0142owa wp\u0142yw\u00f3w z op\u0142at z parkometr\u00f3w, abonament\u00f3w, wezwa\u0144 z tytu\u0142u nieuiszczenia op\u0142aty, przekroczenia czasu parkowania, op\u0142at z systemu p\u0142atno\u015bci mobilnych. Roczne wp\u0142ywy to w sumie oko\u0142o 720 tys. z\u0142, z czego 50%, czyli oko\u0142o 360 tys. rocznie zasila komercyjn\u0105 firm\u0119. Dodatkowo miasto p\u0142aci jej ponad 7 tys. rocznie za serwis do oprogramowania. Prezydent Krzysztof Kosi\u0144ski krytycznie odni\u00f3s\u0142 si\u0119 do sytuacji, w kt\u00f3rej po\u0142owa wp\u0142yw\u00f3w ze strefy jest oddawana firmie z Grudzi\u0105dza.<\/strong><\/p>\n<p style=\"text-align: justify;\">Pierwsze nak\u0142ady inwestycyjne na przej\u0119cie strefy b\u0119d\u0105 zbli\u017cone w 2016 roku do kwoty, kt\u00f3ra dotychczas by\u0142a przekazywana komercyjnej firmie. Miasto zakupi oprogramowanie, urz\u0105dzenia dla kontroler\u00f3w, zmodernizuje parkometry, przy\u0142\u0105czy je do centralnego internetowego systemu nadzoru i transmisji danych. Odpowiada\u0107 b\u0119dzie r\u00f3wnie\u017c bezpo\u015brednio za wyznaczenie pracownik\u00f3w i kontroler\u00f3w (pozostanie ich taka sama liczba). Wiele z wydatk\u00f3w stanowi\u0107 b\u0119dzie jednorazowy koszt zwi\u0105zany z przej\u0119ciem strefy, w zwi\u0105zku z czym znacz\u0105cy wzrost dochod\u00f3w miasta nast\u0105pi od 2017 roku. Przej\u0119cie SPP przez miasto w konsekwencji pozwoli na skr\u00f3cenie czasu, w kt\u00f3rym nale\u017cy uiszcza\u0107 op\u0142aty. Obecnie za parkowanie nale\u017cy p\u0142aci\u0107 w dni powszednie od poniedzia\u0142ku do pi\u0105tku w godzinach 9.00 \u2013 18.00. Wraz z pocz\u0105tkiem roku obowi\u0105zywa\u0107 b\u0119d\u0105 godziny 9.00 \u2013 17.00. Szacuje si\u0119, \u017ce zmiana ta zmniejszy roczne dochody o oko\u0142o 95 tys. z\u0142.<\/p>\n<p style=\"text-align: justify;\">Zmiana ta to wyj\u015bcie naprzeciw oczekiwaniom kupc\u00f3w z ulicy Warszawskiej, centrum miasta oraz mieszka\u0144c\u00f3w.<\/p>\n<p style=\"text-align: justify;\">\u201ePrzej\u0119cie przez miasto Strefy P\u0142atnego Parkowania to unikni\u0119cie dzielenia si\u0119 zyskami z prywatn\u0105 firm\u0105, a co za tym idzie, mo\u017cliwo\u015b\u0107 gospodarowania tymi \u015brodkami w zakresie, kt\u00f3ry odpowiada faktycznym potrzebom. Zainwestujemy w odpowiednie narz\u0119dzia, liczba kontroler\u00f3w b\u0119dzie taka sama. Dzi\u0119ki przej\u0119ciu strefy mo\u017cliwe b\u0119dzie r\u00f3wnie\u017c skr\u00f3cenie czasu, w kt\u00f3rym pobierane b\u0119d\u0105 op\u0142aty\u201d \u2013 powiedzia\u0142 prezydent Krzysztof Kosi\u0144ski.<\/p>\n<p style=\"text-align: justify;\">Wszystkie powy\u017csze zmiany w zakresie funkcjonowania Strefy P\u0142atnego Parkowania, zaczn\u0105 obowi\u0105zywa\u0107 od 1 stycznia 2016 roku, na podstawie przyj\u0119tej uchwa\u0142y podczas listopadowej sesji Rady Miasta Ciechan\u00f3w. 17 radnych zg\u0142osowa\u0142o za przyj\u0119ciem powy\u017cszych zmian, troje (radni z klubu PiS: Bogumi\u0142a Rybacka, Barbara Kornatowska i Robert Kuci\u0144ski) by\u0142o przeciwko.<\/p>\n<p style=\"text-align: justify;\">Strefa P\u0142atnego Parkowania zosta\u0142a wprowadzona w 2007 roku ze wzgl\u0119du na ograniczon\u0105 liczb\u0119 miejsc parkingowych w centrum miasta. Jej istnienie wp\u0142ywa na zwi\u0119kszenie rotacji pojazd\u00f3w.<\/p>\n<p style=\"text-align: justify;\"><span style=\"color: #ff0000;\"><strong>KOMENTARZE<\/strong><\/span><\/p>\n<p style=\"text-align: justify;\"><em>Wydawca portalu nie ponosi odpowiedzialno\u015bci za tre\u015b\u0107 komentarzy zamieszczanych przez u\u017cytkownik\u00f3w. Osoby zamieszczaj\u0105ce wypowiedzi naruszaj\u0105ce prawo lub prawem chronione dobra os\u00f3b trzecich mog\u0105 ponie\u015b\u0107 z tego tytu\u0142u odpowiedzialno\u015b\u0107 karn\u0105 lub cywiln\u0105.<\/em><span style=\"color: #ff0000;\"><strong><em>JEDNOCZE\u015aNIE UZYTKOWNICY ZAMIESZCZAJ\u0104C KOMENTARZ OSWIADCZAJ\u0104, \u017bE BIOR\u0104 PE\u0141N\u0104 ODPOWIEDZIALNO\u015a\u0106 ZA TRE\u015aCI UMIESZCZONE PRZEZ SIEBIE<\/em><\/strong><\/span><\/p>\n<div><\/div>\n<div style=\"padding-bottom:20px; padding-top:10px;\" class=\"hupso-share-buttons\"><!-- Hupso Share Buttons - https:\/\/www.hupso.com\/share\/ --><a class=\"hupso_pop\" href=\"https:\/\/www.hupso.com\/share\/\"><img decoding=\"async\" data-src=\"http:\/\/static.hupso.com\/share\/buttons\/button100x23.png\" style=\"border:0px; width:100; height: 23; \" alt=\"Share Button\" src=\"data:image\/svg+xml;base64,PHN2ZyB3aWR0aD0iMSIgaGVpZ2h0PSIxIiB4bWxucz0iaHR0cDovL3d3dy53My5vcmcvMjAwMC9zdmciPjwvc3ZnPg==\" class=\"lazyload\" \/><\/a><script type=\"text\/javascript\">var hupso_services=new Array(\"Twitter\",\"Facebook\",\"Pinterest\",\"Linkedin\",\"Tumblr\",\"StumbleUpon\",\"Digg\",\"Reddit\",\"Bebo\",\"Delicious\",\"QZone\",\"Renren\",\"Email\");var hupso_icon_type = \"labels\";var hupso_background=\"#3BF8FF\";var hupso_border=\"#FF2B0A\";var hupso_image_folder_url = \"\";var hupso_url=\"\";var hupso_title=\"CIECHAN%C3%93W.%20Ratusz%20sam%20obs%C5%82u%C5%BCy%20stref%C4%99%20p%C5%82atnego%20parkowania\";<\/script><script type=\"text\/javascript\" src=\"http:\/\/static.hupso.com\/share\/js\/share.js\"><\/script><!-- Hupso Share Buttons --><\/div>","protected":false},"excerpt":{"rendered":"<p>Wraz z pocz\u0105tkiem 2016 roku Urz\u0105d Miasta Ciechan\u00f3w b\u0119dzie samodzielnie prowadzi\u0142 Stref\u0119 P\u0142atnego Parkowania. Skr\u00f3cono r\u00f3wnie\u017c czas, w kt\u00f3rym za parkowanie w granicach strefy pobierane s\u0105 op\u0142aty.Obecnie Stref\u0119 P\u0142atnego Parkowania&hellip; <\/p>\n<div style=\"padding-bottom:20px; padding-top:10px;\" class=\"hupso-share-buttons\"><!-- Hupso Share Buttons - https:\/\/www.hupso.com\/share\/ --><a class=\"hupso_pop\" href=\"https:\/\/www.hupso.com\/share\/\"><img data-src=\"http:\/\/static.hupso.com\/share\/buttons\/button100x23.png\" style=\"border:0px; width:100; height: 23; \" alt=\"Share Button\" src=\"data:image\/svg+xml;base64,PHN2ZyB3aWR0aD0iMSIgaGVpZ2h0PSIxIiB4bWxucz0iaHR0cDovL3d3dy53My5vcmcvMjAwMC9zdmciPjwvc3ZnPg==\" class=\"lazyload\" \/><\/a><script type=\"text\/javascript\">var hupso_services=new Array(\"Twitter\",\"Facebook\",\"Pinterest\",\"Linkedin\",\"Tumblr\",\"StumbleUpon\",\"Digg\",\"Reddit\",\"Bebo\",\"Delicious\",\"QZone\",\"Renren\",\"Email\");var hupso_icon_type = \"labels\";var hupso_background=\"#3BF8FF\";var hupso_border=\"#FF2B0A\";var hupso_image_folder_url = \"\";var hupso_url=\"\";var hupso_title=\"CIECHAN%C3%93W.%20Ratusz%20sam%20obs%C5%82u%C5%BCy%20stref%C4%99%20p%C5%82atnego%20parkowania\";<\/script><script type=\"text\/javascript\" src=\"http:\/\/static.hupso.com\/share\/js\/share.js\"><\/script><!-- Hupso Share Buttons --><\/div>","protected":false},"author":1,"featured_media":1002,"comment_status":"open","ping_status":"open","sticky":false,"template":"","format":"standard","meta":{"_acf_changed":false,"wprm-recipe-roundup-name":"","wprm-recipe-roundup-description":"","footnotes":""},"categories":[10],"tags":[],"class_list":["post-1001","post","type-post","status-publish","format-standard","has-post-thumbnail","hentry","category-ciecha-now"],"acf":[],"amp_enabled":true,"_links":{"self":[{"href":"http:\/\/portalm\u0142awa.pl\/index.php?rest_route=\/wp\/v2\/posts\/1001","targetHints":{"allow":["GET"]}}],"collection":[{"href":"http:\/\/portalm\u0142awa.pl\/index.php?rest_route=\/wp\/v2\/posts"}],"about":[{"href":"http:\/\/portalm\u0142awa.pl\/index.php?rest_route=\/wp\/v2\/types\/post"}],"author":[{"embeddable":true,"href":"http:\/\/portalm\u0142awa.pl\/index.php?rest_route=\/wp\/v2\/users\/1"}],"replies":[{"embeddable":true,"href":"http:\/\/portalm\u0142awa.pl\/index.php?rest_route=%2Fwp%2Fv2%2Fcomments&post=1001"}],"version-history":[{"count":1,"href":"http:\/\/portalm\u0142awa.pl\/index.php?rest_route=\/wp\/v2\/posts\/1001\/revisions"}],"predecessor-version":[{"id":1003,"href":"http:\/\/portalm\u0142awa.pl\/index.php?rest_route=\/wp\/v2\/posts\/1001\/revisions\/1003"}],"wp:featuredmedia":[{"embeddable":true,"href":"http:\/\/portalm\u0142awa.pl\/index.php?rest_route=\/wp\/v2\/media\/1002"}],"wp:attachment":[{"href":"http:\/\/portalm\u0142awa.pl\/index.php?rest_route=%2Fwp%2Fv2%2Fmedia&parent=1001"}],"wp:term":[{"taxonomy":"category","embeddable":true,"href":"http:\/\/portalm\u0142awa.pl\/index.php?rest_route=%2Fwp%2Fv2%2Fcategories&post=1001"},{"taxonomy":"post_tag","embeddable":true,"href":"http:\/\/portalm\u0142awa.pl\/index.php?rest_route=%2Fwp%2Fv2%2Ftags&post=1001"}],"curies":[{"name":"wp","href":"https:\/\/api.w.org\/{rel}","templated":true}]}}