{"id":10023,"date":"2025-09-11T09:17:47","date_gmt":"2025-09-11T07:17:47","guid":{"rendered":"http:\/\/portalm\u0142awa.pl\/?p=10023"},"modified":"2025-09-11T09:34:19","modified_gmt":"2025-09-11T07:34:19","slug":"zerowy-vat-na-leki-obnizy-ich-ceny-i-zwiekszy-dostepnosc-dla-pacjentow-koniec-z-podatkiem-od-ratowania-zycia-sprawa-zajmie-sie-sejm","status":"publish","type":"post","link":"http:\/\/portalm\u0142awa.pl\/?p=10023","title":{"rendered":"Zerowy VAT na leki obni\u017cy ich ceny i zwi\u0119kszy dost\u0119pno\u015b\u0107 dla pacjent\u00f3w. Koniec z \u201epodatkiem od ratowania \u017cycia\u201d. Spraw\u0105 zajmie si\u0119 Sejm"},"content":{"rendered":"<p style=\"text-align: justify;\"><span style=\"color: #202020; font-family: Merriweather, sans-serif; font-size: 18px; font-weight: bold;\">Do Sejmu trafi\u0142a propozycja zmiany zasad opodatkowania lek\u00f3w. Zak\u0142ada ona ca\u0142kowite zniesienie podatku VAT, co mia\u0142oby obni\u017cy\u0107 ceny medykament\u00f3w i zwi\u0119kszy\u0107 ich dost\u0119pno\u015b\u0107 dla pacjent\u00f3w. Autorzy petycji przekonuj\u0105, \u017ce pa\u0144stwo nie powinno czerpa\u0107 zysk\u00f3w z chor\u00f3b obywateli, a \u015brodki potrzebne do zbilansowania bud\u017cetu mo\u017cna znale\u017a\u0107 w innych \u017ar\u00f3d\u0142ach.<\/span><\/p>\n<h2 id=\"zerowy-vat-na-leki-petycja-trafila-do-sejmu\" class=\"tableOfContent\" style=\"box-sizing: border-box; margin: -70px 0px 10px; padding: 70px 0px 0px; border: 0px none; list-style-type: none; font-family: 'Roboto Condensed', sans-serif; font-size: 19px; line-height: 1.4; color: #000000; text-align: justify;\">Zerowy VAT na leki \u2013 petycja trafi\u0142a do Sejmu<\/h2>\n<p class=\" \" style=\"box-sizing: border-box; margin: 0px 0px 21px; padding: 0px; border: 0px none; list-style-type: none; color: #202020; font-size: 18px; line-height: 1.625; font-family: Merriweather, sans-serif; text-align: justify;\" data-puuid=\"aa307405-77cb-43a1-be6c-b0eabf74c818\" data-scroll=\"paragraph\">Mo\u017cliwo\u015b\u0107 sk\u0142adania petycji do Sejmu to<strong style=\"box-sizing: border-box; margin: 0px; padding: 0px; border: 0px none; list-style-type: none;\">\u00a0wa\u017cny mechanizm<\/strong>, kt\u00f3ry pozwala obywatelom zwraca\u0107 uwag\u0119 na\u00a0<strong style=\"box-sizing: border-box; margin: 0px; padding: 0px; border: 0px none; list-style-type: none;\">realne problemy<\/strong>\u00a0i\u00a0<strong style=\"box-sizing: border-box; margin: 0px; padding: 0px; border: 0px none; list-style-type: none;\">zmusza polityk\u00f3w do podj\u0119cia publicznej debaty.<\/strong>\u00a0Niejednokrotnie takie inicjatywy prowadzi\u0142y do zmian w prawie, zw\u0142aszcza w obszarach, gdzie przepisy by\u0142y\u00a0<strong style=\"box-sizing: border-box; margin: 0px; padding: 0px; border: 0px none; list-style-type: none;\">krzywdz\u0105ce\u00a0<\/strong>lub\u00a0<strong style=\"box-sizing: border-box; margin: 0px; padding: 0px; border: 0px none; list-style-type: none;\">nieprzystaj\u0105ce do rzeczywisto\u015bci<\/strong>. Tym razem Fundacja \u201e<strong style=\"box-sizing: border-box; margin: 0px; padding: 0px; border: 0px none; list-style-type: none;\">Mo\u017cna Lepiej!<\/strong>\u201d z\u0142o\u017cy\u0142a dokument wzywaj\u0105cy do wprowadzenia<strong style=\"box-sizing: border-box; margin: 0px; padding: 0px; border: 0px none; list-style-type: none;\">\u00a0zerowej stawki VAT na\u00a0<a id=\"8fba20fc-c8de-494d-9732-737e08d01042\" style=\"box-sizing: border-box; margin: 0px; padding: 0px; text-decoration-line: none; border: 0px none; list-style-type: none; color: #a5181c;\" title=\"leki\" href=\"https:\/\/www.zdrowiego.pl\/leki\/\">leki<\/a>.<\/strong><\/p>\n<h2 id=\"pacjenci-placa-podwojnie-za-leczenie-i-za-podatek\" class=\"tableOfContent\" style=\"box-sizing: border-box; margin: -70px 0px 10px; padding: 70px 0px 0px; border: 0px none; list-style-type: none; font-family: 'Roboto Condensed', sans-serif; font-size: 19px; line-height: 1.4; color: #000000; text-align: justify;\">Pacjenci p\u0142ac\u0105 podw\u00f3jnie: za leczenie i za podatek<\/h2>\n<p class=\" \" style=\"box-sizing: border-box; margin: 0px 0px 21px; padding: 0px; border: 0px none; list-style-type: none; color: #202020; font-size: 18px; line-height: 1.625; font-family: Merriweather, sans-serif; text-align: justify;\" data-puuid=\"bcb36118-2100-42fc-8627-db3890f8ec62\" data-scroll=\"paragraph\">Autorzy petycji podkre\u015blaj\u0105, \u017ce kryzys ochrony zdrowia sprawia, i\u017c pacjenci<strong style=\"box-sizing: border-box; margin: 0px; padding: 0px; border: 0px none; list-style-type: none;\">\u00a0coraz cz\u0119\u015bciej zmuszeni s\u0105 korzysta\u0107 z prywatnych wizyt<\/strong>. Choroba w polskich warunkach nierzadko oznacza\u00a0<strong style=\"box-sizing: border-box; margin: 0px; padding: 0px; border: 0px none; list-style-type: none;\">finansow\u0105 katastrof\u0119<\/strong>. Internet pe\u0142en jest dramatycznych apeli o wsparcie w zbi\u00f3rkach na leczenie \u2013 to w\u0142a\u015bnie<strong style=\"box-sizing: border-box; margin: 0px; padding: 0px; border: 0px none; list-style-type: none;\">\u00a0dzi\u0119ki nim wielu chorych otrzymuje szans\u0119 na uratowanie \u017cycia.<\/strong><\/p>\n<p class=\" \" style=\"box-sizing: border-box; margin: 0px 0px 21px; padding: 0px; border: 0px none; list-style-type: none; color: #202020; font-size: 18px; line-height: 1.625; font-family: Merriweather, sans-serif; text-align: justify;\" data-puuid=\"c4f4159d-07cd-476c-bd4d-d3dbd46e38d2\" data-scroll=\"paragraph\">Wp\u0142acane przez darczy\u0144c\u00f3w\u00a0<strong style=\"box-sizing: border-box; margin: 0px; padding: 0px; border: 0px none; list-style-type: none;\">\u015brodki\u00a0<\/strong>\u2013 cz\u0119sto b\u0119d\u0105ce efektem powa\u017cnych wyrzecze\u0144 \u2013\u00a0<strong style=\"box-sizing: border-box; margin: 0px; padding: 0px; border: 0px none; list-style-type: none;\">przeznaczane s\u0105 g\u0142\u00f3wnie na zakup lek\u00f3w.<\/strong>\u00a0A te poch\u0142aniaj\u0105 ogromn\u0105 cz\u0119\u015b\u0107 domowych bud\u017cet\u00f3w, przy czym\u00a0<strong style=\"box-sizing: border-box; margin: 0px; padding: 0px; border: 0px none; list-style-type: none;\">pa\u0144stwo dodatkowo obci\u0105\u017ca je podatkiem VAT<\/strong>. W czasie pandemii obowi\u0105zywa\u0142o czasowe zwolnienie z tego podatku, jednak\u00a0<strong style=\"box-sizing: border-box; margin: 0px; padding: 0px; border: 0px none; list-style-type: none;\">zosta\u0142o ono zniesione.<\/strong><\/p>\n<div id=\"Teads\" style=\"box-sizing: border-box; margin: 0px; padding: 0px; border: 0px none; list-style-type: none; color: #000000; font-family: Merriweather, sans-serif; font-size: medium; text-align: justify;\"><\/div>\n<div class=\"infor-ad\" style=\"box-sizing: border-box; margin: 0px auto; padding: 0px; border: 0px none; list-style-type: none; width: 364px; color: #000000; font-family: Merriweather, sans-serif; font-size: medium; text-align: justify;\" data-run-module=\"local\/common.adsAll\" data-run-module-isrun=\"1\"><\/div>\n<p class=\" adSlotSibling\" style=\"box-sizing: border-box; margin: 0px 0px 21px; padding: 0px; border: 0px none; list-style-type: none; color: #202020; font-size: 18px; line-height: 1.625; font-family: Merriweather, sans-serif; text-align: justify;\" data-puuid=\"9191181b-4d6d-4b46-8532-bd138d3bb270\" data-async-ad-slot=\"true\" data-scroll=\"paragraph\">&#8220;<em style=\"box-sizing: border-box; margin: 0px; padding: 0px; border: 0px none; list-style-type: none;\">Jest w tym co\u015b g\u0142\u0119boko nieetycznego, \u017ce pa\u0144stwo zamiast wspiera\u0107 chorych, si\u0119ga do ich kieszeni. \u015arodk\u00f3w mo\u017cna szuka\u0107 w wielu innych miejscach&#8221;<\/em>\u00a0\u2013 komentuje Krzysztof Kwarciak, prezes Fundacji \u201eMo\u017cna Lepiej!\u201d.<\/p>\n<h2 id=\"czym-jest-vat-i-dlaczego-obejmuje-takze-leki\" class=\"tableOfContent\" style=\"box-sizing: border-box; margin: -70px 0px 10px; padding: 70px 0px 0px; border: 0px none; list-style-type: none; font-family: 'Roboto Condensed', sans-serif; font-size: 19px; line-height: 1.4; color: #000000; text-align: justify;\">Czym jest VAT i dlaczego obejmuje tak\u017ce leki?<\/h2>\n<p class=\" \" style=\"box-sizing: border-box; margin: 0px 0px 21px; padding: 0px; border: 0px none; list-style-type: none; color: #202020; font-size: 18px; line-height: 1.625; font-family: Merriweather, sans-serif; text-align: justify;\" data-puuid=\"6d52783d-0b12-4ad1-b8bb-ec9ce5e1ac15\" data-scroll=\"paragraph\"><strong style=\"box-sizing: border-box; margin: 0px; padding: 0px; border: 0px none; list-style-type: none;\">VAT<\/strong>, czyli\u00a0<strong style=\"box-sizing: border-box; margin: 0px; padding: 0px; border: 0px none; list-style-type: none;\"><a id=\"ced2cec3-3959-456a-98f3-d7c08a5296d7\" style=\"box-sizing: border-box; margin: 0px; padding: 0px; text-decoration-line: none; border: 0px none; list-style-type: none; color: #a5181c;\" title=\"podatek\" href=\"https:\/\/forsal.pl\/tagi\/podatek\">podatek<\/a>\u00a0od towar\u00f3w i us\u0142ug,<\/strong>\u00a0to danina po\u015brednia\u00a0<strong style=\"box-sizing: border-box; margin: 0px; padding: 0px; border: 0px none; list-style-type: none;\">pobierana na ka\u017cdym etapie obrotu towarami i us\u0142ugami<\/strong>. Obejmuje sprzeda\u017c krajow\u0105, eksport i import, a tak\u017ce transakcje wewn\u0105trzunijne.<\/p>\n<p class=\" \" style=\"box-sizing: border-box; margin: 0px 0px 21px; padding: 0px; border: 0px none; list-style-type: none; color: #202020; font-size: 18px; line-height: 1.625; font-family: Merriweather, sans-serif; text-align: justify;\" data-puuid=\"8704878d-d946-4523-95ce-bf381882a466\" data-scroll=\"paragraph\">Od 2011 roku\u00a0<strong style=\"box-sizing: border-box; margin: 0px; padding: 0px; border: 0px none; list-style-type: none;\">podstawowa stawka VAT w Polsce wynosi 23%<\/strong>, a obni\u017cone \u2013\u00a0<strong style=\"box-sizing: border-box; margin: 0px; padding: 0px; border: 0px none; list-style-type: none;\">8% i 5%.\u00a0<\/strong>W okre\u015blonych przypadkach stosuje si\u0119 r\u00f3wnie\u017c stawk\u0119 zerow\u0105, m.in. w transporcie mi\u0119dzynarodowym czy dostawach towar\u00f3w do sk\u0142ad\u00f3w celnych.<\/p>\n<h2 id=\"8-vat-na-leki-co-dokladnie-obejmuje-ustawa\" class=\"tableOfContent\" style=\"box-sizing: border-box; margin: -70px 0px 10px; padding: 70px 0px 0px; border: 0px none; list-style-type: none; font-family: 'Roboto Condensed', sans-serif; font-size: 19px; line-height: 1.4; color: #000000; text-align: justify;\">8% VAT na leki \u2013 co dok\u0142adnie obejmuje ustawa?<\/h2>\n<p class=\" \" style=\"box-sizing: border-box; margin: 0px 0px 21px; padding: 0px; border: 0px none; list-style-type: none; color: #202020; font-size: 18px; line-height: 1.625; font-family: Merriweather, sans-serif; text-align: justify;\" data-puuid=\"db75a279-7e0f-4534-a1df-f3d5e093dadc\" data-scroll=\"paragraph\">W przypadku lek\u00f3w\u00a0<strong style=\"box-sizing: border-box; margin: 0px; padding: 0px; border: 0px none; list-style-type: none;\">obowi\u0105zuje stawka 8%,<\/strong>\u00a0co wynika bezpo\u015brednio z ustawy o VAT. Obejmuje ona zar\u00f3wno\u00a0<strong style=\"box-sizing: border-box; margin: 0px; padding: 0px; border: 0px none; list-style-type: none;\">leki dost\u0119pne na recept\u0119, jak i wiele produkt\u00f3w sprzedawanych bez recepty,<\/strong>\u00a0o ile spe\u0142niaj\u0105 definicj\u0119\u00a0<strong style=\"box-sizing: border-box; margin: 0px; padding: 0px; border: 0px none; list-style-type: none;\">wyrobu medycznego.<\/strong><\/p>\n<h2 id=\"absurd-podatkowy-slodycze-tansze-w-podatku-niz-leki-ratujace-zycie\" class=\"tableOfContent\" style=\"box-sizing: border-box; margin: -70px 0px 10px; padding: 70px 0px 0px; border: 0px none; list-style-type: none; font-family: 'Roboto Condensed', sans-serif; font-size: 19px; line-height: 1.4; color: #000000; text-align: justify;\">Absurd podatkowy: s\u0142odycze ta\u0144sze w podatku ni\u017c leki ratuj\u0105ce \u017cycie<\/h2>\n<p class=\" adSlotSibling\" style=\"box-sizing: border-box; margin: 0px 0px 21px; padding: 0px; border: 0px none; list-style-type: none; color: #202020; font-size: 18px; line-height: 1.625; font-family: Merriweather, sans-serif; text-align: justify;\" data-puuid=\"55bfb0b0-976b-488b-be53-79606fd0c476\" data-async-ad-slot=\"true\" data-scroll=\"paragraph\">&#8220;<em style=\"box-sizing: border-box; margin: 0px; padding: 0px; border: 0px none; list-style-type: none;\">VAT na leki wynosi 8% i obejmuje praktycznie wszystkie preparaty, nawet te ratuj\u0105ce \u017cycie. Tymczasem wiele artyku\u0142\u00f3w spo\u017cywczych, w tym s\u0142odycze czy przek\u0105ski, obj\u0119to stawk\u0105 5%. W efekcie zdarza si\u0119, \u017ce zakup batonika obci\u0105\u017cony jest mniejszym podatkiem ni\u017c lek decyduj\u0105cy o zdrowiu pacjenta&#8221;<\/em>\u00a0\u2013 wskazuje Kwarciak.<\/p>\n<p class=\" \" style=\"box-sizing: border-box; margin: 0px 0px 21px; padding: 0px; border: 0px none; list-style-type: none; color: #202020; font-size: 18px; line-height: 1.625; font-family: Merriweather, sans-serif; text-align: justify;\" data-puuid=\"6c03e1ed-9d85-4169-b2bc-f9d1d2ad56a4\" data-scroll=\"paragraph\">Dodaje r\u00f3wnie\u017c, \u017ce\u00a0<strong style=\"box-sizing: border-box; margin: 0px; padding: 0px; border: 0px none; list-style-type: none;\">system podatkowy pe\u0142en jest sprzeczno\u015bci<\/strong>. Us\u0142ugi medyczne s\u0105\u00a0<strong style=\"box-sizing: border-box; margin: 0px; padding: 0px; border: 0px none; list-style-type: none;\">ca\u0142kowicie zwolnione z VAT,\u00a0<\/strong>natomiast\u00a0<strong style=\"box-sizing: border-box; margin: 0px; padding: 0px; border: 0px none; list-style-type: none;\">leki stosowane w ramach zabieg\u00f3w cz\u0119sto powoduj\u0105 problemy interpretacyjne<\/strong>. &#8220;<em style=\"box-sizing: border-box; margin: 0px; padding: 0px; border: 0px none; list-style-type: none;\">To kolejny przyk\u0142ad prawa tworzonego zza biurka, kt\u00f3re nijak ma si\u0119 do reali\u00f3w&#8221;<\/em>\u00a0\u2013 podkre\u015bla<\/p>\n<h2 id=\"zerowy-vat-na-leki-unia-europejska-daje-zielone-swiatlo\" class=\"tableOfContent\" style=\"box-sizing: border-box; margin: -70px 0px 10px; padding: 70px 0px 0px; border: 0px none; list-style-type: none; font-family: 'Roboto Condensed', sans-serif; font-size: 19px; line-height: 1.4; color: #000000; text-align: justify;\">Zerowy VAT na leki: Unia Europejska daje zielone \u015bwiat\u0142o<\/h2>\n<p class=\" \" style=\"box-sizing: border-box; margin: 0px 0px 21px; padding: 0px; border: 0px none; list-style-type: none; color: #202020; font-size: 18px; line-height: 1.625; font-family: Merriweather, sans-serif; text-align: justify;\" data-puuid=\"59a50f2a-8447-4a98-bbf2-9efc85a4c243\" data-scroll=\"paragraph\">Zdaniem autor\u00f3w petycji\u00a0<strong style=\"box-sizing: border-box; margin: 0px; padding: 0px; border: 0px none; list-style-type: none;\">w przypadku lek\u00f3w bardziej korzystne od zwolnienia podatkowego by\u0142oby zastosowanie zerowej stawki VAT.\u00a0<\/strong>Dzi\u0119ki temu pacjenci\u00a0<strong style=\"box-sizing: border-box; margin: 0px; padding: 0px; border: 0px none; list-style-type: none;\">nie ponosiliby ukrytych koszt\u00f3w w cenie medykament\u00f3w.<\/strong><\/p>\n<p class=\" \" style=\"box-sizing: border-box; margin: 0px 0px 21px; padding: 0px; border: 0px none; list-style-type: none; color: #202020; font-size: 18px; line-height: 1.625; font-family: Merriweather, sans-serif; text-align: justify;\" data-puuid=\"6d2fb39f-a7e9-4d1f-9610-96480f1f6e3b\" data-scroll=\"paragraph\">Unijne przepisy\u00a0<strong style=\"box-sizing: border-box; margin: 0px; padding: 0px; border: 0px none; list-style-type: none;\">pozostawiaj\u0105 pa\u0144stwom cz\u0142onkowskim pe\u0142n\u0105 swobod\u0119 w tej kwestii.\u00a0<\/strong>Zgodnie z rozporz\u0105dzeniem Parlamentu Europejskiego i Rady (UE) 2023\/607 mo\u017cliwe jest ca\u0142kowite zniesienie VAT na leki. Potwierdzono to r\u00f3wnie\u017c w uzasadnieniu do projektu nowelizacji ustawy o VAT z 2024 roku<\/p>\n<h2 id=\"jak-zerowy-vat-na-leki-obnizy-koszty-leczenia\" class=\"tableOfContent\" style=\"box-sizing: border-box; margin: -70px 0px 10px; padding: 70px 0px 0px; border: 0px none; list-style-type: none; font-family: 'Roboto Condensed', sans-serif; font-size: 19px; line-height: 1.4; color: #000000; text-align: justify;\">Jak zerowy VAT na leki obni\u017cy koszty leczenia?<\/h2>\n<p class=\" adSlotSibling\" style=\"box-sizing: border-box; margin: 0px 0px 21px; padding: 0px; border: 0px none; list-style-type: none; color: #202020; font-size: 18px; line-height: 1.625; font-family: Merriweather, sans-serif; text-align: justify;\" data-puuid=\"2d6f9dca-1cf8-4e95-aab1-3706a336a93b\" data-async-ad-slot=\"true\" data-scroll=\"paragraph\">Leki od lat stanowi\u0105\u00a0<strong style=\"box-sizing: border-box; margin: 0px; padding: 0px; border: 0px none; list-style-type: none;\">znacz\u0105c\u0105 cz\u0119\u015b\u0107 domowych wydatk\u00f3w<\/strong>, a w przypadku powa\u017cnych chor\u00f3b miesi\u0119czne rachunki za farmakoterapi\u0119 si\u0119gaj\u0105 kilku, a nawet kilkunastu tysi\u0119cy z\u0142otych.<strong style=\"box-sizing: border-box; margin: 0px; padding: 0px; border: 0px none; list-style-type: none;\">\u00a0Szczeg\u00f3lnie trudna sytuacja dotyczy pacjent\u00f3w cierpi\u0105cych na choroby przewlek\u0142e, kt\u00f3re nie podlegaj\u0105 refundacji.<\/strong><\/p>\n<p class=\" \" style=\"box-sizing: border-box; margin: 0px 0px 21px; padding: 0px; border: 0px none; list-style-type: none; color: #202020; font-size: 18px; line-height: 1.625; font-family: Merriweather, sans-serif; text-align: justify;\" data-puuid=\"e62c9c12-8f6d-453e-b481-e05acaa4aa9c\" data-scroll=\"paragraph\">&#8220;<em style=\"box-sizing: border-box; margin: 0px; padding: 0px; border: 0px none; list-style-type: none;\">Ka\u017cdy, kto zmaga\u0142 si\u0119 z ci\u0119\u017ck\u0105 chorob\u0105, wie, jak szybko rosn\u0105 wydatki na leki. Zerowy VAT nie rozwi\u0105\u017ce wszystkich problem\u00f3w, ale mo\u017ce da\u0107 realn\u0105 ulg\u0119<\/em><em style=\"box-sizing: border-box; margin: 0px; padding: 0px; border: 0px none; list-style-type: none;\">\u2013\u00a0<a id=\"794a6f18-2763-4382-98d1-9fb2173f57a0\" style=\"box-sizing: border-box; margin: 0px; padding: 0px; text-decoration-line: none; border: 0px none; list-style-type: none; color: #a5181c;\" title=\"oszcz\u0119dno\u015bci\" href=\"https:\/\/forsal.pl\/tagi\/oszczednosci\">oszcz\u0119dno\u015bci<\/a>\u00a0si\u0119gaj\u0105ce nawet kilkuset z\u0142otych miesi\u0119cznie. A chodzi te\u017c o zasad\u0119: pa\u0144stwo nie powinno bogaci\u0107 si\u0119 na ludzkim cierpieniu&#8221;<\/em>\u00a0\u2013 zaznacza Kwarciak.<\/p>\n<h2 id=\"zerowa-stawka-vat-tylko-dla-czesci-lekow\" class=\"tableOfContent\" style=\"box-sizing: border-box; margin: -70px 0px 10px; padding: 70px 0px 0px; border: 0px none; list-style-type: none; font-family: 'Roboto Condensed', sans-serif; font-size: 19px; line-height: 1.4; color: #000000; text-align: justify;\">Zerowa stawka VAT tylko dla cz\u0119\u015bci lek\u00f3w?<\/h2>\n<p class=\" \" style=\"box-sizing: border-box; margin: 0px 0px 21px; padding: 0px; border: 0px none; list-style-type: none; color: #202020; font-size: 18px; line-height: 1.625; font-family: Merriweather, sans-serif; text-align: justify;\" data-puuid=\"eacb99a1-5147-4b85-9a2f-e8c755af3f34\" data-scroll=\"paragraph\">Niekt\u00f3rzy eksperci ostrzegaj\u0105, \u017ce\u00a0<strong style=\"box-sizing: border-box; margin: 0px; padding: 0px; border: 0px none; list-style-type: none;\">preferencja podatkowa powinna by\u0107 ograniczona.<\/strong>\u00a0Zwracaj\u0105 uwag\u0119, i\u017c wiele os\u00f3b nadu\u017cywa suplement\u00f3w diety czy popularnych lek\u00f3w przeciwb\u00f3lowych. Fundacja nie wyklucza dyskusji na ten temat, sugeruj\u0105c jednak,\u00a0<strong style=\"box-sizing: border-box; margin: 0px; padding: 0px; border: 0px none; list-style-type: none;\">by zerowa stawka obj\u0119\u0142a przynajmniej leki na recept\u0119 oraz preparaty stosowane w leczeniu ci\u0119\u017ckich chor\u00f3b.<\/strong><\/p>\n<p class=\" \" style=\"box-sizing: border-box; margin: 0px 0px 21px; padding: 0px; border: 0px none; list-style-type: none; color: #202020; font-size: 18px; line-height: 1.625; font-family: Merriweather, sans-serif; text-align: justify;\" data-puuid=\"540756f5-893b-437d-be3e-5beda095bf33\" data-scroll=\"paragraph\"><em style=\"box-sizing: border-box; margin: 0px; padding: 0px; border: 0px none; list-style-type: none;\">&#8220;Nie jeste\u015bmy farmaceutami, ale chcemy rozpocz\u0105\u0107 debat\u0119 o sprawiedliwo\u015bci podatkowej. Obecny system budzi powa\u017cne w\u0105tpliwo\u015bci&#8221;<\/em>\u00a0\u2013 podkre\u015blaj\u0105 autorzy petycji.<\/p>\n<h2 id=\"wielkie-firmy-unikaja-cit-a-pacjenci-placa-vat\" class=\"tableOfContent\" style=\"box-sizing: border-box; margin: -70px 0px 10px; padding: 70px 0px 0px; border: 0px none; list-style-type: none; font-family: 'Roboto Condensed', sans-serif; font-size: 19px; line-height: 1.4; color: #000000; text-align: justify;\">Wielkie firmy unikaj\u0105 CIT, a pacjenci p\u0142ac\u0105 VAT<\/h2>\n<p class=\" adSlotSibling\" style=\"box-sizing: border-box; margin: 0px 0px 21px; padding: 0px; border: 0px none; list-style-type: none; color: #202020; font-size: 18px; line-height: 1.625; font-family: Merriweather, sans-serif; text-align: justify;\" data-puuid=\"8a5c54b8-d25c-43a5-865d-85d4e9a5c6be\" data-async-ad-slot=\"true\" data-scroll=\"paragraph\">Zdaniem prezesa fundacji<strong style=\"box-sizing: border-box; margin: 0px; padding: 0px; border: 0px none; list-style-type: none;\">\u00a0problem nie sprowadza si\u0119 wy\u0142\u0105cznie do VAT-u.\u00a0<\/strong>&#8220;W<em style=\"box-sizing: border-box; margin: 0px; padding: 0px; border: 0px none; list-style-type: none;\">ystarczy spojrze\u0107 na list\u0119 najwi\u0119kszych podatnik\u00f3w CIT. Wida\u0107 tam ogromne dysproporcje. Mi\u0119dzynarodowe korporacje dzia\u0142aj\u0105ce w Polsce cz\u0119sto osi\u0105gaj\u0105 miliardowe przychody, a mimo to wykazuj\u0105 symboliczne zyski. Trudno uwierzy\u0107, \u017ce to efekt genialnego zarz\u0105dzania. Bardziej prawdopodobne, \u017ce chodzi o sztuczne manewry ksi\u0119gowe, kt\u00f3re pozwalaj\u0105 p\u0142aci\u0107 ni\u017cszy podatek&#8221;<\/em>\u00a0\u2013 ocenia Kwarciak.<\/p>\n<h2 id=\"sprawiedliwosc-spoleczna-zamiast-podatku-od-choroby\" class=\"tableOfContent\" style=\"box-sizing: border-box; margin: -70px 0px 10px; padding: 70px 0px 0px; border: 0px none; list-style-type: none; font-family: 'Roboto Condensed', sans-serif; font-size: 19px; line-height: 1.4; color: #000000; text-align: justify;\">Sprawiedliwo\u015b\u0107 spo\u0142eczna zamiast podatku od choroby<\/h2>\n<p class=\" \" style=\"box-sizing: border-box; margin: 0px 0px 21px; padding: 0px; border: 0px none; list-style-type: none; color: #202020; font-size: 18px; line-height: 1.625; font-family: Merriweather, sans-serif; text-align: justify;\" data-puuid=\"039dcad6-47f0-4269-b1b3-76904cf8a07c\" data-scroll=\"paragraph\">Na zako\u0144czenie autorzy petycji podkre\u015blaj\u0105, \u017ce ich pr<strong style=\"box-sizing: border-box; margin: 0px; padding: 0px; border: 0px none; list-style-type: none;\">opozycja nie dotyczy wy\u0142\u0105cznie rachunk\u00f3w ekonomicznych, lecz przede wszystkim kwestii sprawiedliwo\u015bci spo\u0142ecznej.\u00a0<\/strong>&#8220;<em style=\"box-sizing: border-box; margin: 0px; padding: 0px; border: 0px none; list-style-type: none;\">Wielu ludzi zwyczajnie nie sta\u0107 na wykupienie potrzebnych lek\u00f3w. Ka\u017cda z\u0142ot\u00f3wka w portfelu pacjenta ma dzi\u015b znaczenie. Zamiast si\u0119ga\u0107 po pieni\u0105dze chorych i umieraj\u0105cych, rz\u0105d powinien wreszcie zaj\u0105\u0107 si\u0119 opodatkowaniem mi\u0119dzynarodowych gigant\u00f3w<\/em>&#8221; \u2013 podsumowuje Krzysztof Kwarciak.<\/p>\n<p style=\"text-align: justify;\" data-puuid=\"039dcad6-47f0-4269-b1b3-76904cf8a07c\" data-scroll=\"paragraph\">\u0179r\u00f3d\u0142o Forsal.pl<\/p>\n<p style=\"box-sizing: border-box; margin-top: 0px; margin-bottom: 15px; color: #555555; font-family: Roboto, sans-serif; font-size: 15px; text-align: justify;\">Komentarze<\/p>\n<p style=\"box-sizing: border-box; margin-top: 0px; margin-bottom: 15px; color: #555555; font-family: Roboto, sans-serif; font-size: 15px; text-align: justify;\">Wydawca portalu nie ponosi odpowiedzialno\u015bci za tre\u015b\u0107 komentarzy zamieszczanych przez u\u017cytkownik\u00f3w. Osoby zamieszczaj\u0105ce wypowiedzi naruszaj\u0105ce prawo lub prawem chronione dobra os\u00f3b trzecich mog\u0105 ponie\u015b\u0107 z tego tytu\u0142u odpowiedzialno\u015b\u0107 karn\u0105 lub cywiln\u0105.JEDNOCZE\u015aNIE U\u017bYTKOWNICY ZAMIESZCZAJ\u0104C KOMENTARZ O\u015aWIADCZAJ\u0104, \u017bE BIOR\u0104 PE\u0141N\u0104 ODPOWIEDZIALNO\u015a\u0106 ZA TRE\u015aCI UMIESZCZONE PRZEZ SIEBIE<\/p>\n<div style=\"padding-bottom:20px; padding-top:10px;\" class=\"hupso-share-buttons\"><!-- Hupso Share Buttons - https:\/\/www.hupso.com\/share\/ --><a class=\"hupso_pop\" href=\"https:\/\/www.hupso.com\/share\/\"><img decoding=\"async\" data-src=\"http:\/\/static.hupso.com\/share\/buttons\/button100x23.png\" style=\"border:0px; width:100; height: 23; \" alt=\"Share Button\" src=\"data:image\/svg+xml;base64,PHN2ZyB3aWR0aD0iMSIgaGVpZ2h0PSIxIiB4bWxucz0iaHR0cDovL3d3dy53My5vcmcvMjAwMC9zdmciPjwvc3ZnPg==\" class=\"lazyload\" \/><\/a><script type=\"text\/javascript\">var hupso_services=new Array(\"Twitter\",\"Facebook\",\"Pinterest\",\"Linkedin\",\"Tumblr\",\"StumbleUpon\",\"Digg\",\"Reddit\",\"Bebo\",\"Delicious\",\"QZone\",\"Renren\",\"Email\");var hupso_icon_type = \"labels\";var hupso_background=\"#3BF8FF\";var hupso_border=\"#FF2B0A\";var hupso_image_folder_url = \"\";var hupso_url=\"\";var hupso_title=\"Zerowy%20VAT%20na%20leki%20obni%C5%BCy%20ich%20ceny%20i%20zwi%C4%99kszy%20dost%C4%99pno%C5%9B%C4%87%20dla%20pacjent%C3%B3w.%20Koniec%20z%20%E2%80%9Epodatkiem%20od%20ratowania%20%C5%BCycia%E2%80%9D.%20Spraw%C4%85%20zajmie%20si%C4%99%20Sejm\";<\/script><script type=\"text\/javascript\" src=\"http:\/\/static.hupso.com\/share\/js\/share.js\"><\/script><!-- Hupso Share Buttons --><\/div>","protected":false},"excerpt":{"rendered":"<p>Do Sejmu trafi\u0142a propozycja zmiany zasad opodatkowania lek\u00f3w. Zak\u0142ada ona ca\u0142kowite zniesienie podatku VAT, co mia\u0142oby obni\u017cy\u0107 ceny medykament\u00f3w i zwi\u0119kszy\u0107 ich dost\u0119pno\u015b\u0107 dla pacjent\u00f3w. Autorzy petycji przekonuj\u0105, \u017ce pa\u0144stwo&hellip; <\/p>\n<div style=\"padding-bottom:20px; padding-top:10px;\" class=\"hupso-share-buttons\"><!-- Hupso Share Buttons - https:\/\/www.hupso.com\/share\/ --><a class=\"hupso_pop\" href=\"https:\/\/www.hupso.com\/share\/\"><img data-src=\"http:\/\/static.hupso.com\/share\/buttons\/button100x23.png\" style=\"border:0px; width:100; height: 23; \" alt=\"Share Button\" src=\"data:image\/svg+xml;base64,PHN2ZyB3aWR0aD0iMSIgaGVpZ2h0PSIxIiB4bWxucz0iaHR0cDovL3d3dy53My5vcmcvMjAwMC9zdmciPjwvc3ZnPg==\" class=\"lazyload\" \/><\/a><script type=\"text\/javascript\">var hupso_services=new Array(\"Twitter\",\"Facebook\",\"Pinterest\",\"Linkedin\",\"Tumblr\",\"StumbleUpon\",\"Digg\",\"Reddit\",\"Bebo\",\"Delicious\",\"QZone\",\"Renren\",\"Email\");var hupso_icon_type = \"labels\";var hupso_background=\"#3BF8FF\";var hupso_border=\"#FF2B0A\";var hupso_image_folder_url = \"\";var hupso_url=\"\";var hupso_title=\"Zerowy%20VAT%20na%20leki%20obni%C5%BCy%20ich%20ceny%20i%20zwi%C4%99kszy%20dost%C4%99pno%C5%9B%C4%87%20dla%20pacjent%C3%B3w.%20Koniec%20z%20%E2%80%9Epodatkiem%20od%20ratowania%20%C5%BCycia%E2%80%9D.%20Spraw%C4%85%20zajmie%20si%C4%99%20Sejm\";<\/script><script type=\"text\/javascript\" src=\"http:\/\/static.hupso.com\/share\/js\/share.js\"><\/script><!-- Hupso Share Buttons --><\/div>","protected":false},"author":1,"featured_media":10025,"comment_status":"open","ping_status":"open","sticky":false,"template":"","format":"standard","meta":{"_acf_changed":false,"wprm-recipe-roundup-name":"","wprm-recipe-roundup-description":"","footnotes":""},"categories":[19,28],"tags":[],"class_list":["post-10023","post","type-post","status-publish","format-standard","has-post-thumbnail","hentry","category-aktualnosci","category-wyd"],"acf":[],"amp_enabled":true,"_links":{"self":[{"href":"http:\/\/portalm\u0142awa.pl\/index.php?rest_route=\/wp\/v2\/posts\/10023","targetHints":{"allow":["GET"]}}],"collection":[{"href":"http:\/\/portalm\u0142awa.pl\/index.php?rest_route=\/wp\/v2\/posts"}],"about":[{"href":"http:\/\/portalm\u0142awa.pl\/index.php?rest_route=\/wp\/v2\/types\/post"}],"author":[{"embeddable":true,"href":"http:\/\/portalm\u0142awa.pl\/index.php?rest_route=\/wp\/v2\/users\/1"}],"replies":[{"embeddable":true,"href":"http:\/\/portalm\u0142awa.pl\/index.php?rest_route=%2Fwp%2Fv2%2Fcomments&post=10023"}],"version-history":[{"count":1,"href":"http:\/\/portalm\u0142awa.pl\/index.php?rest_route=\/wp\/v2\/posts\/10023\/revisions"}],"predecessor-version":[{"id":10024,"href":"http:\/\/portalm\u0142awa.pl\/index.php?rest_route=\/wp\/v2\/posts\/10023\/revisions\/10024"}],"wp:featuredmedia":[{"embeddable":true,"href":"http:\/\/portalm\u0142awa.pl\/index.php?rest_route=\/wp\/v2\/media\/10025"}],"wp:attachment":[{"href":"http:\/\/portalm\u0142awa.pl\/index.php?rest_route=%2Fwp%2Fv2%2Fmedia&parent=10023"}],"wp:term":[{"taxonomy":"category","embeddable":true,"href":"http:\/\/portalm\u0142awa.pl\/index.php?rest_route=%2Fwp%2Fv2%2Fcategories&post=10023"},{"taxonomy":"post_tag","embeddable":true,"href":"http:\/\/portalm\u0142awa.pl\/index.php?rest_route=%2Fwp%2Fv2%2Ftags&post=10023"}],"curies":[{"name":"wp","href":"https:\/\/api.w.org\/{rel}","templated":true}]}}