{"id":10029,"date":"2025-09-11T11:36:33","date_gmt":"2025-09-11T09:36:33","guid":{"rendered":"http:\/\/portalm\u0142awa.pl\/?p=10029"},"modified":"2025-09-11T11:42:38","modified_gmt":"2025-09-11T09:42:38","slug":"hit-6-kolejki-ligi-okregowej-zolto-niebiescy-ruszaja-do-walki-z-wkra-radzanow","status":"publish","type":"post","link":"http:\/\/portalm\u0142awa.pl\/?p=10029","title":{"rendered":"Mecz 6. kolejki ligi okr\u0119gowej: \u017b\u00f3\u0142to-niebiescy ruszaj\u0105 do walki z Wkr\u0105 Radzan\u00f3w!"},"content":{"rendered":"<p style=\"text-align: justify;\"><strong>Ju\u017c w najbli\u017csz\u0105 niedziel\u0119 o godzinie 15:00<\/strong> na boisku w Radzanowie rozegra si\u0119 starcie, kt\u00f3re mo\u017ce zadecydowa\u0107 o losach tabeli. Korona Szyd\u0142owo zmierzy si\u0119 z miejscow\u0105 Wkr\u0105 w meczu 6. kolejki ligi okr\u0119gowej, a emocje zapowiadaj\u0105 si\u0119 na najwy\u017cszym poziomie.<\/p>\n<p style=\"text-align: justify;\">Obie dru\u017cyny znajduj\u0105 si\u0119 w identycznej sytuacji punktowej \u2014 po 6 oczek, dwa zwyci\u0119stwa i trzy pora\u017cki \u2014 co sprawia, \u017ce ka\u017cdy gol, ka\u017cda akcja i ka\u017cdy faul mo\u017ce przes\u0105dzi\u0107 o ko\u0144cowym wyniku. To nie tylko rywalizacja o punkty, ale prawdziwa walka o presti\u017c i pierwsze miejsce w ligowej rywalizacji.<\/p>\n<p style=\"text-align: justify;\">Trenerzy zapowiadaj\u0105 ofensywny styl gry, a kibice mog\u0105 spodziewa\u0107 si\u0119 widowiska pe\u0142nego szybkich kontratak\u00f3w, efektownych drybling\u00f3w i emocjonuj\u0105cych star\u0107 w \u015brodku pola. Dla fan\u00f3w futbolu to idealna okazja, by zobaczy\u0107 na w\u0142asne oczy, jak m\u0142awiacy walcz\u0105 o ka\u017cdy centymetr boiska.<\/p>\n<p style=\"text-align: justify;\">Nie mo\u017ce Was zabrakn\u0105\u0107 na trybunach!\u00a0 Niech doping rozbrzmiewa na ca\u0142ej hali, a \u017c\u00f3\u0142to-niebiescy poczuj\u0105 si\u0142\u0119 swoich kibic\u00f3w w walce o trzy punkty.<\/p>\n<p style=\"text-align: justify;\"><strong>Data:<\/strong> niedziela, 15:00<br \/>\n<strong>Miejsce:<\/strong> boisko Wkra Radzan\u00f3w<br \/>\n<strong>Wej\u015bcie dla kibic\u00f3w:<\/strong> wolne \u2014 przyjd\u017a i poczuj sportow\u0105 adrenalin\u0119!<\/p>\n<p style=\"text-align: justify;\">T.B fot.\u00a0 Korona Szyd\u0142owo<\/p>\n<p style=\"box-sizing: border-box; margin-top: 0px; margin-bottom: 15px; color: #555555; font-family: Roboto, sans-serif; font-size: 15px; text-align: justify;\">Komentarze<\/p>\n<p style=\"box-sizing: border-box; margin-top: 0px; margin-bottom: 15px; color: #555555; font-family: Roboto, sans-serif; font-size: 15px; text-align: justify;\">Wydawca portalu nie ponosi odpowiedzialno\u015bci za tre\u015b\u0107 komentarzy zamieszczanych przez u\u017cytkownik\u00f3w. Osoby zamieszczaj\u0105ce wypowiedzi naruszaj\u0105ce prawo lub prawem chronione dobra os\u00f3b trzecich mog\u0105 ponie\u015b\u0107 z tego tytu\u0142u odpowiedzialno\u015b\u0107 karn\u0105 lub cywiln\u0105.JEDNOCZE\u015aNIE U\u017bYTKOWNICY ZAMIESZCZAJ\u0104C KOMENTARZ O\u015aWIADCZAJ\u0104, \u017bE BIOR\u0104 PE\u0141N\u0104 ODPOWIEDZIALNO\u015a\u0106 ZA TRE\u015aCI UMIESZCZONE PRZEZ SIEBIE<\/p>\n<div style=\"padding-bottom:20px; padding-top:10px;\" class=\"hupso-share-buttons\"><!-- Hupso Share Buttons - https:\/\/www.hupso.com\/share\/ --><a class=\"hupso_pop\" href=\"https:\/\/www.hupso.com\/share\/\"><img decoding=\"async\" data-src=\"http:\/\/static.hupso.com\/share\/buttons\/button100x23.png\" style=\"border:0px; width:100; height: 23; \" alt=\"Share Button\" src=\"data:image\/svg+xml;base64,PHN2ZyB3aWR0aD0iMSIgaGVpZ2h0PSIxIiB4bWxucz0iaHR0cDovL3d3dy53My5vcmcvMjAwMC9zdmciPjwvc3ZnPg==\" class=\"lazyload\" \/><\/a><script type=\"text\/javascript\">var hupso_services=new Array(\"Twitter\",\"Facebook\",\"Pinterest\",\"Linkedin\",\"Tumblr\",\"StumbleUpon\",\"Digg\",\"Reddit\",\"Bebo\",\"Delicious\",\"QZone\",\"Renren\",\"Email\");var hupso_icon_type = \"labels\";var hupso_background=\"#3BF8FF\";var hupso_border=\"#FF2B0A\";var hupso_image_folder_url = \"\";var hupso_url=\"\";var hupso_title=\"Mecz%206.%20kolejki%20ligi%20okr%C4%99gowej%3A%20%C5%BB%C3%B3%C5%82to-niebiescy%20ruszaj%C4%85%20do%20walki%20z%20Wkr%C4%85%20Radzan%C3%B3w%21\";<\/script><script type=\"text\/javascript\" src=\"http:\/\/static.hupso.com\/share\/js\/share.js\"><\/script><!-- Hupso Share Buttons --><\/div>","protected":false},"excerpt":{"rendered":"<p>Ju\u017c w najbli\u017csz\u0105 niedziel\u0119 o godzinie 15:00 na boisku w Radzanowie rozegra si\u0119 starcie, kt\u00f3re mo\u017ce zadecydowa\u0107 o losach tabeli. Korona Szyd\u0142owo zmierzy si\u0119 z miejscow\u0105 Wkr\u0105 w meczu 6.&hellip; <\/p>\n<div style=\"padding-bottom:20px; padding-top:10px;\" class=\"hupso-share-buttons\"><!-- Hupso Share Buttons - https:\/\/www.hupso.com\/share\/ --><a class=\"hupso_pop\" href=\"https:\/\/www.hupso.com\/share\/\"><img data-src=\"http:\/\/static.hupso.com\/share\/buttons\/button100x23.png\" style=\"border:0px; width:100; height: 23; \" alt=\"Share Button\" src=\"data:image\/svg+xml;base64,PHN2ZyB3aWR0aD0iMSIgaGVpZ2h0PSIxIiB4bWxucz0iaHR0cDovL3d3dy53My5vcmcvMjAwMC9zdmciPjwvc3ZnPg==\" class=\"lazyload\" \/><\/a><script type=\"text\/javascript\">var hupso_services=new Array(\"Twitter\",\"Facebook\",\"Pinterest\",\"Linkedin\",\"Tumblr\",\"StumbleUpon\",\"Digg\",\"Reddit\",\"Bebo\",\"Delicious\",\"QZone\",\"Renren\",\"Email\");var hupso_icon_type = \"labels\";var hupso_background=\"#3BF8FF\";var hupso_border=\"#FF2B0A\";var hupso_image_folder_url = \"\";var hupso_url=\"\";var hupso_title=\"Mecz%206.%20kolejki%20ligi%20okr%C4%99gowej%3A%20%C5%BB%C3%B3%C5%82to-niebiescy%20ruszaj%C4%85%20do%20walki%20z%20Wkr%C4%85%20Radzan%C3%B3w%21\";<\/script><script type=\"text\/javascript\" src=\"http:\/\/static.hupso.com\/share\/js\/share.js\"><\/script><!-- Hupso Share Buttons --><\/div>","protected":false},"author":1,"featured_media":10030,"comment_status":"open","ping_status":"open","sticky":false,"template":"","format":"standard","meta":{"_acf_changed":false,"wprm-recipe-roundup-name":"","wprm-recipe-roundup-description":"","footnotes":""},"categories":[19,4,28],"tags":[],"class_list":["post-10029","post","type-post","status-publish","format-standard","has-post-thumbnail","hentry","category-aktualnosci","category-spo","category-wyd"],"acf":[],"amp_enabled":true,"_links":{"self":[{"href":"http:\/\/portalm\u0142awa.pl\/index.php?rest_route=\/wp\/v2\/posts\/10029","targetHints":{"allow":["GET"]}}],"collection":[{"href":"http:\/\/portalm\u0142awa.pl\/index.php?rest_route=\/wp\/v2\/posts"}],"about":[{"href":"http:\/\/portalm\u0142awa.pl\/index.php?rest_route=\/wp\/v2\/types\/post"}],"author":[{"embeddable":true,"href":"http:\/\/portalm\u0142awa.pl\/index.php?rest_route=\/wp\/v2\/users\/1"}],"replies":[{"embeddable":true,"href":"http:\/\/portalm\u0142awa.pl\/index.php?rest_route=%2Fwp%2Fv2%2Fcomments&post=10029"}],"version-history":[{"count":3,"href":"http:\/\/portalm\u0142awa.pl\/index.php?rest_route=\/wp\/v2\/posts\/10029\/revisions"}],"predecessor-version":[{"id":10033,"href":"http:\/\/portalm\u0142awa.pl\/index.php?rest_route=\/wp\/v2\/posts\/10029\/revisions\/10033"}],"wp:featuredmedia":[{"embeddable":true,"href":"http:\/\/portalm\u0142awa.pl\/index.php?rest_route=\/wp\/v2\/media\/10030"}],"wp:attachment":[{"href":"http:\/\/portalm\u0142awa.pl\/index.php?rest_route=%2Fwp%2Fv2%2Fmedia&parent=10029"}],"wp:term":[{"taxonomy":"category","embeddable":true,"href":"http:\/\/portalm\u0142awa.pl\/index.php?rest_route=%2Fwp%2Fv2%2Fcategories&post=10029"},{"taxonomy":"post_tag","embeddable":true,"href":"http:\/\/portalm\u0142awa.pl\/index.php?rest_route=%2Fwp%2Fv2%2Ftags&post=10029"}],"curies":[{"name":"wp","href":"https:\/\/api.w.org\/{rel}","templated":true}]}}