{"id":10092,"date":"2025-09-12T14:51:54","date_gmt":"2025-09-12T12:51:54","guid":{"rendered":"http:\/\/portalm\u0142awa.pl\/?p=10092"},"modified":"2025-09-12T14:51:54","modified_gmt":"2025-09-12T12:51:54","slug":"dekada-dla-bezpieczenstwa-jubileusz-10-lecia-kierunku-bezpieczenstwo-wewnetrzne-w-pans-filii-w-mlawie","status":"publish","type":"post","link":"http:\/\/portalm\u0142awa.pl\/?p=10092","title":{"rendered":"Dekada dla bezpiecze\u0144stwa \u2014 jubileusz 10-lecia kierunku \u201eBezpiecze\u0144stwo Wewn\u0119trzne\u201d w PANS-Filii w M\u0142awie"},"content":{"rendered":"<p style=\"text-align: justify;\"><strong>M\u0142awa, 12 wrze\u015bnia 2025<\/strong> \u2014 W Auli im. kom. Apoloniusza Strzeleckiego i sier\u017c. Boles\u0142awa Salamonika odby\u0142y si\u0119 dzi\u015b uroczyste obchody 10-lecia kierunku <em>Bezpiecze\u0144stwo Wewn\u0119trzne<\/em> w Pa\u0144stwowej Akademii Nauk Stosowanych im. Ignacego Mo\u015bcickiego \u2014 Filii w M\u0142awie. Sala wype\u0142ni\u0142a si\u0119 studentami, absolwentami, pracownikami uczelni i zaproszonymi go\u015b\u0107mi, w\u015br\u00f3d kt\u00f3rych obecny by\u0142 burmistrz Piotr Jankowski.<\/p>\n<p style=\"text-align: justify;\">To by\u0142o \u015bwi\u0119to nie tylko akademickie, lecz tak\u017ce lokalnej wsp\u00f3lnoty. Dekada funkcjonowania kierunku zosta\u0142a podsumowana w rytmie oficjalnych podzi\u0119kowa\u0144, wr\u0119cze\u0144 dyplom\u00f3w i chwili refleksji \u2014 minut\u0105 ciszy uczczono wyk\u0142adowc\u00f3w i student\u00f3w, kt\u00f3rych ju\u017c nie ma. Uroczysto\u015b\u0107 po\u0142\u0105czy\u0142a w sobie elementy oficjalne i integracyjne: dyplomy uko\u0144czenia studi\u00f3w, wyr\u00f3\u017cnienia dla os\u00f3b zaanga\u017cowanych w rozw\u00f3j filii oraz cz\u0119\u015b\u0107 artystyczno-integracyjn\u0105, kt\u00f3ra pozwoli\u0142a uczestnikom \u015bwi\u0119towa\u0107 osi\u0105gni\u0119cia minionej dekady.<\/p>\n<p style=\"text-align: justify;\">Wa\u017cnym elementem programu by\u0142y stoiska promocyjne s\u0142u\u017cb \u2014 wojska i policji \u2014 kt\u00f3re praktycznie przybli\u017cy\u0142y uczestnikom codzienno\u015b\u0107 i mo\u017cliwo\u015bci kariery w formacjach odpowiedzialnych za bezpiecze\u0144stwo publiczne. To nie przypadek: kierunek o takiej specjalizacji pe\u0142ni dzi\u015b funkcj\u0119 mostu mi\u0119dzy edukacj\u0105 a s\u0142u\u017cbami, daj\u0105c m\u0142odym ludziom nie tylko wiedz\u0119 teoretyczn\u0105, lecz i realne \u015bcie\u017cki zawodowe.<\/p>\n<h3 style=\"text-align: justify;\">Co oznacza ten jubileusz dla regionu?<\/h3>\n<p style=\"text-align: justify;\">Dziesi\u0119\u0107 lat kszta\u0142cenia specjalist\u00f3w w obszarze bezpiecze\u0144stwa wewn\u0119trznego to dla M\u0142awy i okolic realne wzmocnienie zasob\u00f3w kadrowych s\u0142u\u017cb publicznych, ale te\u017c impuls dla wsp\u00f3\u0142pracy naukowo-praktycznej. Absolwenci trafiaj\u0105 do policji, stra\u017cy po\u017carnej, administracji samorz\u0105dowej i sektor\u00f3w zwi\u0105zanych z zarz\u0105dzaniem kryzysowym \u2014 w ten spos\u00f3b filia uczelni dzia\u0142a na rzecz podnoszenia standard\u00f3w bezpiecze\u0144stwa lokalnej spo\u0142eczno\u015bci.<\/p>\n<p style=\"text-align: justify;\">Minuta ciszy i liczne podzi\u0119kowania przypomnia\u0142y, \u017ce obok sukces\u00f3w dydaktycznych stoj\u0105 ludzkie losy \u2014 wyk\u0142adowc\u00f3w i student\u00f3w, kt\u00f3rych pami\u0119\u0107 wpisuje si\u0119 w histori\u0119 uczelni. Obchody potwierdzi\u0142y r\u00f3wnie\u017c, \u017ce edukacja w dziedzinie bezpiecze\u0144stwa to wi\u0119cej ni\u017c przekazywanie wiedzy: to kszta\u0142towanie postaw, odpowiedzialno\u015bci i gotowo\u015bci do s\u0142u\u017cby publicznej.<\/p>\n<p style=\"text-align: justify;\">Obraz z uroczysto\u015bci: m\u0142odzi ludzie z dyplomami, stoiska s\u0142u\u017cb, rozmowy pe\u0142ne nadziei i plan\u00f3w. To znak, \u017ce kierunek \u201eBezpiecze\u0144stwo Wewn\u0119trzne\u201d nie jest tylko akademick\u0105 nazw\u0105 \u2014 to realna inwestycja w bezpiecze\u0144stwo spo\u0142eczno\u015bci i przysz\u0142o\u015b\u0107 m\u0142awskiego rynku pracy.<\/p>\n<p>T.B\u00a0 fot. M. M<\/p>\n<p>Komentarze<\/p>\n<p style=\"box-sizing: border-box; margin-top: 0px; margin-bottom: 15px; color: #555555; font-family: Roboto, sans-serif; font-size: 15px; text-align: justify;\">Wydawca portalu nie ponosi odpowiedzialno\u015bci za tre\u015b\u0107 komentarzy zamieszczanych przez u\u017cytkownik\u00f3w. Osoby zamieszczaj\u0105ce wypowiedzi naruszaj\u0105ce prawo lub prawem chronione dobra os\u00f3b trzecich mog\u0105 ponie\u015b\u0107 z tego tytu\u0142u odpowiedzialno\u015b\u0107 karn\u0105 lub cywiln\u0105.JEDNOCZE\u015aNIE U\u017bYTKOWNICY ZAMIESZCZAJ\u0104C KOMENTARZ O\u015aWIADCZAJ\u0104, \u017bE BIOR\u0104 PE\u0141N\u0104 ODPOWIEDZIALNO\u015a\u0106 ZA TRE\u015aCI UMIESZCZONE PRZEZ SIEBIE<\/p>\n<div style=\"padding-bottom:20px; padding-top:10px;\" class=\"hupso-share-buttons\"><!-- Hupso Share Buttons - https:\/\/www.hupso.com\/share\/ --><a class=\"hupso_pop\" href=\"https:\/\/www.hupso.com\/share\/\"><img decoding=\"async\" data-src=\"http:\/\/static.hupso.com\/share\/buttons\/button100x23.png\" style=\"border:0px; width:100; height: 23; \" alt=\"Share Button\" src=\"data:image\/svg+xml;base64,PHN2ZyB3aWR0aD0iMSIgaGVpZ2h0PSIxIiB4bWxucz0iaHR0cDovL3d3dy53My5vcmcvMjAwMC9zdmciPjwvc3ZnPg==\" class=\"lazyload\" \/><\/a><script type=\"text\/javascript\">var hupso_services=new Array(\"Twitter\",\"Facebook\",\"Pinterest\",\"Linkedin\",\"Tumblr\",\"StumbleUpon\",\"Digg\",\"Reddit\",\"Bebo\",\"Delicious\",\"QZone\",\"Renren\",\"Email\");var hupso_icon_type = \"labels\";var hupso_background=\"#3BF8FF\";var hupso_border=\"#FF2B0A\";var hupso_image_folder_url = \"\";var hupso_url=\"\";var hupso_title=\"Dekada%20dla%20bezpiecze%C5%84stwa%20%E2%80%94%20jubileusz%2010-lecia%20kierunku%20%E2%80%9EBezpiecze%C5%84stwo%20Wewn%C4%99trzne%E2%80%9D%20w%20PANS-Filii%20w%20M%C5%82awie\";<\/script><script type=\"text\/javascript\" src=\"http:\/\/static.hupso.com\/share\/js\/share.js\"><\/script><!-- Hupso Share Buttons --><\/div>","protected":false},"excerpt":{"rendered":"<p>M\u0142awa, 12 wrze\u015bnia 2025 \u2014 W Auli im. kom. Apoloniusza Strzeleckiego i sier\u017c. Boles\u0142awa Salamonika odby\u0142y si\u0119 dzi\u015b uroczyste obchody 10-lecia kierunku Bezpiecze\u0144stwo Wewn\u0119trzne w Pa\u0144stwowej Akademii Nauk Stosowanych im.&hellip; <\/p>\n<div style=\"padding-bottom:20px; padding-top:10px;\" class=\"hupso-share-buttons\"><!-- Hupso Share Buttons - https:\/\/www.hupso.com\/share\/ --><a class=\"hupso_pop\" href=\"https:\/\/www.hupso.com\/share\/\"><img data-src=\"http:\/\/static.hupso.com\/share\/buttons\/button100x23.png\" style=\"border:0px; width:100; height: 23; \" alt=\"Share Button\" src=\"data:image\/svg+xml;base64,PHN2ZyB3aWR0aD0iMSIgaGVpZ2h0PSIxIiB4bWxucz0iaHR0cDovL3d3dy53My5vcmcvMjAwMC9zdmciPjwvc3ZnPg==\" class=\"lazyload\" \/><\/a><script type=\"text\/javascript\">var hupso_services=new Array(\"Twitter\",\"Facebook\",\"Pinterest\",\"Linkedin\",\"Tumblr\",\"StumbleUpon\",\"Digg\",\"Reddit\",\"Bebo\",\"Delicious\",\"QZone\",\"Renren\",\"Email\");var hupso_icon_type = \"labels\";var hupso_background=\"#3BF8FF\";var hupso_border=\"#FF2B0A\";var hupso_image_folder_url = \"\";var hupso_url=\"\";var hupso_title=\"Dekada%20dla%20bezpiecze%C5%84stwa%20%E2%80%94%20jubileusz%2010-lecia%20kierunku%20%E2%80%9EBezpiecze%C5%84stwo%20Wewn%C4%99trzne%E2%80%9D%20w%20PANS-Filii%20w%20M%C5%82awie\";<\/script><script type=\"text\/javascript\" src=\"http:\/\/static.hupso.com\/share\/js\/share.js\"><\/script><!-- Hupso Share Buttons --><\/div>","protected":false},"author":1,"featured_media":10093,"comment_status":"open","ping_status":"open","sticky":false,"template":"","format":"standard","meta":{"_acf_changed":false,"wprm-recipe-roundup-name":"","wprm-recipe-roundup-description":"","footnotes":""},"categories":[19,3,28],"tags":[],"class_list":["post-10092","post","type-post","status-publish","format-standard","has-post-thumbnail","hentry","category-aktualnosci","category-kultura","category-wyd"],"acf":[],"amp_enabled":true,"_links":{"self":[{"href":"http:\/\/portalm\u0142awa.pl\/index.php?rest_route=\/wp\/v2\/posts\/10092","targetHints":{"allow":["GET"]}}],"collection":[{"href":"http:\/\/portalm\u0142awa.pl\/index.php?rest_route=\/wp\/v2\/posts"}],"about":[{"href":"http:\/\/portalm\u0142awa.pl\/index.php?rest_route=\/wp\/v2\/types\/post"}],"author":[{"embeddable":true,"href":"http:\/\/portalm\u0142awa.pl\/index.php?rest_route=\/wp\/v2\/users\/1"}],"replies":[{"embeddable":true,"href":"http:\/\/portalm\u0142awa.pl\/index.php?rest_route=%2Fwp%2Fv2%2Fcomments&post=10092"}],"version-history":[{"count":1,"href":"http:\/\/portalm\u0142awa.pl\/index.php?rest_route=\/wp\/v2\/posts\/10092\/revisions"}],"predecessor-version":[{"id":10094,"href":"http:\/\/portalm\u0142awa.pl\/index.php?rest_route=\/wp\/v2\/posts\/10092\/revisions\/10094"}],"wp:featuredmedia":[{"embeddable":true,"href":"http:\/\/portalm\u0142awa.pl\/index.php?rest_route=\/wp\/v2\/media\/10093"}],"wp:attachment":[{"href":"http:\/\/portalm\u0142awa.pl\/index.php?rest_route=%2Fwp%2Fv2%2Fmedia&parent=10092"}],"wp:term":[{"taxonomy":"category","embeddable":true,"href":"http:\/\/portalm\u0142awa.pl\/index.php?rest_route=%2Fwp%2Fv2%2Fcategories&post=10092"},{"taxonomy":"post_tag","embeddable":true,"href":"http:\/\/portalm\u0142awa.pl\/index.php?rest_route=%2Fwp%2Fv2%2Ftags&post=10092"}],"curies":[{"name":"wp","href":"https:\/\/api.w.org\/{rel}","templated":true}]}}