{"id":10136,"date":"2025-09-14T13:30:34","date_gmt":"2025-09-14T11:30:34","guid":{"rendered":"http:\/\/portalm\u0142awa.pl\/?p=10136"},"modified":"2025-09-14T13:40:33","modified_gmt":"2025-09-14T11:40:33","slug":"polska-i-sojusznicy-w-nato-w-ofensywnej-gotowosci-bezpieczenstwo-regionu-w-centrum-uwagi","status":"publish","type":"post","link":"http:\/\/portalm\u0142awa.pl\/?p=10136","title":{"rendered":"Polska i sojusznicy w NATO w ofensywnej gotowo\u015bci \u2013 bezpiecze\u0144stwo regionu w centrum uwagi"},"content":{"rendered":"<p style=\"text-align: justify;\">Polska wraz z sojusznikami z NATO umacnia swoj\u0105 gotowo\u015b\u0107 obronn\u0105 i ofensywn\u0105 w obliczu rosn\u0105cych zagro\u017ce\u0144 w regionie Europy \u015arodkowo-Wschodniej. Po ostatnich incydentach zwi\u0105zanych z naruszeniem przestrzeni powietrznej kraju, wojsko polskie oraz si\u0142y sojusznicze podj\u0119\u0142y dzia\u0142ania zwi\u0119kszaj\u0105ce bezpiecze\u0144stwo terytorium i pokazuj\u0105ce si\u0142\u0119 wsp\u00f3\u0142pracy w ramach NATO.<\/p>\n<p style=\"text-align: justify;\"><strong>Skala wsp\u00f3\u0142pracy i gotowo\u015bci NATO<\/strong><\/p>\n<p style=\"text-align: justify;\">Wsp\u00f3lne \u0107wiczenia, patrole powietrzne i wymiana danych wywiadowczych pokazuj\u0105, \u017ce Polska nie jest sama w obronie swojego nieba. W ramach operacji \u201eWschodnia Stra\u017c\u201d do wschodnich flank NATO skierowano dodatkowe jednostki powietrzne i l\u0105dowe z udzia\u0142em sojusznik\u00f3w, w tym my\u015bliwce F-35 z Holandii, samoloty AWACS oraz jednostki artylerii przeciwlotniczej z kraj\u00f3w regionu.<\/p>\n<p style=\"text-align: justify;\">Rzecznik polskiego MON zaznaczy\u0142:<\/p>\n<p style=\"text-align: justify;\">&#8220;Wsp\u00f3\u0142praca z NATO to nie tylko formalno\u015b\u0107 \u2013 to realna si\u0142a odstraszania i mo\u017cliwo\u015b\u0107 szybkiej, ofensywnej reakcji w ka\u017cdej sytuacji zagro\u017cenia.&#8221;<\/p>\n<p style=\"text-align: justify;\">\u00a0<strong>Oficjalne dzia\u0142ania wojsk polskich<\/strong><\/p>\n<p style=\"text-align: justify;\"><strong>Si\u0142y Zbrojne RP wdro\u017cy\u0142y szereg dzia\u0142a\u0144 obronnych i ofensywnych:<\/strong><\/p>\n<p style=\"text-align: justify;\">Patrole powietrzne i kontrdronowe \u2013 my\u015bliwce F-16 i F-35 monitoruj\u0105 przestrze\u0144 powietrzn\u0105 oraz eliminuj\u0105 zagro\u017cenia, wspierane przez radary i sensory pasywne.<\/p>\n<p style=\"text-align: justify;\">Rozmieszczenie jednostek artylerii przeciwlotniczej w kluczowych punktach wschodnich wojew\u00f3dztw.<\/p>\n<p style=\"text-align: justify;\">\u0106wiczenia szybkiego reagowania \u2013 jednostki L\u0105dowe i Wojsk Obrony Terytorialnej przeprowadzaj\u0105 symulacje obrony infrastruktury krytycznej i ewakuacji ludno\u015bci.<\/p>\n<p style=\"text-align: justify;\">Koordynacja operacyjna z sojusznikami \u2013 polscy dow\u00f3dcy wsp\u00f3\u0142pracuj\u0105 z NATO w czasie rzeczywistym, wymieniaj\u0105c dane o potencjalnych zagro\u017ceniach, analizuj\u0105c trajektorie lot\u00f3w i przygotowuj\u0105c kontratak w razie eskalacji.<\/p>\n<p style=\"text-align: justify;\"><strong>Polityczne reperkusje i wsparcie sojuszu<\/strong><\/p>\n<p style=\"text-align: justify;\">Premier Donald Tusk oceni\u0142 dzia\u0142ania wojsk jako &#8220;przyk\u0142ad skutecznego sojuszniczego odstraszania&#8221;. Sekretarz generalny NATO Jens Stoltenberg zapewni\u0142, \u017ce sojusz stoi na stra\u017cy bezpiecze\u0144stwa wszystkich cz\u0142onk\u00f3w:<\/p>\n<p style=\"text-align: justify;\">&#8220;Wzmacniamy wschodnie flanki i jeste\u015bmy gotowi do ofensywnej obrony, je\u015bli zajdzie taka potrzeba. Polska jest w pe\u0142ni wspierana przez NATO.&#8221;<\/p>\n<p style=\"text-align: justify;\">Politycy w Polsce podkre\u015blaj\u0105, \u017ce obecno\u015b\u0107 i wsp\u00f3\u0142praca z NATO jest kluczowa dla bezpiecze\u0144stwa narodowego, jednocze\u015bnie apeluj\u0105c o ponadpartyjne wsparcie i inwestycje w nowoczesne systemy obrony.<\/p>\n<p style=\"text-align: justify;\"><strong>Spo\u0142ecze\u0144stwo i przygotowanie obywateli<\/strong><\/p>\n<p style=\"text-align: justify;\">W reakcji na rosn\u0105ce zagro\u017cenia wprowadzono dodatkowe programy edukacyjne i szkolenia dla obywateli. Kampanie informacyjne obejmuj\u0105 procedury reagowania na zagro\u017cenia powietrzne, ochron\u0119 infrastruktury i bezpiecze\u0144stwo cywilne. Eksperci ostrzegaj\u0105 r\u00f3wnie\u017c przed dezinformacj\u0105 w mediach spo\u0142eczno\u015bciowych i podkre\u015blaj\u0105 znaczenie sprawdzonych \u017ar\u00f3de\u0142 informacji.<\/p>\n<p style=\"text-align: justify;\"><strong>Wnioski strategiczne<\/strong><\/p>\n<p style=\"text-align: justify;\">Polska i NATO pokazuj\u0105, \u017ce wsp\u00f3\u0142praca wojskowa jest skutecznym narz\u0119dziem odstraszania i kontroli zagro\u017ce\u0144.<\/p>\n<p style=\"text-align: justify;\">Po\u0142\u0105czenie si\u0142 powietrznych, artylerii przeciwlotniczej, rozpoznania i logistyki tworzy efektywn\u0105 sie\u0107 bezpiecze\u0144stwa.<\/p>\n<p style=\"text-align: justify;\">Offensywna gotowo\u015b\u0107 i szybkie reakcje pokazuj\u0105 potencja\u0142 NATO do realnej obrony w ka\u017cdej sytuacji.<\/p>\n<p style=\"text-align: justify;\">Inwestycje w nowoczesne technologie dronowe, kontrdronowe i systemy radarowe s\u0105 kluczowe dla utrzymania przewagi strategicznej w regionie.<\/p>\n<p style=\"text-align: justify;\">Podsumowanie:<\/p>\n<p style=\"text-align: justify;\">Polska, wspierana przez sojusznik\u00f3w z NATO, znajduje si\u0119 w ofensywnej gotowo\u015bci, zdolnej do szybkiej i skutecznej reakcji na zagro\u017cenia w powietrzu i na l\u0105dzie. Wzmocnienie wschodnich flank, integracja nowoczesnych system\u00f3w obronnych oraz wsp\u00f3\u0142praca mi\u0119dzynarodowa pokazuj\u0105, \u017ce bezpiecze\u0144stwo regionu pozostaje w centrum uwagi sojuszu, a Polska mo\u017ce liczy\u0107 na realn\u0105 ochron\u0119 i wsparcie.<\/p>\n<p style=\"text-align: justify;\">\u0179r\u00f3d\u0142o Reuters<\/p>\n<p>KOMENTARZE<\/p>\n<p>&nbsp;<\/p>\n<p>Wydawca portalu nie ponosi odpowiedzialno\u015bci za tre\u015b\u0107 komentarzy zamieszczanych przez u\u017cytkownik\u00f3w. Osoby zamieszczaj\u0105ce wypowiedzi naruszaj\u0105ce prawo lub prawem chronione dobra os\u00f3b trzecich mog\u0105 ponie\u015b\u0107 z tego tytu\u0142u odpowiedzialno\u015b\u0107 karn\u0105 lub cywiln\u0105.JEDNOCZE\u015aNIE UZYTKOWNICY ZAMIESZCZAJ\u0104C KOMENTARZ OSWIADCZAJ\u0104, \u017bE BIOR\u0104 PE\u0141N\u0104 ODPOWIEDZIALNO\u015a\u0106 ZA TRE\u015aCI UMIESZCZONE PRZEZ SIEBIE<\/p>\n<p>&nbsp;<\/p>\n<p>&nbsp;<\/p>\n<p style=\"text-align: justify;\">\n<div style=\"padding-bottom:20px; padding-top:10px;\" class=\"hupso-share-buttons\"><!-- Hupso Share Buttons - https:\/\/www.hupso.com\/share\/ --><a class=\"hupso_pop\" href=\"https:\/\/www.hupso.com\/share\/\"><img decoding=\"async\" data-src=\"http:\/\/static.hupso.com\/share\/buttons\/button100x23.png\" style=\"border:0px; width:100; height: 23; \" alt=\"Share Button\" src=\"data:image\/svg+xml;base64,PHN2ZyB3aWR0aD0iMSIgaGVpZ2h0PSIxIiB4bWxucz0iaHR0cDovL3d3dy53My5vcmcvMjAwMC9zdmciPjwvc3ZnPg==\" class=\"lazyload\" \/><\/a><script type=\"text\/javascript\">var hupso_services=new Array(\"Twitter\",\"Facebook\",\"Pinterest\",\"Linkedin\",\"Tumblr\",\"StumbleUpon\",\"Digg\",\"Reddit\",\"Bebo\",\"Delicious\",\"QZone\",\"Renren\",\"Email\");var hupso_icon_type = \"labels\";var hupso_background=\"#3BF8FF\";var hupso_border=\"#FF2B0A\";var hupso_image_folder_url = \"\";var hupso_url=\"\";var hupso_title=\"Polska%20i%20sojusznicy%20w%20NATO%20w%20ofensywnej%20gotowo%C5%9Bci%20%E2%80%93%20bezpiecze%C5%84stwo%20regionu%20w%20centrum%20uwagi\";<\/script><script type=\"text\/javascript\" src=\"http:\/\/static.hupso.com\/share\/js\/share.js\"><\/script><!-- Hupso Share Buttons --><\/div>","protected":false},"excerpt":{"rendered":"<p>Polska wraz z sojusznikami z NATO umacnia swoj\u0105 gotowo\u015b\u0107 obronn\u0105 i ofensywn\u0105 w obliczu rosn\u0105cych zagro\u017ce\u0144 w regionie Europy \u015arodkowo-Wschodniej. Po ostatnich incydentach zwi\u0105zanych z naruszeniem przestrzeni powietrznej kraju, wojsko&hellip; <\/p>\n<div style=\"padding-bottom:20px; padding-top:10px;\" class=\"hupso-share-buttons\"><!-- Hupso Share Buttons - https:\/\/www.hupso.com\/share\/ --><a class=\"hupso_pop\" href=\"https:\/\/www.hupso.com\/share\/\"><img data-src=\"http:\/\/static.hupso.com\/share\/buttons\/button100x23.png\" style=\"border:0px; width:100; height: 23; \" alt=\"Share Button\" src=\"data:image\/svg+xml;base64,PHN2ZyB3aWR0aD0iMSIgaGVpZ2h0PSIxIiB4bWxucz0iaHR0cDovL3d3dy53My5vcmcvMjAwMC9zdmciPjwvc3ZnPg==\" class=\"lazyload\" \/><\/a><script type=\"text\/javascript\">var hupso_services=new Array(\"Twitter\",\"Facebook\",\"Pinterest\",\"Linkedin\",\"Tumblr\",\"StumbleUpon\",\"Digg\",\"Reddit\",\"Bebo\",\"Delicious\",\"QZone\",\"Renren\",\"Email\");var hupso_icon_type = \"labels\";var hupso_background=\"#3BF8FF\";var hupso_border=\"#FF2B0A\";var hupso_image_folder_url = \"\";var hupso_url=\"\";var hupso_title=\"Polska%20i%20sojusznicy%20w%20NATO%20w%20ofensywnej%20gotowo%C5%9Bci%20%E2%80%93%20bezpiecze%C5%84stwo%20regionu%20w%20centrum%20uwagi\";<\/script><script type=\"text\/javascript\" src=\"http:\/\/static.hupso.com\/share\/js\/share.js\"><\/script><!-- Hupso Share Buttons --><\/div>","protected":false},"author":1,"featured_media":10138,"comment_status":"open","ping_status":"open","sticky":false,"template":"","format":"standard","meta":{"_acf_changed":false,"wprm-recipe-roundup-name":"","wprm-recipe-roundup-description":"","footnotes":""},"categories":[19,28],"tags":[],"class_list":["post-10136","post","type-post","status-publish","format-standard","has-post-thumbnail","hentry","category-aktualnosci","category-wyd"],"acf":[],"amp_enabled":true,"_links":{"self":[{"href":"http:\/\/portalm\u0142awa.pl\/index.php?rest_route=\/wp\/v2\/posts\/10136","targetHints":{"allow":["GET"]}}],"collection":[{"href":"http:\/\/portalm\u0142awa.pl\/index.php?rest_route=\/wp\/v2\/posts"}],"about":[{"href":"http:\/\/portalm\u0142awa.pl\/index.php?rest_route=\/wp\/v2\/types\/post"}],"author":[{"embeddable":true,"href":"http:\/\/portalm\u0142awa.pl\/index.php?rest_route=\/wp\/v2\/users\/1"}],"replies":[{"embeddable":true,"href":"http:\/\/portalm\u0142awa.pl\/index.php?rest_route=%2Fwp%2Fv2%2Fcomments&post=10136"}],"version-history":[{"count":1,"href":"http:\/\/portalm\u0142awa.pl\/index.php?rest_route=\/wp\/v2\/posts\/10136\/revisions"}],"predecessor-version":[{"id":10137,"href":"http:\/\/portalm\u0142awa.pl\/index.php?rest_route=\/wp\/v2\/posts\/10136\/revisions\/10137"}],"wp:featuredmedia":[{"embeddable":true,"href":"http:\/\/portalm\u0142awa.pl\/index.php?rest_route=\/wp\/v2\/media\/10138"}],"wp:attachment":[{"href":"http:\/\/portalm\u0142awa.pl\/index.php?rest_route=%2Fwp%2Fv2%2Fmedia&parent=10136"}],"wp:term":[{"taxonomy":"category","embeddable":true,"href":"http:\/\/portalm\u0142awa.pl\/index.php?rest_route=%2Fwp%2Fv2%2Fcategories&post=10136"},{"taxonomy":"post_tag","embeddable":true,"href":"http:\/\/portalm\u0142awa.pl\/index.php?rest_route=%2Fwp%2Fv2%2Ftags&post=10136"}],"curies":[{"name":"wp","href":"https:\/\/api.w.org\/{rel}","templated":true}]}}