{"id":10143,"date":"2025-09-14T16:22:24","date_gmt":"2025-09-14T14:22:24","guid":{"rendered":"http:\/\/portalm\u0142awa.pl\/?p=10143"},"modified":"2025-09-14T16:26:06","modified_gmt":"2025-09-14T14:26:06","slug":"5-mazowiecka-brygada-obrony-terytorialnej-w-ognistej-burzy","status":"publish","type":"post","link":"http:\/\/portalm\u0142awa.pl\/?p=10143","title":{"rendered":"5 Mazowiecka Brygada Obrony Terytorialnej w \u201eOgnistej Burzy\u201d"},"content":{"rendered":"<p style=\"text-align: justify;\">5 Mazowiecka Brygada Obrony Terytorialnej jest jedn\u0105 z pi\u0119ciu brygad OT oraz Dow\u00f3dztwa WOT, kt\u00f3re z dniem 13 wrze\u015bnia rozpocz\u0119\u0142y swoje dzia\u0142ania w jednym z najwa\u017cniejszych przedsi\u0119wzi\u0119\u0107 szkoleniowych Si\u0142 Zbrojnych RP w 2025 r. \u2013 \u201eOgnistej Burzy-25\u201d, kt\u00f3re jest cz\u0119\u015bci\u0105 federacji \u0107wicze\u0144 pod kryptonimem \u017bELAZNY OBRO\u0143CA-25.<\/p>\n<p style=\"text-align: justify;\">W manewrach tych udzia\u0142 bierze oko\u0142o 30 tys. \u017co\u0142nierzy ze wszystkich rodzaj\u00f3w Si\u0142 Zbrojnych RP oraz pa\u0144stw sojuszniczych NATO wspieranych przez ok. 600 jednostek sprz\u0119tu. Wsp\u00f3lne dzia\u0142ania pozwol\u0105 przetestowa\u0107 zdolno\u015bci odstraszania i skutecznej obrony terytorium Polski.<\/p>\n<p style=\"text-align: justify;\">Celem \u0107wiczenia jest sprawdzenie przygotowania brygad Obrony Terytorialnej do realizacji zada\u0144 i osi\u0105gania cel\u00f3w wynikaj\u0105cych z zakresu wymaganych zdolno\u015bci zgodnie z przeznaczeniem. W ramach szkolenia rozpatrywane s\u0105 kluczowe problemy operacyjno-taktyczne.<\/p>\n<p style=\"text-align: justify;\">Teren, dzia\u0142a\u0144 prowadzonych przez\u00a0 5 MBOT w ramach \u201eOgnistej burzy-25\u201d obejmie sta\u0142y\u00a0 rejon odpowiedzialno\u015bci brygady, koncentruj\u0105c si\u0119 przede wszystkim w trzech powiatach: m\u0142awskim, ciechanowskim i przasnyskim.<\/p>\n<p style=\"text-align: justify;\"><strong>Wojska Obrony Terytorialne<\/strong>j konsekwentnie rozwijaj\u0105 kompetencje \u017co\u0142nierzy i zdolno\u015bci bojowe \u2013 od obrony granicy i ochrony ludno\u015bci w czasie pokoju, po aktywne wsparcie wojsk operacyjnych w czasie konfliktu. Ich udzia\u0142 w \u017belaznym Obro\u0144cy-25 potwierdza, \u017ce s\u0105 integralnym i niezb\u0119dnym elementem systemu bezpiecze\u0144stwa Rzeczypospolitej\u00a0Polski.<\/p>\n<p style=\"text-align: justify;\">Prosimy o niepublikowanie zdj\u0119\u0107, film\u00f3w i lokalizacji miejsc \u0107wicz\u0105cych \u017co\u0142nierzy.<\/p>\n<div><\/div>\n<div style=\"text-align: justify;\"><span style=\"font-family: Calibri,Helvetica,sans-serif,serif,EmojiFont; font-size: small;\"><span style=\"font-family: Times New Roman,Times,serif,serif,EmojiFont; font-size: medium;\">st.\u00a0kpr. Renata Jaskulska\u00a0<\/span><span style=\"font-family: Times New Roman,Times,serif,serif,EmojiFont; font-size: medium;\"><br \/>\n<\/span><\/span><\/div>\n<div style=\"text-align: justify;\"><span style=\"font-family: Calibri,Helvetica,sans-serif,serif,EmojiFont; font-size: small;\"><span style=\"font-family: Times New Roman,Times,serif,serif,EmojiFont; font-size: medium;\">Sekcja Komunikacji Spo\u0142ecznej<\/span><\/span><\/div>\n<div>\n<p>KOMENTARZE<\/p>\n<p>Wydawca portalu nie ponosi odpowiedzialno\u015bci za tre\u015b\u0107 komentarzy zamieszczanych przez u\u017cytkownik\u00f3w. Osoby zamieszczaj\u0105ce wypowiedzi naruszaj\u0105ce prawo lub prawem chronione dobra os\u00f3b trzecich mog\u0105 ponie\u015b\u0107 z tego tytu\u0142u odpowiedzialno\u015b\u0107 karn\u0105 lub cywiln\u0105.JEDNOCZE\u015aNIE UZYTKOWNICY ZAMIESZCZAJ\u0104C KOMENTARZ OSWIADCZAJ\u0104, \u017bE BIOR\u0104 PE\u0141N\u0104 ODPOWIEDZIALNO\u015a\u0106 ZA TRE\u015aCI UMIESZCZONE PRZEZ SIEBIE<\/p>\n<\/div>\n<div style=\"padding-bottom:20px; padding-top:10px;\" class=\"hupso-share-buttons\"><!-- Hupso Share Buttons - https:\/\/www.hupso.com\/share\/ --><a class=\"hupso_pop\" href=\"https:\/\/www.hupso.com\/share\/\"><img decoding=\"async\" data-src=\"http:\/\/static.hupso.com\/share\/buttons\/button100x23.png\" style=\"border:0px; width:100; height: 23; \" alt=\"Share Button\" src=\"data:image\/svg+xml;base64,PHN2ZyB3aWR0aD0iMSIgaGVpZ2h0PSIxIiB4bWxucz0iaHR0cDovL3d3dy53My5vcmcvMjAwMC9zdmciPjwvc3ZnPg==\" class=\"lazyload\" \/><\/a><script type=\"text\/javascript\">var hupso_services=new Array(\"Twitter\",\"Facebook\",\"Pinterest\",\"Linkedin\",\"Tumblr\",\"StumbleUpon\",\"Digg\",\"Reddit\",\"Bebo\",\"Delicious\",\"QZone\",\"Renren\",\"Email\");var hupso_icon_type = \"labels\";var hupso_background=\"#3BF8FF\";var hupso_border=\"#FF2B0A\";var hupso_image_folder_url = \"\";var hupso_url=\"\";var hupso_title=\"5%20Mazowiecka%20Brygada%20Obrony%20Terytorialnej%20w%20%E2%80%9EOgnistej%20Burzy%E2%80%9D\";<\/script><script type=\"text\/javascript\" src=\"http:\/\/static.hupso.com\/share\/js\/share.js\"><\/script><!-- Hupso Share Buttons --><\/div>","protected":false},"excerpt":{"rendered":"<p>5 Mazowiecka Brygada Obrony Terytorialnej jest jedn\u0105 z pi\u0119ciu brygad OT oraz Dow\u00f3dztwa WOT, kt\u00f3re z dniem 13 wrze\u015bnia rozpocz\u0119\u0142y swoje dzia\u0142ania w jednym z najwa\u017cniejszych przedsi\u0119wzi\u0119\u0107 szkoleniowych Si\u0142 Zbrojnych&hellip; <\/p>\n<div style=\"padding-bottom:20px; padding-top:10px;\" class=\"hupso-share-buttons\"><!-- Hupso Share Buttons - https:\/\/www.hupso.com\/share\/ --><a class=\"hupso_pop\" href=\"https:\/\/www.hupso.com\/share\/\"><img data-src=\"http:\/\/static.hupso.com\/share\/buttons\/button100x23.png\" style=\"border:0px; width:100; height: 23; \" alt=\"Share Button\" src=\"data:image\/svg+xml;base64,PHN2ZyB3aWR0aD0iMSIgaGVpZ2h0PSIxIiB4bWxucz0iaHR0cDovL3d3dy53My5vcmcvMjAwMC9zdmciPjwvc3ZnPg==\" class=\"lazyload\" \/><\/a><script type=\"text\/javascript\">var hupso_services=new Array(\"Twitter\",\"Facebook\",\"Pinterest\",\"Linkedin\",\"Tumblr\",\"StumbleUpon\",\"Digg\",\"Reddit\",\"Bebo\",\"Delicious\",\"QZone\",\"Renren\",\"Email\");var hupso_icon_type = \"labels\";var hupso_background=\"#3BF8FF\";var hupso_border=\"#FF2B0A\";var hupso_image_folder_url = \"\";var hupso_url=\"\";var hupso_title=\"5%20Mazowiecka%20Brygada%20Obrony%20Terytorialnej%20w%20%E2%80%9EOgnistej%20Burzy%E2%80%9D\";<\/script><script type=\"text\/javascript\" src=\"http:\/\/static.hupso.com\/share\/js\/share.js\"><\/script><!-- Hupso Share Buttons --><\/div>","protected":false},"author":1,"featured_media":10147,"comment_status":"open","ping_status":"open","sticky":false,"template":"","format":"standard","meta":{"_acf_changed":false,"wprm-recipe-roundup-name":"","wprm-recipe-roundup-description":"","footnotes":""},"categories":[19,28],"tags":[],"class_list":["post-10143","post","type-post","status-publish","format-standard","has-post-thumbnail","hentry","category-aktualnosci","category-wyd"],"acf":[],"amp_enabled":true,"_links":{"self":[{"href":"http:\/\/portalm\u0142awa.pl\/index.php?rest_route=\/wp\/v2\/posts\/10143","targetHints":{"allow":["GET"]}}],"collection":[{"href":"http:\/\/portalm\u0142awa.pl\/index.php?rest_route=\/wp\/v2\/posts"}],"about":[{"href":"http:\/\/portalm\u0142awa.pl\/index.php?rest_route=\/wp\/v2\/types\/post"}],"author":[{"embeddable":true,"href":"http:\/\/portalm\u0142awa.pl\/index.php?rest_route=\/wp\/v2\/users\/1"}],"replies":[{"embeddable":true,"href":"http:\/\/portalm\u0142awa.pl\/index.php?rest_route=%2Fwp%2Fv2%2Fcomments&post=10143"}],"version-history":[{"count":2,"href":"http:\/\/portalm\u0142awa.pl\/index.php?rest_route=\/wp\/v2\/posts\/10143\/revisions"}],"predecessor-version":[{"id":10149,"href":"http:\/\/portalm\u0142awa.pl\/index.php?rest_route=\/wp\/v2\/posts\/10143\/revisions\/10149"}],"wp:featuredmedia":[{"embeddable":true,"href":"http:\/\/portalm\u0142awa.pl\/index.php?rest_route=\/wp\/v2\/media\/10147"}],"wp:attachment":[{"href":"http:\/\/portalm\u0142awa.pl\/index.php?rest_route=%2Fwp%2Fv2%2Fmedia&parent=10143"}],"wp:term":[{"taxonomy":"category","embeddable":true,"href":"http:\/\/portalm\u0142awa.pl\/index.php?rest_route=%2Fwp%2Fv2%2Fcategories&post=10143"},{"taxonomy":"post_tag","embeddable":true,"href":"http:\/\/portalm\u0142awa.pl\/index.php?rest_route=%2Fwp%2Fv2%2Ftags&post=10143"}],"curies":[{"name":"wp","href":"https:\/\/api.w.org\/{rel}","templated":true}]}}