{"id":10492,"date":"2025-09-23T15:27:32","date_gmt":"2025-09-23T13:27:32","guid":{"rendered":"http:\/\/portalm\u0142awa.pl\/?p=10492"},"modified":"2025-09-23T15:27:32","modified_gmt":"2025-09-23T13:27:32","slug":"nastolatkowie-zatrzymani-podczas-niebezpiecznej-jazdy-hulajnogami-elektrycznymi","status":"publish","type":"post","link":"http:\/\/portalm\u0142awa.pl\/?p=10492","title":{"rendered":"Nastolatkowie zatrzymani podczas niebezpiecznej jazdy hulajnogami elektrycznymi"},"content":{"rendered":"<p>Policjanci z Wydzia\u0142u Ruchu Drogowego Komendy Powiatowej Policji w Ciechanowie w minion\u0105 niedziel\u0119 interweniowali wobec dw\u00f3ch m\u0142odych mieszka\u0144c\u00f3w Ciechanowa, kt\u00f3rzy poruszali si\u0119 hulajnogami elektrycznymi po chodniku na ul. 11 Pu\u0142ku U\u0142an\u00f3w Legionowych.<\/p>\n<p>Podczas kontroli funkcjonariusze ustalili, \u017ce jeden z ch\u0142opc\u00f3w wykonywa\u0142 niebezpieczne manewry, jad\u0105c na tylnym kole, nara\u017caj\u0105c tym samym siebie oraz pieszych. Drugi z kontrolowanych nastolatk\u00f3w nie posiada\u0142 wymaganej karty rowerowej, kt\u00f3ra jest obowi\u0105zkowa dla os\u00f3b w wieku od 10 do 18 lat poruszaj\u0105cych si\u0119 hulajnog\u0105 elektryczn\u0105.<\/p>\n<p>Mieszka\u0144cy Ciechanowa wraz z hulajnogami zostali przekazani pod opiek\u0119 rodzicom. Spraw\u0105 zajmie si\u0119 s\u0105d.<\/p>\n<p>Policjanci przypominaj\u0105, \u017ce hulajnoga elektryczna to nie zabawka, lecz pojazd, kt\u00f3rego u\u017cytkowanie wi\u0105\u017ce si\u0119 z odpowiedzialno\u015bci\u0105.<\/p>\n<p><strong>Zgodnie z przepisami:<\/strong><\/p>\n<p>Hulajnog\u0105 elektryczn\u0105 mog\u0105 kierowa\u0107 osoby, kt\u00f3re uko\u0144czy\u0142y 10 lat i posiadaj\u0105 kart\u0119 rowerow\u0105 lub prawo jazdy kat. AM, A1, B1 lub T.<\/p>\n<p>Dzieci poni\u017cej 10. roku \u017cycia mog\u0105 porusza\u0107 si\u0119 hulajnog\u0105 elektryczn\u0105 wy\u0142\u0105cznie w strefie zamieszkania i pod opiek\u0105 osoby doros\u0142ej.<\/p>\n<p>Maksymalna pr\u0119dko\u015b\u0107 hulajnogi elektrycznej to 20 km\/h.<\/p>\n<p>Hulajnoga musi by\u0107 sprawna technicznie i wyposa\u017cona w odpowiednie elementy bezpiecze\u0144stwa, w tym ogranicznik pr\u0119dko\u015bci.<\/p>\n<p>Jezdni\u0105 mo\u017cna porusza\u0107 si\u0119 hulajnog\u0105 elektryczn\u0105 tylko wtedy, gdy nie ma drogi dla rower\u00f3w ani pasa ruchu dla rower\u00f3w, a dopuszczalna pr\u0119dko\u015b\u0107 na danym odcinku nie przekracza 30 km\/h.<\/p>\n<p>W przypadku, gdy nie ma pasa dla rower\u00f3w lub drogi dla rower\u00f3w, a dopuszczalna pr\u0119dko\u015b\u0107 na jezdni przekracza 30 km\/h, mo\u017cna porusza\u0107 si\u0119 hulajnog\u0105 elektryczn\u0105 po chodniku, jednak nale\u017cy zachowa\u0107 szczeg\u00f3ln\u0105 ostro\u017cno\u015b\u0107 i porusza\u0107 si\u0119 z pr\u0119dko\u015bci\u0105 zbli\u017con\u0105 do pr\u0119dko\u015bci pieszego.<\/p>\n<p>Niestosowanie si\u0119 do tych zasad mo\u017ce skutkowa\u0107 nie tylko mandatem, ale przede wszystkim zagro\u017ceniem dla zdrowia i \u017cycia \u2013 zar\u00f3wno u\u017cytkownika hulajnogi, jak i innych uczestnik\u00f3w ruchu drogowego.<\/p>\n<p>nadkom. Jolanta Bym<\/p>\n<p style=\"box-sizing: border-box; margin-top: 0px; margin-bottom: 15px; color: #555555; font-family: Roboto, sans-serif; font-size: 15px; text-align: justify;\">KOMENTARZE<\/p>\n<p style=\"box-sizing: border-box; margin-top: 0px; margin-bottom: 15px; color: #555555; font-family: Roboto, sans-serif; font-size: 15px; text-align: justify;\">Wydawca portalu nie ponosi odpowiedzialno\u015bci za tre\u015b\u0107 komentarzy zamieszczanych przez u\u017cytkownik\u00f3w. Osoby zamieszczaj\u0105ce wypowiedzi naruszaj\u0105ce prawo lub prawem chronione dobra os\u00f3b trzecich mog\u0105 ponie\u015b\u0107 z tego tytu\u0142u odpowiedzialno\u015b\u0107 karn\u0105 lub cywiln\u0105.JEDNOCZE\u015aNIE UZYTKOWNICY ZAMIESZCZAJ\u0104C KOMENTARZ OSWIADCZAJ\u0104, \u017bE BIOR\u0104 PE\u0141N\u0104 ODPOWIEDZIALNO\u015a\u0106 ZA TRE\u015aCI UMIESZCZONE PRZEZ SIEBIE<\/p>\n<div style=\"padding-bottom:20px; padding-top:10px;\" class=\"hupso-share-buttons\"><!-- Hupso Share Buttons - https:\/\/www.hupso.com\/share\/ --><a class=\"hupso_pop\" href=\"https:\/\/www.hupso.com\/share\/\"><img decoding=\"async\" data-src=\"http:\/\/static.hupso.com\/share\/buttons\/button100x23.png\" style=\"border:0px; width:100; height: 23; \" alt=\"Share Button\" src=\"data:image\/svg+xml;base64,PHN2ZyB3aWR0aD0iMSIgaGVpZ2h0PSIxIiB4bWxucz0iaHR0cDovL3d3dy53My5vcmcvMjAwMC9zdmciPjwvc3ZnPg==\" class=\"lazyload\" \/><\/a><script type=\"text\/javascript\">var hupso_services=new Array(\"Twitter\",\"Facebook\",\"Pinterest\",\"Linkedin\",\"Tumblr\",\"StumbleUpon\",\"Digg\",\"Reddit\",\"Bebo\",\"Delicious\",\"QZone\",\"Renren\",\"Email\");var hupso_icon_type = \"labels\";var hupso_background=\"#3BF8FF\";var hupso_border=\"#FF2B0A\";var hupso_image_folder_url = \"\";var hupso_url=\"\";var hupso_title=\"Nastolatkowie%20zatrzymani%20podczas%20niebezpiecznej%20jazdy%20hulajnogami%20elektrycznymi\";<\/script><script type=\"text\/javascript\" src=\"http:\/\/static.hupso.com\/share\/js\/share.js\"><\/script><!-- Hupso Share Buttons --><\/div>","protected":false},"excerpt":{"rendered":"<p>Policjanci z Wydzia\u0142u Ruchu Drogowego Komendy Powiatowej Policji w Ciechanowie w minion\u0105 niedziel\u0119 interweniowali wobec dw\u00f3ch m\u0142odych mieszka\u0144c\u00f3w Ciechanowa, kt\u00f3rzy poruszali si\u0119 hulajnogami elektrycznymi po chodniku na ul. 11 Pu\u0142ku&hellip; <\/p>\n<div style=\"padding-bottom:20px; padding-top:10px;\" class=\"hupso-share-buttons\"><!-- Hupso Share Buttons - https:\/\/www.hupso.com\/share\/ --><a class=\"hupso_pop\" href=\"https:\/\/www.hupso.com\/share\/\"><img data-src=\"http:\/\/static.hupso.com\/share\/buttons\/button100x23.png\" style=\"border:0px; width:100; height: 23; \" alt=\"Share Button\" src=\"data:image\/svg+xml;base64,PHN2ZyB3aWR0aD0iMSIgaGVpZ2h0PSIxIiB4bWxucz0iaHR0cDovL3d3dy53My5vcmcvMjAwMC9zdmciPjwvc3ZnPg==\" class=\"lazyload\" \/><\/a><script type=\"text\/javascript\">var hupso_services=new Array(\"Twitter\",\"Facebook\",\"Pinterest\",\"Linkedin\",\"Tumblr\",\"StumbleUpon\",\"Digg\",\"Reddit\",\"Bebo\",\"Delicious\",\"QZone\",\"Renren\",\"Email\");var hupso_icon_type = \"labels\";var hupso_background=\"#3BF8FF\";var hupso_border=\"#FF2B0A\";var hupso_image_folder_url = \"\";var hupso_url=\"\";var hupso_title=\"Nastolatkowie%20zatrzymani%20podczas%20niebezpiecznej%20jazdy%20hulajnogami%20elektrycznymi\";<\/script><script type=\"text\/javascript\" src=\"http:\/\/static.hupso.com\/share\/js\/share.js\"><\/script><!-- Hupso Share Buttons --><\/div>","protected":false},"author":1,"featured_media":9295,"comment_status":"open","ping_status":"open","sticky":false,"template":"","format":"standard","meta":{"_acf_changed":false,"wprm-recipe-roundup-name":"","wprm-recipe-roundup-description":"","footnotes":""},"categories":[19,5,28],"tags":[],"class_list":["post-10492","post","type-post","status-publish","format-standard","has-post-thumbnail","hentry","category-aktualnosci","category-na-sygnale","category-wyd"],"acf":[],"amp_enabled":true,"_links":{"self":[{"href":"http:\/\/portalm\u0142awa.pl\/index.php?rest_route=\/wp\/v2\/posts\/10492","targetHints":{"allow":["GET"]}}],"collection":[{"href":"http:\/\/portalm\u0142awa.pl\/index.php?rest_route=\/wp\/v2\/posts"}],"about":[{"href":"http:\/\/portalm\u0142awa.pl\/index.php?rest_route=\/wp\/v2\/types\/post"}],"author":[{"embeddable":true,"href":"http:\/\/portalm\u0142awa.pl\/index.php?rest_route=\/wp\/v2\/users\/1"}],"replies":[{"embeddable":true,"href":"http:\/\/portalm\u0142awa.pl\/index.php?rest_route=%2Fwp%2Fv2%2Fcomments&post=10492"}],"version-history":[{"count":1,"href":"http:\/\/portalm\u0142awa.pl\/index.php?rest_route=\/wp\/v2\/posts\/10492\/revisions"}],"predecessor-version":[{"id":10493,"href":"http:\/\/portalm\u0142awa.pl\/index.php?rest_route=\/wp\/v2\/posts\/10492\/revisions\/10493"}],"wp:featuredmedia":[{"embeddable":true,"href":"http:\/\/portalm\u0142awa.pl\/index.php?rest_route=\/wp\/v2\/media\/9295"}],"wp:attachment":[{"href":"http:\/\/portalm\u0142awa.pl\/index.php?rest_route=%2Fwp%2Fv2%2Fmedia&parent=10492"}],"wp:term":[{"taxonomy":"category","embeddable":true,"href":"http:\/\/portalm\u0142awa.pl\/index.php?rest_route=%2Fwp%2Fv2%2Fcategories&post=10492"},{"taxonomy":"post_tag","embeddable":true,"href":"http:\/\/portalm\u0142awa.pl\/index.php?rest_route=%2Fwp%2Fv2%2Ftags&post=10492"}],"curies":[{"name":"wp","href":"https:\/\/api.w.org\/{rel}","templated":true}]}}