{"id":10526,"date":"2025-09-24T14:16:52","date_gmt":"2025-09-24T12:16:52","guid":{"rendered":"http:\/\/portalm\u0142awa.pl\/?p=10526"},"modified":"2025-09-24T14:28:19","modified_gmt":"2025-09-24T12:28:19","slug":"dzien-polskiego-panstwa-podziemnego-pamiec-wiedza-i-lokalna-wspolnota","status":"publish","type":"post","link":"http:\/\/portalm\u0142awa.pl\/?p=10526","title":{"rendered":"Dzie\u0144 Polskiego Pa\u0144stwa Podziemnego \u2014 pami\u0119\u0107, wiedza i lokalna wsp\u00f3lnota"},"content":{"rendered":"<p style=\"text-align: justify;\">3 s\u0142owa, kt\u00f3re definiuj\u0105 pi\u0105tek 26 wrze\u015bnia w M\u0142awie: pami\u0119\u0107, edukacja, dzia\u0142anie. Tego dnia ulice i instytucje miasta stan\u0105 si\u0119 przestrzeni\u0105, gdzie historia spotka si\u0119 z tera\u017aniejszo\u015bci\u0105 \u2014 nie jako odleg\u0142y temat z podr\u0119cznika, lecz jako \u017cywy dialog mi\u0119dzy pokoleniami. Organizatorzy zapraszaj\u0105 mieszka\u0144c\u00f3w powiatu na wydarzenia, kt\u00f3re ucz\u0105, mobilizuj\u0105 i scalaj\u0105 lokaln\u0105 wsp\u00f3lnot\u0119.<\/p>\n<p style=\"text-align: justify;\"><strong>Co i kiedy \u2014 program\u00a0<\/strong><\/p>\n<p style=\"text-align: justify;\">9:30 \u2014 otwarcie plenerowej wystawy Polskie Pa\u0144stwo Podziemne w okupowanym powiecie m\u0142awskim (Muzeum Ziemi Zawkrze\u0144skiej) \u2014 ekspozycja przy ko\u015bciele pw. Przemienienia Pa\u0144skiego na W\u00f3lce.<\/p>\n<p style=\"text-align: justify;\">10:00 \u2014 Msza \u015bw. w ko\u015bciele pw. Przemienienia Pa\u0144skiego (W\u00f3lka).<\/p>\n<p style=\"text-align: justify;\">11:00 \u2014 przemarsz na cmentarz parafii \u015bw. Jana Kantego; z\u0142o\u017cenie wi\u0105zanek i zapalenie zniczy na grobach \u017co\u0142nierzy Armii Krajowej i Batalion\u00f3w Ch\u0142opskich.<\/p>\n<p style=\"text-align: justify;\">12:00 \u2014 sesja popularno-naukowa Polskie Pa\u0144stwo Podziemne w okupowanym powiecie m\u0142awskim (Aula im. kom. Apoloniusza Strzeleckiego i sier\u017c. B. Salamonika, WNKTiS PANS, ul. Warszawska 52), z prelekcjami:<\/p>\n<p style=\"text-align: justify;\">dr Pawe\u0142 Zakrzewski \u2014 \u201eKonspiracja cywilna i zbrojna Polskiego Pa\u0144stwa Podziemnego\u201d (TPZM)<\/p>\n<p style=\"text-align: justify;\">dr Leszek Arent \u2014 \u201eM\u0142awski Obw\u00f3d Armii Krajowej\u201d (TPZM)<\/p>\n<p style=\"text-align: justify;\">dr Mateusz Raty\u0144ski \u2014 \u201eKonspiracyjny Ruch Ludowy na p\u00f3\u0142nocnym Mazowszu\u201d (MHPRL)<\/p>\n<p style=\"text-align: justify;\">Janusz D\u0119bski \u2014 \u201eTajne nauczanie w powiecie m\u0142awskim\u201d (TPZM)<\/p>\n<p style=\"text-align: justify;\"><strong>Wydarzenia towarzysz\u0105ce (22\u201329 wrze\u015bnia)<\/strong><\/p>\n<p style=\"text-align: justify;\">Liga Strzelecka i Mistrzostwa Szkolne Powiatu M\u0142awskiego \u2014 eliminacje i fina\u0142y (Klub Strzelectwa Sportowego \u201eKaliber\u201d, strzelnica przy ul. Zuzanny Morawskiej 29).<\/p>\n<p style=\"text-align: justify;\">29.09, godz. 10:00 \u2014 Mistrzostwa Szkolne Powiatu M\u0142awskiego dla szk\u00f3\u0142 ponadpodstawowych.<\/p>\n<p style=\"text-align: justify;\"><strong>Dlaczego to wa\u017cne \u2014 nie tylko ho\u0142d, lecz te\u017c lekcja<\/strong><\/p>\n<p style=\"text-align: justify;\">Obchody Dnia Polskiego Pa\u0144stwa Podziemnego w M\u0142awie \u0142\u0105cz\u0105 elementy upami\u0119tnienia z rzeteln\u0105 edukacj\u0105 historyczn\u0105. To konstrukcja dwuetapowa: poranna cz\u0119\u015b\u0107 \u2014 o\u015brodek pami\u0119ci (msza, wystawa, cmentarz) \u2014 i popo\u0142udniowa \u2014 analiza i wiedza (sesja popularno-naukowa). Panele po\u015bwi\u0119cone lokalnym aspektom konspiracji (M\u0142awski Obw\u00f3d AK, tajne nauczanie) maj\u0105 znaczenie podw\u00f3jne: dokumentuj\u0105 fakty i mobilizuj\u0105 spo\u0142eczno\u015b\u0107 do kontynuowania pami\u0119ci przez konkretne inicjatywy szkolne i kulturalne.<\/p>\n<p style=\"text-align: justify;\"><strong>Kto zaprasza \u2014 partnerzy lokalnej pami\u0119ci<\/strong><\/p>\n<p style=\"text-align: justify;\">W organizacj\u0119 zaanga\u017cowane s\u0105: Powiat M\u0142awski, Parafia \u015bw. Jana Kantego, 5 Mazowiecka Brygada Obrony Terytorialnej im. ppor. M. Dziemieszkiewicza \u201eR\u00f3j\u201d, Pa\u0144stwowa Akademia Nauk Stosowanych w Ciechanowie, Towarzystwo Przyjaci\u00f3\u0142 Ziemi M\u0142awskiej, Muzeum Ziemi Zawkrze\u0144skiej, Muzeum Historii Polskiego Ruchu Ludowego, Archiwum Pa\u0144stwowe w Warszawie (oddzia\u0142 w M\u0142awie), Klub Strzelectwa Sportowego \u201eKaliber\u201d oraz Stowarzyszenie \u201eWsp\u00f3lnota Mariacka\u201d.<\/p>\n<p style=\"text-align: justify;\"><strong>Zako\u0144czenie<\/strong><\/p>\n<p style=\"text-align: justify;\">To wydarzenie nie jest jedynie dla pasjonat\u00f3w historii. To dzie\u0144, w kt\u00f3rym szko\u0142y, rodziny i seniorzy spotykaj\u0105 si\u0119, by przeku\u0107 pami\u0119\u0107 w konkretne dzia\u0142ania: projekty edukacyjne, szkolne wystawy i lokalne inicjatywy upi\u0119kszaj\u0105ce przestrze\u0144 publiczn\u0105. Przyjd\u017a \u2014 zobacz wystaw\u0119, we\u017a udzia\u0142 w mszy, pos\u0142uchaj wyk\u0142ad\u00f3w i sta\u0144 si\u0119 stra\u017cnikiem lokalnej pami\u0119ci.<\/p>\n<p style=\"text-align: justify;\">T.B<\/p>\n<p style=\"text-align: justify;\">KOMENTARZE<\/p>\n<p style=\"text-align: justify;\">Wydawca portalu nie ponosi odpowiedzialno\u015bci za tre\u015b\u0107 komentarzy zamieszczanych przez u\u017cytkownik\u00f3w. Osoby zamieszczaj\u0105ce wypowiedzi naruszaj\u0105ce prawo lub prawem chronione dobra os\u00f3b trzecich mog\u0105 ponie\u015b\u0107 z tego tytu\u0142u odpowiedzialno\u015b\u0107 karn\u0105 lub cywiln\u0105.JEDNOCZE\u015aNIE UZYTKOWNICY ZAMIESZCZAJ\u0104C KOMENTARZ OSWIADCZAJ\u0104, \u017bE BIOR\u0104 PE\u0141N\u0104 ODPOWIEDZIALNO\u015a\u0106 ZA TRE\u015aCI UMIESZCZONE PRZEZ SIEBIE<\/p>\n<p style=\"text-align: justify;\">\n<div style=\"padding-bottom:20px; padding-top:10px;\" class=\"hupso-share-buttons\"><!-- Hupso Share Buttons - https:\/\/www.hupso.com\/share\/ --><a class=\"hupso_pop\" href=\"https:\/\/www.hupso.com\/share\/\"><img decoding=\"async\" data-src=\"http:\/\/static.hupso.com\/share\/buttons\/button100x23.png\" style=\"border:0px; width:100; height: 23; \" alt=\"Share Button\" src=\"data:image\/svg+xml;base64,PHN2ZyB3aWR0aD0iMSIgaGVpZ2h0PSIxIiB4bWxucz0iaHR0cDovL3d3dy53My5vcmcvMjAwMC9zdmciPjwvc3ZnPg==\" class=\"lazyload\" \/><\/a><script type=\"text\/javascript\">var hupso_services=new Array(\"Twitter\",\"Facebook\",\"Pinterest\",\"Linkedin\",\"Tumblr\",\"StumbleUpon\",\"Digg\",\"Reddit\",\"Bebo\",\"Delicious\",\"QZone\",\"Renren\",\"Email\");var hupso_icon_type = \"labels\";var hupso_background=\"#3BF8FF\";var hupso_border=\"#FF2B0A\";var hupso_image_folder_url = \"\";var hupso_url=\"\";var hupso_title=\"Dzie%C5%84%20Polskiego%20Pa%C5%84stwa%20Podziemnego%20%E2%80%94%20pami%C4%99%C4%87%2C%20wiedza%20i%20lokalna%20wsp%C3%B3lnota\";<\/script><script type=\"text\/javascript\" src=\"http:\/\/static.hupso.com\/share\/js\/share.js\"><\/script><!-- Hupso Share Buttons --><\/div>","protected":false},"excerpt":{"rendered":"<p>3 s\u0142owa, kt\u00f3re definiuj\u0105 pi\u0105tek 26 wrze\u015bnia w M\u0142awie: pami\u0119\u0107, edukacja, dzia\u0142anie. Tego dnia ulice i instytucje miasta stan\u0105 si\u0119 przestrzeni\u0105, gdzie historia spotka si\u0119 z tera\u017aniejszo\u015bci\u0105 \u2014 nie jako&hellip; <\/p>\n<div style=\"padding-bottom:20px; padding-top:10px;\" class=\"hupso-share-buttons\"><!-- Hupso Share Buttons - https:\/\/www.hupso.com\/share\/ --><a class=\"hupso_pop\" href=\"https:\/\/www.hupso.com\/share\/\"><img data-src=\"http:\/\/static.hupso.com\/share\/buttons\/button100x23.png\" style=\"border:0px; width:100; height: 23; \" alt=\"Share Button\" src=\"data:image\/svg+xml;base64,PHN2ZyB3aWR0aD0iMSIgaGVpZ2h0PSIxIiB4bWxucz0iaHR0cDovL3d3dy53My5vcmcvMjAwMC9zdmciPjwvc3ZnPg==\" class=\"lazyload\" \/><\/a><script type=\"text\/javascript\">var hupso_services=new Array(\"Twitter\",\"Facebook\",\"Pinterest\",\"Linkedin\",\"Tumblr\",\"StumbleUpon\",\"Digg\",\"Reddit\",\"Bebo\",\"Delicious\",\"QZone\",\"Renren\",\"Email\");var hupso_icon_type = \"labels\";var hupso_background=\"#3BF8FF\";var hupso_border=\"#FF2B0A\";var hupso_image_folder_url = \"\";var hupso_url=\"\";var hupso_title=\"Dzie%C5%84%20Polskiego%20Pa%C5%84stwa%20Podziemnego%20%E2%80%94%20pami%C4%99%C4%87%2C%20wiedza%20i%20lokalna%20wsp%C3%B3lnota\";<\/script><script type=\"text\/javascript\" src=\"http:\/\/static.hupso.com\/share\/js\/share.js\"><\/script><!-- Hupso Share Buttons --><\/div>","protected":false},"author":1,"featured_media":10528,"comment_status":"open","ping_status":"open","sticky":false,"template":"","format":"standard","meta":{"_acf_changed":false,"wprm-recipe-roundup-name":"","wprm-recipe-roundup-description":"","footnotes":""},"categories":[19,3,28,696,6],"tags":[],"class_list":["post-10526","post","type-post","status-publish","format-standard","has-post-thumbnail","hentry","category-aktualnosci","category-kultura","category-wyd","category-zaproszenia","category-zapro-szenia"],"acf":[],"amp_enabled":true,"_links":{"self":[{"href":"http:\/\/portalm\u0142awa.pl\/index.php?rest_route=\/wp\/v2\/posts\/10526","targetHints":{"allow":["GET"]}}],"collection":[{"href":"http:\/\/portalm\u0142awa.pl\/index.php?rest_route=\/wp\/v2\/posts"}],"about":[{"href":"http:\/\/portalm\u0142awa.pl\/index.php?rest_route=\/wp\/v2\/types\/post"}],"author":[{"embeddable":true,"href":"http:\/\/portalm\u0142awa.pl\/index.php?rest_route=\/wp\/v2\/users\/1"}],"replies":[{"embeddable":true,"href":"http:\/\/portalm\u0142awa.pl\/index.php?rest_route=%2Fwp%2Fv2%2Fcomments&post=10526"}],"version-history":[{"count":1,"href":"http:\/\/portalm\u0142awa.pl\/index.php?rest_route=\/wp\/v2\/posts\/10526\/revisions"}],"predecessor-version":[{"id":10527,"href":"http:\/\/portalm\u0142awa.pl\/index.php?rest_route=\/wp\/v2\/posts\/10526\/revisions\/10527"}],"wp:featuredmedia":[{"embeddable":true,"href":"http:\/\/portalm\u0142awa.pl\/index.php?rest_route=\/wp\/v2\/media\/10528"}],"wp:attachment":[{"href":"http:\/\/portalm\u0142awa.pl\/index.php?rest_route=%2Fwp%2Fv2%2Fmedia&parent=10526"}],"wp:term":[{"taxonomy":"category","embeddable":true,"href":"http:\/\/portalm\u0142awa.pl\/index.php?rest_route=%2Fwp%2Fv2%2Fcategories&post=10526"},{"taxonomy":"post_tag","embeddable":true,"href":"http:\/\/portalm\u0142awa.pl\/index.php?rest_route=%2Fwp%2Fv2%2Ftags&post=10526"}],"curies":[{"name":"wp","href":"https:\/\/api.w.org\/{rel}","templated":true}]}}