{"id":1055,"date":"2015-09-27T19:01:47","date_gmt":"2015-09-27T17:01:47","guid":{"rendered":"http:\/\/proba.xn--portalmawa-g0b.pl\/?p=1055"},"modified":"2020-05-08T19:05:41","modified_gmt":"2020-05-08T17:05:41","slug":"mlawa-chca-polaczyc-ul-gorna-z-aleja-marszalkowska","status":"publish","type":"post","link":"http:\/\/portalm\u0142awa.pl\/?p=1055","title":{"rendered":"M\u0141AWA Chc\u0105 po\u0142\u0105czy\u0107 ul. G\u00f3rn\u0105 z Alej\u0105 Marsza\u0142kowsk\u0105"},"content":{"rendered":"<p style=\"text-align: justify;\"><strong><img decoding=\"async\" class=\"wp-image-816 alignleft lazyload\" data-src=\"http:\/\/proba.xn--portalmawa-g0b.pl\/wp-content\/uploads\/2020\/05\/droga5-300x225.jpg\" alt=\"\" width=\"248\" height=\"186\" data-srcset=\"http:\/\/portalm\u0142awa.pl\/wp-content\/uploads\/2020\/05\/droga5-300x225.jpg 300w, http:\/\/portalm\u0142awa.pl\/wp-content\/uploads\/2020\/05\/droga5.jpg 640w\" data-sizes=\"(max-width: 248px) 100vw, 248px\" src=\"data:image\/svg+xml;base64,PHN2ZyB3aWR0aD0iMSIgaGVpZ2h0PSIxIiB4bWxucz0iaHR0cDovL3d3dy53My5vcmcvMjAwMC9zdmciPjwvc3ZnPg==\" style=\"--smush-placeholder-width: 248px; --smush-placeholder-aspect-ratio: 248\/186;\" \/>We wtorek 29 wrze\u015bnia na sesji Rady Miasta odb\u0119dzie si\u0119 g\u0142osowanie nad uchwa\u0142\u0105 intencyjn\u0105, kt\u00f3rej celem jest umo\u017cliwienie ratuszowi pozyskania \u015brodk\u00f3w na budow\u0119 odcinka \u0142\u0105cz\u0105cego ulic\u0119 G\u00f3rn\u0105 z Alej\u0105 Marsza\u0142kowsk\u0105. Przewidywany koszt inwestycji to 5 mln z\u0142.<\/strong><\/p>\n<p style=\"text-align: justify;\">Na ostatnich komisjach budownictwa i bud\u017cetu radni dyskutowali nad uchwa\u0142\u0105, kt\u00f3ra pozwoli Miastu pozyska\u0107 \u015brodki na po\u0142\u0105czenie ulicy G\u00f3rnej z Alej\u0105 Marsza\u0142kowsk\u0105.<\/p>\n<p style=\"text-align: justify;\">&#8211; Proponujemy Pa\u0144stwu znany ju\u017c projekt, czyli przebudow\u0119 i budow\u0119 ulicy G\u00f3rnej w M\u0142awie. Uchwa\u0142a m\u00f3wi o tym, \u017ce proponujemy wykonanie inwestycji na 2016 rok. Szacunkowa warto\u015b\u0107 prac tj. 5 mln z\u0142 i szacunkowa warto\u015b\u0107 nak\u0142ad\u00f3w z bud\u017cetu miasta 2,5 mln i przewidywane dofinansowanie \u015brodkami programu przebudowy rozwoju gminy i powiatowej infrastruktury drogowej 2,5 mln z\u0142 Zasady s\u0105 takie, \u017ce tam jest 50 na 50 %. &#8211; informuje Krzysztof Jaros naczelnik wydzia\u0142u inwestycji<\/p>\n<p style=\"text-align: justify;\">Wed\u0142ug za\u0142o\u017ce\u0144 i plan\u00f3w inwestycja ulica G\u00f3rna przebudowywana by by\u0142a od ulicy Napoleo\u0144skiej do Marsza\u0142kowskiej.<\/p>\n<p style=\"text-align: justify;\">&#8211; Nowy odcinek si\u0119gnie od Napoleo\u0144skiej do Doktoralnej Dobrskiej. Planujemy tam zmieni\u0107 geometri\u0119 jezdni. Asfalt jest tam stary i sp\u0119kany, wi\u0119c nie ma co \u017ca\u0142owa\u0107. Dojdzie tam troch\u0119 urz\u0105dze\u0144 do odwodnienia. Kanalizacja sanitarna, deszczowa. Zbudujemy te\u017c \u015bcie\u017ck\u0119 rowerow\u0105 i chodnik po jednej stronie. B\u0119dzie trzeba zw\u0119zi\u0107 jednak szeroko\u015b\u0107 jezdni w niekt\u00f3rych miejscach do 5,50 m. Zrobimy nowe wjazdy i kraw\u0119\u017cniki i po\u0142\u0105czymy z chodnikami i \u015bcie\u017ckami rowerowymi z t\u0105 szerok\u0105 arteri\u0105, kt\u00f3ra b\u0119dzie od ulicy Doktoralnej Dobrskiej do Alei Marszakowskiej. Powstan\u0105 \u0142adne trawniki, estetyczne o\u015bwietlenie.- wyja\u015bnia naczelnik<\/p>\n<p style=\"text-align: justify;\">Wykonane te\u017c zostan\u0105 wodoci\u0105gi pod przysz\u0142e zabudowania, kt\u00f3re tam mog\u0105 powsta\u0107. Bowiem cz\u0119\u015b\u0107 planowanego zadania wykonana b\u0119dzie, w miejscu gdzie jeszcze s\u0105 tylko pola. A wszystko ma to by\u0107 zrobione w podobnych standardach, jak ulica Kopernika. Ca\u0142y odcinek zaplanowanych prac to 775 metr\u00f3w i uko\u0144czenie jego budowy przewidziany jest na 2016 rok.<\/p>\n<p style=\"text-align: justify;\"><span style=\"color: #ff0000;\"><strong>KOMENTARZE<\/strong><\/span><\/p>\n<p style=\"text-align: justify;\"><em>Wydawca portalu nie ponosi odpowiedzialno\u015bci za tre\u015b\u0107 komentarzy zamieszczanych przez u\u017cytkownik\u00f3w. Osoby zamieszczaj\u0105ce wypowiedzi naruszaj\u0105ce prawo lub prawem chronione dobra os\u00f3b trzecich mog\u0105 ponie\u015b\u0107 z tego tytu\u0142u odpowiedzialno\u015b\u0107 karn\u0105 lub cywiln\u0105.<\/em><span style=\"color: #ff0000;\"><strong><em>JEDNOCZE\u015aNIE U\u017bYTKOWNICY ZAMIESZCZAJ\u0104C KOMENTARZ O\u015aWIADCZAJ\u0104, \u017bE BIOR\u0104 PE\u0141N\u0104 ODPOWIEDZIALNO\u015a\u0106 ZA TRE\u015aCI UMIESZCZONE PRZEZ SIEBIE<\/em><\/strong><\/span><\/p>\n<div style=\"padding-bottom:20px; padding-top:10px;\" class=\"hupso-share-buttons\"><!-- Hupso Share Buttons - https:\/\/www.hupso.com\/share\/ --><a class=\"hupso_pop\" href=\"https:\/\/www.hupso.com\/share\/\"><img decoding=\"async\" data-src=\"http:\/\/static.hupso.com\/share\/buttons\/button100x23.png\" style=\"border:0px; width:100; height: 23; \" alt=\"Share Button\" src=\"data:image\/svg+xml;base64,PHN2ZyB3aWR0aD0iMSIgaGVpZ2h0PSIxIiB4bWxucz0iaHR0cDovL3d3dy53My5vcmcvMjAwMC9zdmciPjwvc3ZnPg==\" class=\"lazyload\" \/><\/a><script type=\"text\/javascript\">var hupso_services=new Array(\"Twitter\",\"Facebook\",\"Pinterest\",\"Linkedin\",\"Tumblr\",\"StumbleUpon\",\"Digg\",\"Reddit\",\"Bebo\",\"Delicious\",\"QZone\",\"Renren\",\"Email\");var hupso_icon_type = \"labels\";var hupso_background=\"#3BF8FF\";var hupso_border=\"#FF2B0A\";var hupso_image_folder_url = \"\";var hupso_url=\"\";var hupso_title=\"M%C5%81AWA%20Chc%C4%85%20po%C5%82%C4%85czy%C4%87%20ul.%20G%C3%B3rn%C4%85%20z%20Alej%C4%85%20Marsza%C5%82kowsk%C4%85\";<\/script><script type=\"text\/javascript\" src=\"http:\/\/static.hupso.com\/share\/js\/share.js\"><\/script><!-- Hupso Share Buttons --><\/div>","protected":false},"excerpt":{"rendered":"<p>We wtorek 29 wrze\u015bnia na sesji Rady Miasta odb\u0119dzie si\u0119 g\u0142osowanie nad uchwa\u0142\u0105 intencyjn\u0105, kt\u00f3rej celem jest umo\u017cliwienie ratuszowi pozyskania \u015brodk\u00f3w na budow\u0119 odcinka \u0142\u0105cz\u0105cego ulic\u0119 G\u00f3rn\u0105 z Alej\u0105 Marsza\u0142kowsk\u0105.&hellip; <\/p>\n<div style=\"padding-bottom:20px; padding-top:10px;\" class=\"hupso-share-buttons\"><!-- Hupso Share Buttons - https:\/\/www.hupso.com\/share\/ --><a class=\"hupso_pop\" href=\"https:\/\/www.hupso.com\/share\/\"><img data-src=\"http:\/\/static.hupso.com\/share\/buttons\/button100x23.png\" style=\"border:0px; width:100; height: 23; \" alt=\"Share Button\" src=\"data:image\/svg+xml;base64,PHN2ZyB3aWR0aD0iMSIgaGVpZ2h0PSIxIiB4bWxucz0iaHR0cDovL3d3dy53My5vcmcvMjAwMC9zdmciPjwvc3ZnPg==\" class=\"lazyload\" \/><\/a><script type=\"text\/javascript\">var hupso_services=new Array(\"Twitter\",\"Facebook\",\"Pinterest\",\"Linkedin\",\"Tumblr\",\"StumbleUpon\",\"Digg\",\"Reddit\",\"Bebo\",\"Delicious\",\"QZone\",\"Renren\",\"Email\");var hupso_icon_type = \"labels\";var hupso_background=\"#3BF8FF\";var hupso_border=\"#FF2B0A\";var hupso_image_folder_url = \"\";var hupso_url=\"\";var hupso_title=\"M%C5%81AWA%20Chc%C4%85%20po%C5%82%C4%85czy%C4%87%20ul.%20G%C3%B3rn%C4%85%20z%20Alej%C4%85%20Marsza%C5%82kowsk%C4%85\";<\/script><script type=\"text\/javascript\" src=\"http:\/\/static.hupso.com\/share\/js\/share.js\"><\/script><!-- Hupso Share Buttons --><\/div>","protected":false},"author":1,"featured_media":816,"comment_status":"open","ping_status":"open","sticky":false,"template":"","format":"standard","meta":{"_acf_changed":false,"wprm-recipe-roundup-name":"","wprm-recipe-roundup-description":"","footnotes":""},"categories":[19,28],"tags":[43,42,44,23],"class_list":["post-1055","post","type-post","status-publish","format-standard","has-post-thumbnail","hentry","category-aktualnosci","category-wyd","tag-dofinansowanie","tag-drogi","tag-inwestycje","tag-mlawa"],"acf":[],"amp_enabled":true,"_links":{"self":[{"href":"http:\/\/portalm\u0142awa.pl\/index.php?rest_route=\/wp\/v2\/posts\/1055","targetHints":{"allow":["GET"]}}],"collection":[{"href":"http:\/\/portalm\u0142awa.pl\/index.php?rest_route=\/wp\/v2\/posts"}],"about":[{"href":"http:\/\/portalm\u0142awa.pl\/index.php?rest_route=\/wp\/v2\/types\/post"}],"author":[{"embeddable":true,"href":"http:\/\/portalm\u0142awa.pl\/index.php?rest_route=\/wp\/v2\/users\/1"}],"replies":[{"embeddable":true,"href":"http:\/\/portalm\u0142awa.pl\/index.php?rest_route=%2Fwp%2Fv2%2Fcomments&post=1055"}],"version-history":[{"count":1,"href":"http:\/\/portalm\u0142awa.pl\/index.php?rest_route=\/wp\/v2\/posts\/1055\/revisions"}],"predecessor-version":[{"id":1056,"href":"http:\/\/portalm\u0142awa.pl\/index.php?rest_route=\/wp\/v2\/posts\/1055\/revisions\/1056"}],"wp:featuredmedia":[{"embeddable":true,"href":"http:\/\/portalm\u0142awa.pl\/index.php?rest_route=\/wp\/v2\/media\/816"}],"wp:attachment":[{"href":"http:\/\/portalm\u0142awa.pl\/index.php?rest_route=%2Fwp%2Fv2%2Fmedia&parent=1055"}],"wp:term":[{"taxonomy":"category","embeddable":true,"href":"http:\/\/portalm\u0142awa.pl\/index.php?rest_route=%2Fwp%2Fv2%2Fcategories&post=1055"},{"taxonomy":"post_tag","embeddable":true,"href":"http:\/\/portalm\u0142awa.pl\/index.php?rest_route=%2Fwp%2Fv2%2Ftags&post=1055"}],"curies":[{"name":"wp","href":"https:\/\/api.w.org\/{rel}","templated":true}]}}