{"id":10760,"date":"2025-10-01T20:32:31","date_gmt":"2025-10-01T18:32:31","guid":{"rendered":"http:\/\/portalm\u0142awa.pl\/?p=10760"},"modified":"2025-10-01T20:46:53","modified_gmt":"2025-10-01T18:46:53","slug":"trzy-jubileusze-jedna-szkola-sp-nr-1-w-mlawie-zaprasza-na-swieto-pamieci-i-przyszlosci","status":"publish","type":"post","link":"http:\/\/portalm\u0142awa.pl\/?p=10760","title":{"rendered":"Trzy jubileusze, jedna szko\u0142a \u2014 SP nr 1 w M\u0142awie zaprasza na \u015bwi\u0119to pami\u0119ci i przysz\u0142o\u015bci"},"content":{"rendered":"<p style=\"text-align: justify;\">M\u0141AWA. Pod koronami drzew stoj\u0105cych przed starym budynkiem przywo\u0142uj\u0105cym powojenne pocz\u0105tki edukacji lokalnej, Szko\u0142a Podstawowa nr 1 im. Hugona Ko\u0142\u0142\u0105taja przygotowuje si\u0119 do wyj\u0105tkowego dnia. W 2025 roku plac\u00f3wka \u0142\u0105czy trzy rocznice: 80 lat pracy na rzecz dzieci i rodzin M\u0142awy, 40 lat od nadania jej imienia oraz 20 lat od utworzenia zespo\u0142u plac\u00f3wek o\u015bwiatowych. To nie tylko liczby \u2014 to historie kolejnych pokole\u0144, wychowawc\u00f3w i absolwent\u00f3w, kt\u00f3re przez osiem dekad zapisa\u0142y si\u0119 w miejskiej pami\u0119ci.<\/p>\n<p style=\"text-align: justify;\"><strong>Program\u00a0<\/strong><\/p>\n<p style=\"text-align: justify;\">Program jubileuszu, jaki og\u0142asza szko\u0142a, jest kr\u00f3tki, ale symboliczny: 3 pa\u017adziernika uroczysto\u015bci rozpoczn\u0105 si\u0119 msz\u0105 \u015bw. w ko\u015bciele \u015bw. Tr\u00f3jcy o godz. 9:30 jako akt wdzi\u0119czno\u015bci i wsp\u00f3lnoty, a nast\u0119pnie gala jubileuszowa w szkolnej auli o godz. 11:30 \u2014 czas wspomnie\u0144, podzi\u0119kowa\u0144 i uhonorowania tych, kt\u00f3rzy przez lata tworzyli szkoln\u0105 spo\u0142eczno\u015b\u0107. Organizatorzy zapraszaj\u0105 \u201edo wsp\u00f3lnego \u015bwi\u0119towania\u201d, zach\u0119caj\u0105c mieszka\u0144c\u00f3w, nauczycieli i absolwent\u00f3w do powrotu tam, gdzie zacz\u0119\u0142y si\u0119 ich pierwsze kroki z o\u0142\u00f3wkiem i zeszytem.<\/p>\n<p style=\"text-align: justify;\"><strong>Patron<\/strong><\/p>\n<p style=\"text-align: justify;\">Patron szko\u0142y, Hugo Ko\u0142\u0142\u0105taj, symbolizuje edukacyjny wymiar tego jubileuszu \u2014 reformator i my\u015bliciel, kt\u00f3rego nazwisko ma przypomina\u0107 o roli szko\u0142y nie tylko jako instytucji nauczaj\u0105cej, lecz jako miejsca kszta\u0142towania obywatelskich postaw. Dla M\u0142awy to okazja, by spojrze\u0107 wstecz \u2014 na lata powojennego budowania, na zmiany system\u00f3w edukacyjnych i architektur\u0119 wspomnie\u0144 \u2014 i jednocze\u015bnie zastanowi\u0107 si\u0119 nad przysz\u0142o\u015bci\u0105 lokalnej szko\u0142y: inwestycjami, programami wychowawczymi i rol\u0105 szko\u0142y w spo\u0142eczno\u015bci.<\/p>\n<p style=\"text-align: justify;\"><strong>Zaproszenie dla mieszka\u0144c\u00f3w<\/strong><\/p>\n<p style=\"text-align: justify;\">\u00a0Je\u015bli czujesz, \u017ce cz\u0119\u015b\u0107 Twojego \u017cycia zwi\u0105zana jest z t\u0105 szko\u0142\u0105 \u2014 we\u017a aparat, poszukaj starych zdj\u0119\u0107 i wr\u00f3\u0107 na gal\u0119. To nie tylko \u015bwi\u0119to mur\u00f3w: to spotkanie pokole\u0144, kt\u00f3re budowa\u0142y lokaln\u0105 to\u017csamo\u015b\u0107.<\/p>\n<p style=\"text-align: justify;\">KOMENTARZE<\/p>\n<p style=\"text-align: justify;\">Wydawca portalu nie ponosi odpowiedzialno\u015bci za tre\u015b\u0107 komentarzy zamieszczanych przez u\u017cytkownik\u00f3w. Osoby zamieszczaj\u0105ce wypowiedzi naruszaj\u0105ce prawo lub prawem chronione dobra os\u00f3b trzecich mog\u0105 ponie\u015b\u0107 z tego tytu\u0142u odpowiedzialno\u015b\u0107 karn\u0105 lub cywiln\u0105.JEDNOCZE\u015aNIE UZYTKOWNICY ZAMIESZCZAJ\u0104C KOMENTARZ OSWIADCZAJ\u0104, \u017bE BIOR\u0104 PE\u0141N\u0104 ODPOWIEDZIALNO\u015a\u0106 ZA TRE\u015aCI UMIESZCZONE PRZEZ SIEBIE<\/p>\n<div style=\"padding-bottom:20px; padding-top:10px;\" class=\"hupso-share-buttons\"><!-- Hupso Share Buttons - https:\/\/www.hupso.com\/share\/ --><a class=\"hupso_pop\" href=\"https:\/\/www.hupso.com\/share\/\"><img decoding=\"async\" data-src=\"http:\/\/static.hupso.com\/share\/buttons\/button100x23.png\" style=\"border:0px; width:100; height: 23; \" alt=\"Share Button\" src=\"data:image\/svg+xml;base64,PHN2ZyB3aWR0aD0iMSIgaGVpZ2h0PSIxIiB4bWxucz0iaHR0cDovL3d3dy53My5vcmcvMjAwMC9zdmciPjwvc3ZnPg==\" class=\"lazyload\" \/><\/a><script type=\"text\/javascript\">var hupso_services=new Array(\"Twitter\",\"Facebook\",\"Pinterest\",\"Linkedin\",\"Tumblr\",\"StumbleUpon\",\"Digg\",\"Reddit\",\"Bebo\",\"Delicious\",\"QZone\",\"Renren\",\"Email\");var hupso_icon_type = \"labels\";var hupso_background=\"#3BF8FF\";var hupso_border=\"#FF2B0A\";var hupso_image_folder_url = \"\";var hupso_url=\"\";var hupso_title=\"Trzy%20jubileusze%2C%20jedna%20szko%C5%82a%20%E2%80%94%20SP%20nr%201%20w%20M%C5%82awie%20zaprasza%20na%20%C5%9Bwi%C4%99to%20pami%C4%99ci%20i%20przysz%C5%82o%C5%9Bci\";<\/script><script type=\"text\/javascript\" src=\"http:\/\/static.hupso.com\/share\/js\/share.js\"><\/script><!-- Hupso Share Buttons --><\/div>","protected":false},"excerpt":{"rendered":"<p>M\u0141AWA. Pod koronami drzew stoj\u0105cych przed starym budynkiem przywo\u0142uj\u0105cym powojenne pocz\u0105tki edukacji lokalnej, Szko\u0142a Podstawowa nr 1 im. Hugona Ko\u0142\u0142\u0105taja przygotowuje si\u0119 do wyj\u0105tkowego dnia. W 2025 roku plac\u00f3wka \u0142\u0105czy&hellip; <\/p>\n<div style=\"padding-bottom:20px; padding-top:10px;\" class=\"hupso-share-buttons\"><!-- Hupso Share Buttons - https:\/\/www.hupso.com\/share\/ --><a class=\"hupso_pop\" href=\"https:\/\/www.hupso.com\/share\/\"><img data-src=\"http:\/\/static.hupso.com\/share\/buttons\/button100x23.png\" style=\"border:0px; width:100; height: 23; \" alt=\"Share Button\" src=\"data:image\/svg+xml;base64,PHN2ZyB3aWR0aD0iMSIgaGVpZ2h0PSIxIiB4bWxucz0iaHR0cDovL3d3dy53My5vcmcvMjAwMC9zdmciPjwvc3ZnPg==\" class=\"lazyload\" \/><\/a><script type=\"text\/javascript\">var hupso_services=new Array(\"Twitter\",\"Facebook\",\"Pinterest\",\"Linkedin\",\"Tumblr\",\"StumbleUpon\",\"Digg\",\"Reddit\",\"Bebo\",\"Delicious\",\"QZone\",\"Renren\",\"Email\");var hupso_icon_type = \"labels\";var hupso_background=\"#3BF8FF\";var hupso_border=\"#FF2B0A\";var hupso_image_folder_url = \"\";var hupso_url=\"\";var hupso_title=\"Trzy%20jubileusze%2C%20jedna%20szko%C5%82a%20%E2%80%94%20SP%20nr%201%20w%20M%C5%82awie%20zaprasza%20na%20%C5%9Bwi%C4%99to%20pami%C4%99ci%20i%20przysz%C5%82o%C5%9Bci\";<\/script><script type=\"text\/javascript\" src=\"http:\/\/static.hupso.com\/share\/js\/share.js\"><\/script><!-- Hupso Share Buttons --><\/div>","protected":false},"author":1,"featured_media":10761,"comment_status":"open","ping_status":"open","sticky":false,"template":"","format":"standard","meta":{"_acf_changed":false,"wprm-recipe-roundup-name":"","wprm-recipe-roundup-description":"","footnotes":""},"categories":[19,3,28,696,6],"tags":[],"class_list":["post-10760","post","type-post","status-publish","format-standard","has-post-thumbnail","hentry","category-aktualnosci","category-kultura","category-wyd","category-zaproszenia","category-zapro-szenia"],"acf":[],"amp_enabled":true,"_links":{"self":[{"href":"http:\/\/portalm\u0142awa.pl\/index.php?rest_route=\/wp\/v2\/posts\/10760","targetHints":{"allow":["GET"]}}],"collection":[{"href":"http:\/\/portalm\u0142awa.pl\/index.php?rest_route=\/wp\/v2\/posts"}],"about":[{"href":"http:\/\/portalm\u0142awa.pl\/index.php?rest_route=\/wp\/v2\/types\/post"}],"author":[{"embeddable":true,"href":"http:\/\/portalm\u0142awa.pl\/index.php?rest_route=\/wp\/v2\/users\/1"}],"replies":[{"embeddable":true,"href":"http:\/\/portalm\u0142awa.pl\/index.php?rest_route=%2Fwp%2Fv2%2Fcomments&post=10760"}],"version-history":[{"count":3,"href":"http:\/\/portalm\u0142awa.pl\/index.php?rest_route=\/wp\/v2\/posts\/10760\/revisions"}],"predecessor-version":[{"id":10764,"href":"http:\/\/portalm\u0142awa.pl\/index.php?rest_route=\/wp\/v2\/posts\/10760\/revisions\/10764"}],"wp:featuredmedia":[{"embeddable":true,"href":"http:\/\/portalm\u0142awa.pl\/index.php?rest_route=\/wp\/v2\/media\/10761"}],"wp:attachment":[{"href":"http:\/\/portalm\u0142awa.pl\/index.php?rest_route=%2Fwp%2Fv2%2Fmedia&parent=10760"}],"wp:term":[{"taxonomy":"category","embeddable":true,"href":"http:\/\/portalm\u0142awa.pl\/index.php?rest_route=%2Fwp%2Fv2%2Fcategories&post=10760"},{"taxonomy":"post_tag","embeddable":true,"href":"http:\/\/portalm\u0142awa.pl\/index.php?rest_route=%2Fwp%2Fv2%2Ftags&post=10760"}],"curies":[{"name":"wp","href":"https:\/\/api.w.org\/{rel}","templated":true}]}}