{"id":1085,"date":"2015-06-25T08:51:17","date_gmt":"2015-06-25T06:51:17","guid":{"rendered":"http:\/\/proba.xn--portalmawa-g0b.pl\/?p=1085"},"modified":"2020-05-09T09:12:31","modified_gmt":"2020-05-09T07:12:31","slug":"mlawa-wylonili-dyrektorow-bursy-i-garow","status":"publish","type":"post","link":"http:\/\/portalm\u0142awa.pl\/?p=1085","title":{"rendered":"M\u0141AWA Wy\u0142onili dyrektor\u00f3w Bursy i &#8220;Gar\u00f3w&#8221;."},"content":{"rendered":"<p style=\"text-align: justify;\"><strong><img decoding=\"async\" class=\"wp-image-1086 alignleft lazyload\" data-src=\"http:\/\/proba.xn--portalmawa-g0b.pl\/wp-content\/uploads\/2020\/05\/wtulich-300x225.jpg\" alt=\"\" width=\"175\" height=\"131\" data-srcset=\"http:\/\/portalm\u0142awa.pl\/wp-content\/uploads\/2020\/05\/wtulich-300x225.jpg 300w, http:\/\/portalm\u0142awa.pl\/wp-content\/uploads\/2020\/05\/wtulich-1024x768.jpg 1024w, http:\/\/portalm\u0142awa.pl\/wp-content\/uploads\/2020\/05\/wtulich-768x576.jpg 768w, http:\/\/portalm\u0142awa.pl\/wp-content\/uploads\/2020\/05\/wtulich-1536x1152.jpg 1536w, http:\/\/portalm\u0142awa.pl\/wp-content\/uploads\/2020\/05\/wtulich-2048x1536.jpg 2048w\" data-sizes=\"(max-width: 175px) 100vw, 175px\" src=\"data:image\/svg+xml;base64,PHN2ZyB3aWR0aD0iMSIgaGVpZ2h0PSIxIiB4bWxucz0iaHR0cDovL3d3dy53My5vcmcvMjAwMC9zdmciPjwvc3ZnPg==\" style=\"--smush-placeholder-width: 175px; --smush-placeholder-aspect-ratio: 175\/131;\" \/>W Zespole Szk\u00f3\u0142 nr 2 bez zmian dyrektorem zosta\u0142a dotychczasowa szefowa Bo\u017cena Tomkiel, a w Bursie Ewa Wojtala wcze\u015bniejszy nauczyciel tej plac\u00f3wki.<\/strong><\/p>\n<p style=\"text-align: justify;\">Jak poinformowa\u0142 nas Jan Wtulich dyrektor wydzia\u0142u o\u015bwiaty i zdrowia w starostwie powiatowym w M\u0142awie zbyt wielu kandydat\u00f3w ubiegaj\u0105cych si\u0119 o kierowanie tymi jednostkami nie by\u0142o. Do konkursu na dyrektora &#8220;Gar\u00f3w&#8221; zg\u0142osi\u0142a si\u0119 tylko jedna osoba, a mianowicie Bo\u017cena Tomkiel, a Bursy Szkolnej dw\u00f3jka.<\/p>\n<p style=\"text-align: justify;\">&#8211; Komisja konkursowa wszystkich wspomnianych kandydat\u00f3w najpierw ocenia\u0142a pod wzgl\u0119dem formalnym, czyli zgromadzonej dokumentacji. Po ocenie formalnej je\u015bli chodzi o burs\u0119 jeden z kandydat\u00f3w odpad\u0142 &#8211; m\u00f3wi\u0142 Jan Wtulich dyrektor wydzia\u0142u o\u015bwiaty i zdrowia w starostwie powiatowym w M\u0142awie. Zosta\u0142a tylko jedna osoba, czyli Pani Ewa Wojtala. Drugi kandydat nie spe\u0142ni\u0142 jednego z warunk\u00f3w, gdzie w og\u0142oszeniu o konkursie by\u0142o napisane, \u017ce musi mie\u0107 przygotowanie do pracy w danej jednostce organizacyjnej i kwalifikacje opieku\u0144czo-wychowawcze. Nie wystarczy mie\u0107 przygotowanie pedagogiczne. W zwi\u0105zku z tym do oceny merytorycznej je\u015bli chodzi o burs\u0119 zosta\u0142 przedstawiony kandydat tj. Ewa Wojtala. W tej chwili ju\u017c tylko Zarz\u0105d musi wyrazi\u0107 zgod\u0119 na t\u0105 kandydatur\u0119.<\/p>\n<p style=\"text-align: justify;\">Aby wzi\u0105\u0107 udzia\u0142 w konkursie kandydatka ta z\u0142o\u017cy\u0142a obszern\u0105 informacj\u0119 (swoj\u0105 koncepcj\u0119) na temat przysz\u0142o\u015bci bursy szkolnej jej rozwoju i jako\u015bci pracy bursy na okres nadchodz\u0105cych pi\u0119ciu lat. Opr\u00f3cz tego kandydaci w tym konkursie musieli mie\u0107 studia wy\u017csze lub studia podyplomowe w zakresie zarz\u0105dzania lub \u015bwiadectwo uko\u0144czenia kursu kwalifikacyjnego w zakresie zarz\u0105dzania o\u015bwiat\u0105. Poza tym w przypadku nauczyciela staraj\u0105cy si\u0119 o stanowisko powinien mie\u0107 stopie\u0144 nauczyciela mianowanego lub dyplomowanego, oraz o\u015bwiadczenie, \u017ce nie by\u0142 karany kar\u0105 dyscyplinarn\u0105.<\/p>\n<p style=\"text-align: justify;\">W przypadku za\u015b Zespo\u0142u Szk\u00f3\u0142 nr 2 kandydaci musieli posiada\u0107 stopie\u0144 nauczyciela mianowanego lub dyplomowanego i studia magisterskie z przygotowaniem pedagogicznym oraz kwalifikacje do zajmowania stanowiska nauczyciela w szkole. Poza tym studia wy\u017csze lub podyplomowe w zakresie zarz\u0105dzania, b\u0105d\u017a \u015bwiadectwo uko\u0144czenia kursu kwalifikacyjnego w zakresie zarz\u0105dzania o\u015bwiat\u0105. Konieczne te\u017c by\u0142o posiadanie co najmniej 5- letniego sta\u017cu pracy pedagogicznej na stanowisku nauczyciela oraz co najmniej ocen\u0119 dobr\u0105 pracy w okresie ostatnich 5 lat.<\/p>\n<p style=\"text-align: justify;\">&#8211; Do tego konkursu mog\u0142a przyst\u0105pi\u0107 r\u00f3wnie\u017c osoba nie b\u0119d\u0105ca nauczycielem musia\u0142a jednak mie\u0107 co najmniej 5 &#8211; letni sta\u017c pracy, w tym co najmniej dwa lata pracowa\u0107 na stanowisku kierowniczym &#8211; informuje Wtulich. Jednak nie mieli\u015bmy takiej osoby. Jak wspomnia\u0142em zg\u0142osi\u0142a si\u0119 tylko jedna osoba, by\u0142a ni\u0105 dotychczasowa dyrektor ZS nr2 Bo\u017cena Tomkiel, kt\u00f3ra przesz\u0142a r\u00f3wnie\u017c wszystkie etapy i r\u00f3wnie\u017c jej kandydatura trafi\u0142a do Zarz\u0105du do zatwierdzenia.<\/p>\n<p style=\"text-align: justify;\">Jak si\u0119 dowiedzieli\u015bmy protoko\u0142y z posiedze\u0144 komisji ju\u017c zosta\u0142y zatwierdzone przez Zarz\u0105d Starostwa Powiatowego w M\u0142awie, co jak wyja\u015bnia\u0142 nam dyrektor Jan Wtuli jest jednoznaczne z powierzeniem stanowisk wspomnianym kandydatom na kolejnym posiedzeniu Zarz\u0105du. Ma to odby\u0107 si\u0119 w formie uchwa\u0142y.<\/p>\n<p style=\"text-align: justify;\"><span style=\"color: #ff0000;\"><strong>KOMENTARZE<\/strong><\/span><\/p>\n<p style=\"text-align: justify;\"><em>Wydawca portalu nie ponosi odpowiedzialno\u015bci za tre\u015b\u0107 komentarzy zamieszczanych przez u\u017cytkownik\u00f3w. Osoby zamieszczaj\u0105ce wypowiedzi naruszaj\u0105ce prawo lub prawem chronione dobra os\u00f3b trzecich mog\u0105 ponie\u015b\u0107 z tego tytu\u0142u odpowiedzialno\u015b\u0107 karn\u0105 lub cywiln\u0105.<\/em><span style=\"color: #ff0000;\"><strong><em>JEDNOCZE\u015aNIE U\u017bYTKOWNICY ZAMIESZCZAJ\u0104C KOMENTARZ O\u015aWIADCZAJ\u0104, \u017bE BIOR\u0104 PE\u0141N\u0104 ODPOWIEDZIALNO\u015a\u0106 ZA TRE\u015aCI UMIESZCZONE PRZEZ SIEBIE<\/em><\/strong><\/span><\/p>\n<div style=\"padding-bottom:20px; padding-top:10px;\" class=\"hupso-share-buttons\"><!-- Hupso Share Buttons - https:\/\/www.hupso.com\/share\/ --><a class=\"hupso_pop\" href=\"https:\/\/www.hupso.com\/share\/\"><img decoding=\"async\" data-src=\"http:\/\/static.hupso.com\/share\/buttons\/button100x23.png\" style=\"border:0px; width:100; height: 23; \" alt=\"Share Button\" src=\"data:image\/svg+xml;base64,PHN2ZyB3aWR0aD0iMSIgaGVpZ2h0PSIxIiB4bWxucz0iaHR0cDovL3d3dy53My5vcmcvMjAwMC9zdmciPjwvc3ZnPg==\" class=\"lazyload\" \/><\/a><script type=\"text\/javascript\">var hupso_services=new Array(\"Twitter\",\"Facebook\",\"Pinterest\",\"Linkedin\",\"Tumblr\",\"StumbleUpon\",\"Digg\",\"Reddit\",\"Bebo\",\"Delicious\",\"QZone\",\"Renren\",\"Email\");var hupso_icon_type = \"labels\";var hupso_background=\"#3BF8FF\";var hupso_border=\"#FF2B0A\";var hupso_image_folder_url = \"\";var hupso_url=\"\";var hupso_title=\"M%C5%81AWA%20Wy%C5%82onili%20dyrektor%C3%B3w%20Bursy%20i%20%22Gar%C3%B3w%22.\";<\/script><script type=\"text\/javascript\" src=\"http:\/\/static.hupso.com\/share\/js\/share.js\"><\/script><!-- Hupso Share Buttons --><\/div>","protected":false},"excerpt":{"rendered":"<p>W Zespole Szk\u00f3\u0142 nr 2 bez zmian dyrektorem zosta\u0142a dotychczasowa szefowa Bo\u017cena Tomkiel, a w Bursie Ewa Wojtala wcze\u015bniejszy nauczyciel tej plac\u00f3wki. Jak poinformowa\u0142 nas Jan Wtulich dyrektor wydzia\u0142u o\u015bwiaty&hellip; <\/p>\n<div style=\"padding-bottom:20px; padding-top:10px;\" class=\"hupso-share-buttons\"><!-- Hupso Share Buttons - https:\/\/www.hupso.com\/share\/ --><a class=\"hupso_pop\" href=\"https:\/\/www.hupso.com\/share\/\"><img data-src=\"http:\/\/static.hupso.com\/share\/buttons\/button100x23.png\" style=\"border:0px; width:100; height: 23; \" alt=\"Share Button\" src=\"data:image\/svg+xml;base64,PHN2ZyB3aWR0aD0iMSIgaGVpZ2h0PSIxIiB4bWxucz0iaHR0cDovL3d3dy53My5vcmcvMjAwMC9zdmciPjwvc3ZnPg==\" class=\"lazyload\" \/><\/a><script type=\"text\/javascript\">var hupso_services=new Array(\"Twitter\",\"Facebook\",\"Pinterest\",\"Linkedin\",\"Tumblr\",\"StumbleUpon\",\"Digg\",\"Reddit\",\"Bebo\",\"Delicious\",\"QZone\",\"Renren\",\"Email\");var hupso_icon_type = \"labels\";var hupso_background=\"#3BF8FF\";var hupso_border=\"#FF2B0A\";var hupso_image_folder_url = \"\";var hupso_url=\"\";var hupso_title=\"M%C5%81AWA%20Wy%C5%82onili%20dyrektor%C3%B3w%20Bursy%20i%20%22Gar%C3%B3w%22.\";<\/script><script type=\"text\/javascript\" src=\"http:\/\/static.hupso.com\/share\/js\/share.js\"><\/script><!-- Hupso Share Buttons --><\/div>","protected":false},"author":1,"featured_media":1086,"comment_status":"open","ping_status":"open","sticky":false,"template":"","format":"standard","meta":{"_acf_changed":false,"wprm-recipe-roundup-name":"","wprm-recipe-roundup-description":"","footnotes":""},"categories":[19,28],"tags":[57,56,23,54,47,55],"class_list":["post-1085","post","type-post","status-publish","format-standard","has-post-thumbnail","hentry","category-aktualnosci","category-wyd","tag-dyrektorzy","tag-gary","tag-mlawa","tag-nauczyciele","tag-powiat-mlawski","tag-szkola"],"acf":[],"amp_enabled":true,"_links":{"self":[{"href":"http:\/\/portalm\u0142awa.pl\/index.php?rest_route=\/wp\/v2\/posts\/1085","targetHints":{"allow":["GET"]}}],"collection":[{"href":"http:\/\/portalm\u0142awa.pl\/index.php?rest_route=\/wp\/v2\/posts"}],"about":[{"href":"http:\/\/portalm\u0142awa.pl\/index.php?rest_route=\/wp\/v2\/types\/post"}],"author":[{"embeddable":true,"href":"http:\/\/portalm\u0142awa.pl\/index.php?rest_route=\/wp\/v2\/users\/1"}],"replies":[{"embeddable":true,"href":"http:\/\/portalm\u0142awa.pl\/index.php?rest_route=%2Fwp%2Fv2%2Fcomments&post=1085"}],"version-history":[{"count":1,"href":"http:\/\/portalm\u0142awa.pl\/index.php?rest_route=\/wp\/v2\/posts\/1085\/revisions"}],"predecessor-version":[{"id":1087,"href":"http:\/\/portalm\u0142awa.pl\/index.php?rest_route=\/wp\/v2\/posts\/1085\/revisions\/1087"}],"wp:featuredmedia":[{"embeddable":true,"href":"http:\/\/portalm\u0142awa.pl\/index.php?rest_route=\/wp\/v2\/media\/1086"}],"wp:attachment":[{"href":"http:\/\/portalm\u0142awa.pl\/index.php?rest_route=%2Fwp%2Fv2%2Fmedia&parent=1085"}],"wp:term":[{"taxonomy":"category","embeddable":true,"href":"http:\/\/portalm\u0142awa.pl\/index.php?rest_route=%2Fwp%2Fv2%2Fcategories&post=1085"},{"taxonomy":"post_tag","embeddable":true,"href":"http:\/\/portalm\u0142awa.pl\/index.php?rest_route=%2Fwp%2Fv2%2Ftags&post=1085"}],"curies":[{"name":"wp","href":"https:\/\/api.w.org\/{rel}","templated":true}]}}