{"id":11030,"date":"2025-10-14T08:40:33","date_gmt":"2025-10-14T06:40:33","guid":{"rendered":"http:\/\/portalm\u0142awa.pl\/?p=11030"},"modified":"2025-10-14T08:40:33","modified_gmt":"2025-10-14T06:40:33","slug":"kolory-emocji-w-mlawskich-szkolach-konkurs-plastyczny-namaluj-swoje-emocje-rozstrzygniety","status":"publish","type":"post","link":"http:\/\/portalm\u0142awa.pl\/?p=11030","title":{"rendered":"Kolory emocji w m\u0142awskich szko\u0142ach \u2013 konkurs plastyczny \u201eNamaluj swoje emocje\u201d rozstrzygni\u0119ty!"},"content":{"rendered":"<p style=\"text-align: justify;\">\u00a0M\u0142awa zat\u0119tni\u0142a barwami i emocjami! M\u0142odzie\u017cowa Rada Miasta M\u0142awa, przy wsp\u00f3\u0142pracy z Burmistrzem Miasta i wsparciu Marsza\u0142ka Wojew\u00f3dztwa Mazowieckiego, po raz kolejny udowodni\u0142a, \u017ce m\u0142odzi arty\u015bci potrafi\u0105 przekazywa\u0107 uczucia w najbardziej kreatywny spos\u00f3b. W ramach programu \u201eMazowsze dla M\u0142odzie\u017cy\u201d odby\u0142 si\u0119 konkurs plastyczny \u201eNamaluj swoje emocje\u201d, kt\u00f3rego celem by\u0142o uchwycenie i wyra\u017cenie tego, co m\u0142odzi ludzie czuj\u0105 tu i teraz.<\/p>\n<p style=\"text-align: justify;\">Do konkursu zg\u0142oszono 94 wyj\u0105tkowe prace. Ka\u017cda z nich by\u0142a nie tylko obrazem, ale i opowie\u015bci\u0105 o tym, co bliskie sercu tw\u00f3rcy. Uczestnicy rywalizowali w trzech kategoriach wiekowych: klasy I-III, IV-VI oraz VII-VIII szk\u00f3\u0142 podstawowych.<\/p>\n<p style=\"text-align: justify;\"><strong>Najm\u0142odsi arty\u015bci (I-III) pokazali wachlarz emocji<\/strong><\/p>\n<p style=\"text-align: justify;\">W tej kategorii I miejsce zdoby\u0142 Jan Piekarczyk ze Szko\u0142y Podstawowej nr 4, kt\u00f3ry w pracy \u201eG\u0142\u00f3d, stres, rado\u015b\u0107 i mi\u0142o\u015b\u0107\u201d odwa\u017cnie po\u0142\u0105czy\u0142 r\u00f3\u017cnorodne uczucia w jednej kompozycji. Wyr\u00f3\u017cniono r\u00f3wnie\u017c tw\u00f3rczo\u015b\u0107 Zofii Kowalskiej (\u201eBalonowe emocje\u201d) i Natalii Nadratowskiej (\u201eEmocje\u201d), kt\u00f3re przyci\u0105ga\u0142y uwag\u0119 swoj\u0105 delikatno\u015bci\u0105 i ekspresj\u0105 barw.<\/p>\n<p style=\"text-align: justify;\"><strong>Starsi uczniowie (IV-VI) malowali uczucia z g\u0142\u0119bi serca<\/strong><\/p>\n<p style=\"text-align: justify;\">W kategorii klas IV-VI triumfowa\u0142a Zuzanna Ch\u0142\u0119dzik z SP nr 3, autorka pracy \u201eBarwy emocji\u201d, kt\u00f3rej p\u0142\u00f3tno sta\u0142o si\u0119 prawdziwym kalejdoskopem nastroj\u00f3w. Drugi stopie\u0144 podium zaj\u0119\u0142y Michalina Purzycka (\u201eSamotno\u015b\u0107\u201d) oraz Cecylia Rz\u0105p (\u201eCodzienne emocje jedenastolatki z Vb\u201d), a trzeci Blanka Szeluga z prac\u0105 \u201eDwie twarze\u201d.<\/p>\n<p style=\"text-align: justify;\"><strong>Najstarsi (VII-VIII) \u2013 refleksja i dojrza\u0142o\u015b\u0107 w obrazach<\/strong><\/p>\n<p style=\"text-align: justify;\">W kategorii klas VII-VIII zwyci\u0119\u017cy\u0142a Barbara Kordulewska z SP nr 6, kt\u00f3ra w pracy \u201eNarysowa\u0142am swoje emocje\u201d pokaza\u0142a, \u017ce sztuka mo\u017ce by\u0107 lustrem duszy. Na podium znalaz\u0142 si\u0119 tak\u017ce Julian Szfarewicz (\u201eStrata\u201d) oraz Alicja Grze\u015b (\u201eEmocje\u201d), prezentuj\u0105c g\u0142\u0119bokie refleksje nad w\u0142asnym \u015bwiatem uczu\u0107.<\/p>\n<p style=\"text-align: justify;\">Nie zabrak\u0142o r\u00f3wnie\u017c wyr\u00f3\u017cnie\u0144, kt\u00f3re przyznano za wyj\u0105tkow\u0105 kreatywno\u015b\u0107 i wra\u017cliwo\u015b\u0107. W\u015br\u00f3d nagrodzonych znalaz\u0142y si\u0119 m.in. prace Julii Ta\u0144skiej, Leny Bergolc i Olafa Piaseckiego.<\/p>\n<p style=\"text-align: justify;\"><strong>Uroczyste wr\u0119czenie nagr\u00f3d<\/strong><\/p>\n<p style=\"text-align: justify;\">Nagrody zostan\u0105 wr\u0119czone podczas po\u0142\u0105czonych sesji m\u0142odzie\u017cowych rad \u2013 XIII sesji rady VI kadencji i I sesji rady VII kadencji \u2013 kt\u00f3re odb\u0119d\u0105 si\u0119 22 pa\u017adziernika 2025 r. o godz. 13:00 w Sali na Dachu Miejskiego Domu Kultury.<\/p>\n<p style=\"text-align: justify;\">To by\u0142 konkurs, kt\u00f3ry pokaza\u0142, \u017ce m\u0142odzi mieszka\u0144cy M\u0142awy potrafi\u0105 malowa\u0107 nie tylko obrazy, ale i emocje \u2013 od rado\u015bci, przez samotno\u015b\u0107, po mi\u0142o\u015b\u0107 i refleksj\u0119. Ich tw\u00f3rczo\u015b\u0107 jest dowodem na ogromny talent, wra\u017cliwo\u015b\u0107 i kreatywno\u015b\u0107, kt\u00f3re warto wspiera\u0107.<\/p>\n<p style=\"text-align: justify;\">Gratulujemy wszystkim laureatom i zach\u0119camy do dalszego odkrywania w\u0142asnych emocji\u2026 p\u0119dzlem, kredk\u0105 czy farb\u0105!<\/p>\n<p style=\"text-align: justify;\">T.B fot MM<\/p>\n<p style=\"text-align: justify;\">KOMENTARZE<\/p>\n<p style=\"text-align: justify;\">Wydawca portalu nie ponosi odpowiedzialno\u015bci za tre\u015b\u0107 komentarzy zamieszczanych przez u\u017cytkownik\u00f3w. Osoby zamieszczaj\u0105ce wypowiedzi naruszaj\u0105ce prawo lub prawem chronione dobra os\u00f3b trzecich mog\u0105 ponie\u015b\u0107 z tego tytu\u0142u odpowiedzialno\u015b\u0107 karn\u0105 lub cywiln\u0105.JEDNOCZE\u015aNIE UZYTKOWNICY ZAMIESZCZAJ\u0104C KOMENTARZ OSWIADCZAJ\u0104, \u017bE BIOR\u0104 PE\u0141N\u0104 ODPOWIEDZIALNO\u015a\u0106 ZA TRE\u015aCI UMIESZCZONE PRZEZ SIEBIE<\/p>\n<div style=\"padding-bottom:20px; padding-top:10px;\" class=\"hupso-share-buttons\"><!-- Hupso Share Buttons - https:\/\/www.hupso.com\/share\/ --><a class=\"hupso_pop\" href=\"https:\/\/www.hupso.com\/share\/\"><img decoding=\"async\" data-src=\"http:\/\/static.hupso.com\/share\/buttons\/button100x23.png\" style=\"border:0px; width:100; height: 23; \" alt=\"Share Button\" src=\"data:image\/svg+xml;base64,PHN2ZyB3aWR0aD0iMSIgaGVpZ2h0PSIxIiB4bWxucz0iaHR0cDovL3d3dy53My5vcmcvMjAwMC9zdmciPjwvc3ZnPg==\" class=\"lazyload\" \/><\/a><script type=\"text\/javascript\">var hupso_services=new Array(\"Twitter\",\"Facebook\",\"Pinterest\",\"Linkedin\",\"Tumblr\",\"StumbleUpon\",\"Digg\",\"Reddit\",\"Bebo\",\"Delicious\",\"QZone\",\"Renren\",\"Email\");var hupso_icon_type = \"labels\";var hupso_background=\"#3BF8FF\";var hupso_border=\"#FF2B0A\";var hupso_image_folder_url = \"\";var hupso_url=\"\";var hupso_title=\"Kolory%20emocji%20w%20m%C5%82awskich%20szko%C5%82ach%20%E2%80%93%20konkurs%20plastyczny%20%E2%80%9ENamaluj%20swoje%20emocje%E2%80%9D%20rozstrzygni%C4%99ty%21\";<\/script><script type=\"text\/javascript\" src=\"http:\/\/static.hupso.com\/share\/js\/share.js\"><\/script><!-- Hupso Share Buttons --><\/div>","protected":false},"excerpt":{"rendered":"<p>\u00a0M\u0142awa zat\u0119tni\u0142a barwami i emocjami! M\u0142odzie\u017cowa Rada Miasta M\u0142awa, przy wsp\u00f3\u0142pracy z Burmistrzem Miasta i wsparciu Marsza\u0142ka Wojew\u00f3dztwa Mazowieckiego, po raz kolejny udowodni\u0142a, \u017ce m\u0142odzi arty\u015bci potrafi\u0105 przekazywa\u0107 uczucia w&hellip; <\/p>\n<div style=\"padding-bottom:20px; padding-top:10px;\" class=\"hupso-share-buttons\"><!-- Hupso Share Buttons - https:\/\/www.hupso.com\/share\/ --><a class=\"hupso_pop\" href=\"https:\/\/www.hupso.com\/share\/\"><img data-src=\"http:\/\/static.hupso.com\/share\/buttons\/button100x23.png\" style=\"border:0px; width:100; height: 23; \" alt=\"Share Button\" src=\"data:image\/svg+xml;base64,PHN2ZyB3aWR0aD0iMSIgaGVpZ2h0PSIxIiB4bWxucz0iaHR0cDovL3d3dy53My5vcmcvMjAwMC9zdmciPjwvc3ZnPg==\" class=\"lazyload\" \/><\/a><script type=\"text\/javascript\">var hupso_services=new Array(\"Twitter\",\"Facebook\",\"Pinterest\",\"Linkedin\",\"Tumblr\",\"StumbleUpon\",\"Digg\",\"Reddit\",\"Bebo\",\"Delicious\",\"QZone\",\"Renren\",\"Email\");var hupso_icon_type = \"labels\";var hupso_background=\"#3BF8FF\";var hupso_border=\"#FF2B0A\";var hupso_image_folder_url = \"\";var hupso_url=\"\";var hupso_title=\"Kolory%20emocji%20w%20m%C5%82awskich%20szko%C5%82ach%20%E2%80%93%20konkurs%20plastyczny%20%E2%80%9ENamaluj%20swoje%20emocje%E2%80%9D%20rozstrzygni%C4%99ty%21\";<\/script><script type=\"text\/javascript\" src=\"http:\/\/static.hupso.com\/share\/js\/share.js\"><\/script><!-- Hupso Share Buttons --><\/div>","protected":false},"author":1,"featured_media":11031,"comment_status":"open","ping_status":"open","sticky":false,"template":"","format":"standard","meta":{"_acf_changed":false,"wprm-recipe-roundup-name":"","wprm-recipe-roundup-description":"","footnotes":""},"categories":[19,3,28],"tags":[],"class_list":["post-11030","post","type-post","status-publish","format-standard","has-post-thumbnail","hentry","category-aktualnosci","category-kultura","category-wyd"],"acf":[],"amp_enabled":true,"_links":{"self":[{"href":"http:\/\/portalm\u0142awa.pl\/index.php?rest_route=\/wp\/v2\/posts\/11030","targetHints":{"allow":["GET"]}}],"collection":[{"href":"http:\/\/portalm\u0142awa.pl\/index.php?rest_route=\/wp\/v2\/posts"}],"about":[{"href":"http:\/\/portalm\u0142awa.pl\/index.php?rest_route=\/wp\/v2\/types\/post"}],"author":[{"embeddable":true,"href":"http:\/\/portalm\u0142awa.pl\/index.php?rest_route=\/wp\/v2\/users\/1"}],"replies":[{"embeddable":true,"href":"http:\/\/portalm\u0142awa.pl\/index.php?rest_route=%2Fwp%2Fv2%2Fcomments&post=11030"}],"version-history":[{"count":1,"href":"http:\/\/portalm\u0142awa.pl\/index.php?rest_route=\/wp\/v2\/posts\/11030\/revisions"}],"predecessor-version":[{"id":11032,"href":"http:\/\/portalm\u0142awa.pl\/index.php?rest_route=\/wp\/v2\/posts\/11030\/revisions\/11032"}],"wp:featuredmedia":[{"embeddable":true,"href":"http:\/\/portalm\u0142awa.pl\/index.php?rest_route=\/wp\/v2\/media\/11031"}],"wp:attachment":[{"href":"http:\/\/portalm\u0142awa.pl\/index.php?rest_route=%2Fwp%2Fv2%2Fmedia&parent=11030"}],"wp:term":[{"taxonomy":"category","embeddable":true,"href":"http:\/\/portalm\u0142awa.pl\/index.php?rest_route=%2Fwp%2Fv2%2Fcategories&post=11030"},{"taxonomy":"post_tag","embeddable":true,"href":"http:\/\/portalm\u0142awa.pl\/index.php?rest_route=%2Fwp%2Fv2%2Ftags&post=11030"}],"curies":[{"name":"wp","href":"https:\/\/api.w.org\/{rel}","templated":true}]}}