{"id":11043,"date":"2025-10-14T15:39:23","date_gmt":"2025-10-14T13:39:23","guid":{"rendered":"http:\/\/portalm\u0142awa.pl\/?p=11043"},"modified":"2025-10-14T15:39:23","modified_gmt":"2025-10-14T13:39:23","slug":"potracenie-pieszego-w-strzegowie-67-latek-trafil-do-szpitala","status":"publish","type":"post","link":"http:\/\/portalm\u0142awa.pl\/?p=11043","title":{"rendered":"Potr\u0105cenie pieszego w Strzegowie. 67-latek trafi\u0142 do szpitala"},"content":{"rendered":"<div style=\"color: #2c2f45; font-family: Verdana, Arial, Helvetica, sans-serif; font-size: small; text-align: justify;\"><strong style=\"font-family: Arial, Helvetica, sans-serif; font-size: 13.2px; word-spacing: 1.92px;\">Wczoraj, po godz. 6 rano, na ul. S\u0142owackiego w Strzegowie, dosz\u0142o do powa\u017cnego zdarzenia drogowego z udzia\u0142em pieszego. M\u0119\u017cczyzna sta\u0142 na jezdni, zosta\u0142 potr\u0105cony przez kieruj\u0105cego nissanem. 21-latek, jad\u0105cy nissanem, nie mia\u0142 uprawnie\u0144 do kierowania.<\/strong><\/div>\n<div style=\"color: #2c2f45; font-family: Verdana, Arial, Helvetica, sans-serif; font-size: small; text-align: justify;\"><strong style=\"font-family: Arial, Helvetica, sans-serif; font-size: 13.2px; word-spacing: 1.92px;\">\u00a0<\/strong><\/div>\n<div style=\"color: #2c2f45; font-family: Verdana, Arial, Helvetica, sans-serif; font-size: small;\">\n<p style=\"font-family: Arial, Helvetica, sans-serif; font-size: 12px; word-spacing: 1.92px; text-align: justify;\">Jak wynika ze wst\u0119pnych ustale\u0144 policjant\u00f3w na miejscu zdarzenia, kierowca busa, jad\u0105c ul. S\u0142owackiego, zauwa\u017cy\u0142 stoj\u0105cego na \u015brodku jezdni pieszego i zatrzyma\u0142 pojazd. W tym samym momencie z przeciwnego kierunku nadjecha\u0142 kieruj\u0105cy nissanem, kt\u00f3ry potr\u0105ci\u0142 m\u0119\u017cczyzn\u0119.<\/p>\n<p style=\"font-family: Arial, Helvetica, sans-serif; font-size: 12px; word-spacing: 1.92px; text-align: justify;\">Pieszy, 67-letni mieszkaniec powiatu m\u0142awskiego. Z obra\u017ceniami zosta\u0142 przewieziony do szpitala w Ciechanowie.<\/p>\n<p style=\"font-family: Arial, Helvetica, sans-serif; font-size: 12px; word-spacing: 1.92px; text-align: justify;\">Podczas policyjnych czynno\u015bci ustalono, \u017ce 21-letni kierowca nissana, mieszkaniec pow. m\u0142awskiego, nigdy nie posiada\u0142 uprawnie\u0144 do kierowania pojazdami kategorii B. M\u0119\u017cczyzna by\u0142 trze\u017awy.<\/p>\n<p style=\"font-family: Arial, Helvetica, sans-serif; font-size: 12px; word-spacing: 1.92px; text-align: justify;\">Trwaj\u0105 dalsze czynno\u015bci, maj\u0105ce na celu ustalenie dok\u0142adnych przyczyn i okoliczno\u015bci zdarzenia. Funkcjonariusze apeluj\u0105 do wszystkich uczestnik\u00f3w ruchu drogowego o zachowanie ostro\u017cno\u015bci. Czas najwy\u017cszy przestawi\u0107 si\u0119 na\u00a0<a style=\"-webkit-tap-highlight-color: rgba(0, 0, 0, 0);\" href=\"https:\/\/mazowiecka.policja.gov.pl\/ra\/aktualnosci\/aktualnosci\/122221,Jesien-na-drogach-czas-wzmozonej-ostroznosci.html\" target=\"_blank\" rel=\"noopener noreferrer\"><span style=\"color: #0079b5;\">jesienne warunki na drogach<\/span><\/a>. Wcze\u015bnie rano i o zmierzchu widoczno\u015b\u0107 na drodze jest ograniczona.<\/p>\n<p style=\"font-family: Arial, Helvetica, sans-serif; font-size: 12px; word-spacing: 1.92px; text-align: justify;\">Autor: asp.szt. Anna Paw\u0142owska<\/p>\n<p style=\"box-sizing: border-box; margin-top: 0px; margin-bottom: 15px; color: #555555; font-family: Roboto, sans-serif; font-size: 15px; text-align: justify;\">KOMENTARZE<\/p>\n<p style=\"box-sizing: border-box; margin-top: 0px; margin-bottom: 15px; color: #555555; font-family: Roboto, sans-serif; font-size: 15px; text-align: justify;\">\n<p style=\"box-sizing: border-box; margin-top: 0px; margin-bottom: 15px; color: #555555; font-family: Roboto, sans-serif; font-size: 15px; text-align: justify;\">Wydawca portalu nie ponosi odpowiedzialno\u015bci za tre\u015b\u0107 komentarzy zamieszczanych przez u\u017cytkownik\u00f3w. Osoby zamieszczaj\u0105ce wypowiedzi naruszaj\u0105ce prawo lub prawem chronione dobra os\u00f3b trzecich mog\u0105 ponie\u015b\u0107 z tego tytu\u0142u odpowiedzialno\u015b\u0107 karn\u0105 lub cywiln\u0105.JEDNOCZE\u015aNIE UZYTKOWNICY ZAMIESZCZAJ\u0104C KOMENTARZ OSWIADCZAJ\u0104, \u017bE BIOR\u0104 PE\u0141N\u0104 ODPOWIEDZIALNO\u015a\u0106 ZA TRE\u015aCI UMIESZCZONE PRZEZ SIEBIE<\/p>\n<\/div>\n<div style=\"padding-bottom:20px; padding-top:10px;\" class=\"hupso-share-buttons\"><!-- Hupso Share Buttons - https:\/\/www.hupso.com\/share\/ --><a class=\"hupso_pop\" href=\"https:\/\/www.hupso.com\/share\/\"><img decoding=\"async\" data-src=\"http:\/\/static.hupso.com\/share\/buttons\/button100x23.png\" style=\"border:0px; width:100; height: 23; \" alt=\"Share Button\" src=\"data:image\/svg+xml;base64,PHN2ZyB3aWR0aD0iMSIgaGVpZ2h0PSIxIiB4bWxucz0iaHR0cDovL3d3dy53My5vcmcvMjAwMC9zdmciPjwvc3ZnPg==\" class=\"lazyload\" \/><\/a><script type=\"text\/javascript\">var hupso_services=new Array(\"Twitter\",\"Facebook\",\"Pinterest\",\"Linkedin\",\"Tumblr\",\"StumbleUpon\",\"Digg\",\"Reddit\",\"Bebo\",\"Delicious\",\"QZone\",\"Renren\",\"Email\");var hupso_icon_type = \"labels\";var hupso_background=\"#3BF8FF\";var hupso_border=\"#FF2B0A\";var hupso_image_folder_url = \"\";var hupso_url=\"\";var hupso_title=\"Potr%C4%85cenie%20pieszego%20w%20Strzegowie.%2067-latek%20trafi%C5%82%20do%20szpitala\";<\/script><script type=\"text\/javascript\" src=\"http:\/\/static.hupso.com\/share\/js\/share.js\"><\/script><!-- Hupso Share Buttons --><\/div>","protected":false},"excerpt":{"rendered":"<p>Wczoraj, po godz. 6 rano, na ul. S\u0142owackiego w Strzegowie, dosz\u0142o do powa\u017cnego zdarzenia drogowego z udzia\u0142em pieszego. M\u0119\u017cczyzna sta\u0142 na jezdni, zosta\u0142 potr\u0105cony przez kieruj\u0105cego nissanem. 21-latek, jad\u0105cy nissanem,&hellip; <\/p>\n<div style=\"padding-bottom:20px; padding-top:10px;\" class=\"hupso-share-buttons\"><!-- Hupso Share Buttons - https:\/\/www.hupso.com\/share\/ --><a class=\"hupso_pop\" href=\"https:\/\/www.hupso.com\/share\/\"><img data-src=\"http:\/\/static.hupso.com\/share\/buttons\/button100x23.png\" style=\"border:0px; width:100; height: 23; \" alt=\"Share Button\" src=\"data:image\/svg+xml;base64,PHN2ZyB3aWR0aD0iMSIgaGVpZ2h0PSIxIiB4bWxucz0iaHR0cDovL3d3dy53My5vcmcvMjAwMC9zdmciPjwvc3ZnPg==\" class=\"lazyload\" \/><\/a><script type=\"text\/javascript\">var hupso_services=new Array(\"Twitter\",\"Facebook\",\"Pinterest\",\"Linkedin\",\"Tumblr\",\"StumbleUpon\",\"Digg\",\"Reddit\",\"Bebo\",\"Delicious\",\"QZone\",\"Renren\",\"Email\");var hupso_icon_type = \"labels\";var hupso_background=\"#3BF8FF\";var hupso_border=\"#FF2B0A\";var hupso_image_folder_url = \"\";var hupso_url=\"\";var hupso_title=\"Potr%C4%85cenie%20pieszego%20w%20Strzegowie.%2067-latek%20trafi%C5%82%20do%20szpitala\";<\/script><script type=\"text\/javascript\" src=\"http:\/\/static.hupso.com\/share\/js\/share.js\"><\/script><!-- Hupso Share Buttons --><\/div>","protected":false},"author":1,"featured_media":11044,"comment_status":"open","ping_status":"open","sticky":false,"template":"","format":"standard","meta":{"_acf_changed":false,"wprm-recipe-roundup-name":"","wprm-recipe-roundup-description":"","footnotes":""},"categories":[19,5,28],"tags":[],"class_list":["post-11043","post","type-post","status-publish","format-standard","has-post-thumbnail","hentry","category-aktualnosci","category-na-sygnale","category-wyd"],"acf":[],"amp_enabled":true,"_links":{"self":[{"href":"http:\/\/portalm\u0142awa.pl\/index.php?rest_route=\/wp\/v2\/posts\/11043","targetHints":{"allow":["GET"]}}],"collection":[{"href":"http:\/\/portalm\u0142awa.pl\/index.php?rest_route=\/wp\/v2\/posts"}],"about":[{"href":"http:\/\/portalm\u0142awa.pl\/index.php?rest_route=\/wp\/v2\/types\/post"}],"author":[{"embeddable":true,"href":"http:\/\/portalm\u0142awa.pl\/index.php?rest_route=\/wp\/v2\/users\/1"}],"replies":[{"embeddable":true,"href":"http:\/\/portalm\u0142awa.pl\/index.php?rest_route=%2Fwp%2Fv2%2Fcomments&post=11043"}],"version-history":[{"count":1,"href":"http:\/\/portalm\u0142awa.pl\/index.php?rest_route=\/wp\/v2\/posts\/11043\/revisions"}],"predecessor-version":[{"id":11045,"href":"http:\/\/portalm\u0142awa.pl\/index.php?rest_route=\/wp\/v2\/posts\/11043\/revisions\/11045"}],"wp:featuredmedia":[{"embeddable":true,"href":"http:\/\/portalm\u0142awa.pl\/index.php?rest_route=\/wp\/v2\/media\/11044"}],"wp:attachment":[{"href":"http:\/\/portalm\u0142awa.pl\/index.php?rest_route=%2Fwp%2Fv2%2Fmedia&parent=11043"}],"wp:term":[{"taxonomy":"category","embeddable":true,"href":"http:\/\/portalm\u0142awa.pl\/index.php?rest_route=%2Fwp%2Fv2%2Fcategories&post=11043"},{"taxonomy":"post_tag","embeddable":true,"href":"http:\/\/portalm\u0142awa.pl\/index.php?rest_route=%2Fwp%2Fv2%2Ftags&post=11043"}],"curies":[{"name":"wp","href":"https:\/\/api.w.org\/{rel}","templated":true}]}}