{"id":11146,"date":"2025-10-19T19:15:30","date_gmt":"2025-10-19T17:15:30","guid":{"rendered":"http:\/\/portalm\u0142awa.pl\/?p=11146"},"modified":"2025-10-19T19:15:30","modified_gmt":"2025-10-19T17:15:30","slug":"25-lat-wiary-jednosci-i-wspolnoty-jubileusz-konsekracji-kosciola-matki-bozej-krolowej-polski-w-mlawie","status":"publish","type":"post","link":"http:\/\/portalm\u0142awa.pl\/?p=11146","title":{"rendered":"25 lat wiary, jedno\u015bci i wsp\u00f3lnoty. Jubileusz konsekracji ko\u015bcio\u0142a Matki Bo\u017cej Kr\u00f3lowej Polski w M\u0142awie"},"content":{"rendered":"<h3 style=\"text-align: justify;\">W niedziel\u0119, 19 pa\u017adziernika 2025 roku, M\u0142awa oddycha\u0142a histori\u0105, wiar\u0105 i wdzi\u0119czno\u015bci\u0105. W parafii pw. Matki Bo\u017cej Kr\u00f3lowej Polski odby\u0142y si\u0119 uroczysto\u015bci 25-lecia konsekracji ko\u015bcio\u0142a \u2013 miejsca, kt\u00f3re od \u0107wier\u0107 wieku jest duchowym sercem jednej z najpr\u0119\u017cniej dzia\u0142aj\u0105cych wsp\u00f3lnot w mie\u015bcie.<\/h3>\n<p style=\"text-align: justify;\">To by\u0142 dzie\u0144 wyj\u0105tkowy nie tylko dla parafian. Jubileusz wpisuje si\u0119 bowiem w obchody <strong>950-lecia Diecezji P\u0142ockiej<\/strong>, a tak\u017ce przypada na <strong>\u015awiatowy Dzie\u0144 Misyjny<\/strong>, <strong>Dzie\u0144 Kap\u0142an\u00f3w Niez\u0142omnych<\/strong> oraz <strong>41. rocznic\u0119 m\u0119cze\u0144skiej \u015bmierci b\u0142. ks. Jerzego Popie\u0142uszki<\/strong>. Symboliczna zbie\u017cno\u015b\u0107 dat doda\u0142a uroczysto\u015bci g\u0142\u0119bi i znaczenia \u2013 tak duchowego, jak i historycznego.<\/p>\n<h3 style=\"text-align: justify;\"><strong>Biskup i wsp\u00f3lnota \u2013 s\u0142owa, kt\u00f3re buduj\u0105<\/strong><\/h3>\n<p style=\"text-align: justify;\">Uroczystej Eucharystii przewodniczy\u0142 <strong>Biskup P\u0142ocki Szymon Stu\u0142kowski<\/strong>, kt\u00f3ry w swojej homilii przypomnia\u0142, \u017ce ko\u015bci\u00f3\u0142 nie jest tylko budynkiem z cegie\u0142 i kamienia, ale \u017cywym organizmem z\u0142o\u017conym z ludzi, ich modlitw, ofiarno\u015bci i wiary.<\/p>\n<h3 style=\"text-align: justify;\"><strong>Go\u015bcie, dary i wdzi\u0119czno\u015b\u0107<\/strong><\/h3>\n<p style=\"text-align: justify;\">W jubileuszowych obchodach uczestniczyli przedstawiciele w\u0142adz miasta i powiatu \u2013 <strong>burmistrzowie M\u0142awy Piotr Jankowski i Mariusz Szczechowicz<\/strong>, parlamentarzy\u015bci, radni, a tak\u017ce duchowie\u0144stwo z innych parafii m\u0142awskich: \u015bw. Stanis\u0142awa BM, \u015awi\u0119tej Rodziny i \u015bw. Jana Kantego.<br \/>\nNie zabrak\u0142o te\u017c by\u0142ych proboszcz\u00f3w parafii, kt\u00f3rzy wsp\u00f3\u0142tworzyli jej histori\u0119 przez minione dekady.<\/p>\n<p style=\"text-align: justify;\">Podczas Mszy \u015bw. wr\u0119czono <strong>podzi\u0119kowania, gratulacje oraz dary dla parafii<\/strong>, b\u0119d\u0105ce wyrazem wdzi\u0119czno\u015bci za \u0107wier\u0107 wieku pracy duszpasterskiej i wsp\u00f3lnotowej.<\/p>\n<h3 style=\"text-align: justify;\"><strong>Krzy\u017c Misyjny \u2013 znak trwania i \u015bwiadectwa<\/strong><\/h3>\n<p style=\"text-align: justify;\">Po zako\u0144czeniu Eucharystii Rycerze Jana Paw\u0142a II ustawili <strong>Krzy\u017c Misyjny<\/strong>, kt\u00f3ry zosta\u0142 po\u015bwi\u0119cony przez Biskupa P\u0142ockiego. Wierni przynie\u015bli r\u00f3wnie\u017c w\u0142asne krzy\u017ce \u2013 symbol ich osobistego udzia\u0142u w misji Ko\u015bcio\u0142a.<br \/>\nTen moment \u2013 pe\u0142en skupienia, ale i nadziei \u2013 sta\u0142 si\u0119 jednym z najbardziej poruszaj\u0105cych akcent\u00f3w ca\u0142ego dnia.<\/p>\n<h3 style=\"text-align: justify;\"><strong>Ko\u015bci\u00f3\u0142, kt\u00f3ry jednoczy pokolenia<\/strong><\/h3>\n<p style=\"text-align: justify;\">Uroczysto\u015b\u0107 mia\u0142a podnios\u0142y, ale i niezwykle ciep\u0142y, wsp\u00f3lnotowy charakter. W\u015br\u00f3d wiernych wida\u0107 by\u0142o zar\u00f3wno tych, kt\u00f3rzy pami\u0119taj\u0105 pocz\u0105tki budowy ko\u015bcio\u0142a, jak i m\u0142odych, kt\u00f3rzy dopiero wchodz\u0105 w \u017cycie parafialne.<br \/>\nTo w\u0142a\u015bnie ta mi\u0119dzypokoleniowa wi\u0119\u017a stanowi o sile parafii \u2013 \u0142\u0105cz\u0105cej tradycj\u0119 z nowoczesno\u015bci\u0105, modlitw\u0119 z dzia\u0142aniem.<\/p>\n<p style=\"text-align: justify;\">25 lat konsekracji to <strong>nie tylko jubileusz budowli, lecz tak\u017ce ludzi<\/strong> \u2013 tych, kt\u00f3rzy uwierzyli, \u017ce razem mo\u017cna stworzy\u0107 co\u015b trwa\u0142ego.<br \/>\nKo\u015bci\u00f3\u0142 Matki Bo\u017cej Kr\u00f3lowej Polski w M\u0142awie pozostaje dzi\u015b nie tylko miejscem modlitwy, ale te\u017c <strong>\u015bwiadectwem wiary, determinacji i jedno\u015bci<\/strong> lokalnej wsp\u00f3lnoty.<\/p>\n<p style=\"text-align: justify;\">\ud83d\udcf7 Zobacz wi\u0119cej pod linkiem<\/p>\n<p style=\"text-align: justify;\"><strong>#M\u0142awa #Ko\u015bci\u00f3\u0142 #Jubileusz #MatkaBo\u017caKr\u00f3lowejPolski #DiecezjaP\u0142ocka #Wiara #Wsp\u00f3lnota #PortalM\u0142awa<\/strong><\/p>\n<p style=\"text-align: justify;\">T.B fot.\u00a0 M M<\/p>\n<p style=\"box-sizing: border-box; margin-top: 0px; margin-bottom: 15px; color: #555555; font-family: Roboto, sans-serif; font-size: 15px; text-align: justify;\">KOMENTARZE<\/p>\n<p style=\"box-sizing: border-box; margin-top: 0px; margin-bottom: 15px; color: #555555; font-family: Roboto, sans-serif; font-size: 15px; text-align: justify;\">Wydawca portalu nie ponosi odpowiedzialno\u015bci za tre\u015b\u0107 komentarzy zamieszczanych przez u\u017cytkownik\u00f3w. Osoby zamieszczaj\u0105ce wypowiedzi naruszaj\u0105ce prawo lub prawem chronione dobra os\u00f3b trzecich mog\u0105 ponie\u015b\u0107 z tego tytu\u0142u odpowiedzialno\u015b\u0107 karn\u0105 lub cywiln\u0105.JEDNOCZE\u015aNIE UZYTKOWNICY ZAMIESZCZAJ\u0104C KOMENTARZ OSWIADCZAJ\u0104, \u017bE BIOR\u0104 PE\u0141N\u0104 ODPOWIEDZIALNO\u015a\u0106 ZA TRE\u015aCI UMIESZCZONE PRZEZ SIEBIE<\/p>\n<div style=\"padding-bottom:20px; padding-top:10px;\" class=\"hupso-share-buttons\"><!-- Hupso Share Buttons - https:\/\/www.hupso.com\/share\/ --><a class=\"hupso_pop\" href=\"https:\/\/www.hupso.com\/share\/\"><img decoding=\"async\" data-src=\"http:\/\/static.hupso.com\/share\/buttons\/button100x23.png\" style=\"border:0px; width:100; height: 23; \" alt=\"Share Button\" src=\"data:image\/svg+xml;base64,PHN2ZyB3aWR0aD0iMSIgaGVpZ2h0PSIxIiB4bWxucz0iaHR0cDovL3d3dy53My5vcmcvMjAwMC9zdmciPjwvc3ZnPg==\" class=\"lazyload\" \/><\/a><script type=\"text\/javascript\">var hupso_services=new Array(\"Twitter\",\"Facebook\",\"Pinterest\",\"Linkedin\",\"Tumblr\",\"StumbleUpon\",\"Digg\",\"Reddit\",\"Bebo\",\"Delicious\",\"QZone\",\"Renren\",\"Email\");var hupso_icon_type = \"labels\";var hupso_background=\"#3BF8FF\";var hupso_border=\"#FF2B0A\";var hupso_image_folder_url = \"\";var hupso_url=\"\";var hupso_title=\"25%20lat%20wiary%2C%20jedno%C5%9Bci%20i%20wsp%C3%B3lnoty.%20Jubileusz%20konsekracji%20ko%C5%9Bcio%C5%82a%20Matki%20Bo%C5%BCej%20Kr%C3%B3lowej%20Polski%20w%20M%C5%82awie\";<\/script><script type=\"text\/javascript\" src=\"http:\/\/static.hupso.com\/share\/js\/share.js\"><\/script><!-- Hupso Share Buttons --><\/div>","protected":false},"excerpt":{"rendered":"<p>W niedziel\u0119, 19 pa\u017adziernika 2025 roku, M\u0142awa oddycha\u0142a histori\u0105, wiar\u0105 i wdzi\u0119czno\u015bci\u0105. W parafii pw. Matki Bo\u017cej Kr\u00f3lowej Polski odby\u0142y si\u0119 uroczysto\u015bci 25-lecia konsekracji ko\u015bcio\u0142a \u2013 miejsca, kt\u00f3re od \u0107wier\u0107&hellip; <\/p>\n<div style=\"padding-bottom:20px; padding-top:10px;\" class=\"hupso-share-buttons\"><!-- Hupso Share Buttons - https:\/\/www.hupso.com\/share\/ --><a class=\"hupso_pop\" href=\"https:\/\/www.hupso.com\/share\/\"><img data-src=\"http:\/\/static.hupso.com\/share\/buttons\/button100x23.png\" style=\"border:0px; width:100; height: 23; \" alt=\"Share Button\" src=\"data:image\/svg+xml;base64,PHN2ZyB3aWR0aD0iMSIgaGVpZ2h0PSIxIiB4bWxucz0iaHR0cDovL3d3dy53My5vcmcvMjAwMC9zdmciPjwvc3ZnPg==\" class=\"lazyload\" \/><\/a><script type=\"text\/javascript\">var hupso_services=new Array(\"Twitter\",\"Facebook\",\"Pinterest\",\"Linkedin\",\"Tumblr\",\"StumbleUpon\",\"Digg\",\"Reddit\",\"Bebo\",\"Delicious\",\"QZone\",\"Renren\",\"Email\");var hupso_icon_type = \"labels\";var hupso_background=\"#3BF8FF\";var hupso_border=\"#FF2B0A\";var hupso_image_folder_url = \"\";var hupso_url=\"\";var hupso_title=\"25%20lat%20wiary%2C%20jedno%C5%9Bci%20i%20wsp%C3%B3lnoty.%20Jubileusz%20konsekracji%20ko%C5%9Bcio%C5%82a%20Matki%20Bo%C5%BCej%20Kr%C3%B3lowej%20Polski%20w%20M%C5%82awie\";<\/script><script type=\"text\/javascript\" src=\"http:\/\/static.hupso.com\/share\/js\/share.js\"><\/script><!-- Hupso Share Buttons --><\/div>","protected":false},"author":1,"featured_media":11147,"comment_status":"open","ping_status":"open","sticky":false,"template":"","format":"standard","meta":{"_acf_changed":false,"wprm-recipe-roundup-name":"","wprm-recipe-roundup-description":"","footnotes":""},"categories":[19,3,28],"tags":[],"class_list":["post-11146","post","type-post","status-publish","format-standard","has-post-thumbnail","hentry","category-aktualnosci","category-kultura","category-wyd"],"acf":[],"amp_enabled":true,"_links":{"self":[{"href":"http:\/\/portalm\u0142awa.pl\/index.php?rest_route=\/wp\/v2\/posts\/11146","targetHints":{"allow":["GET"]}}],"collection":[{"href":"http:\/\/portalm\u0142awa.pl\/index.php?rest_route=\/wp\/v2\/posts"}],"about":[{"href":"http:\/\/portalm\u0142awa.pl\/index.php?rest_route=\/wp\/v2\/types\/post"}],"author":[{"embeddable":true,"href":"http:\/\/portalm\u0142awa.pl\/index.php?rest_route=\/wp\/v2\/users\/1"}],"replies":[{"embeddable":true,"href":"http:\/\/portalm\u0142awa.pl\/index.php?rest_route=%2Fwp%2Fv2%2Fcomments&post=11146"}],"version-history":[{"count":1,"href":"http:\/\/portalm\u0142awa.pl\/index.php?rest_route=\/wp\/v2\/posts\/11146\/revisions"}],"predecessor-version":[{"id":11148,"href":"http:\/\/portalm\u0142awa.pl\/index.php?rest_route=\/wp\/v2\/posts\/11146\/revisions\/11148"}],"wp:featuredmedia":[{"embeddable":true,"href":"http:\/\/portalm\u0142awa.pl\/index.php?rest_route=\/wp\/v2\/media\/11147"}],"wp:attachment":[{"href":"http:\/\/portalm\u0142awa.pl\/index.php?rest_route=%2Fwp%2Fv2%2Fmedia&parent=11146"}],"wp:term":[{"taxonomy":"category","embeddable":true,"href":"http:\/\/portalm\u0142awa.pl\/index.php?rest_route=%2Fwp%2Fv2%2Fcategories&post=11146"},{"taxonomy":"post_tag","embeddable":true,"href":"http:\/\/portalm\u0142awa.pl\/index.php?rest_route=%2Fwp%2Fv2%2Ftags&post=11146"}],"curies":[{"name":"wp","href":"https:\/\/api.w.org\/{rel}","templated":true}]}}