{"id":11263,"date":"2025-10-23T17:38:10","date_gmt":"2025-10-23T15:38:10","guid":{"rendered":"http:\/\/portalm\u0142awa.pl\/?p=11263"},"modified":"2025-10-23T17:38:10","modified_gmt":"2025-10-23T15:38:10","slug":"nowe-pokolenie-liderow-wybrano-mlodziezowa-rade-powiatu-mlawskiego","status":"publish","type":"post","link":"http:\/\/portalm\u0142awa.pl\/?p=11263","title":{"rendered":"Nowe pokolenie lider\u00f3w! Wybrano M\u0142odzie\u017cow\u0105 Rad\u0119 Powiatu M\u0142awskiego"},"content":{"rendered":"<p style=\"text-align: justify;\">21 pa\u017adziernika 2025 roku zapisze si\u0119 w historii M\u0142awy i okolic jako dzie\u0144, w kt\u00f3rym g\u0142os m\u0142odych ludzi wybrzmia\u0142 naprawd\u0119 dono\u015bnie. W szkolnych salach i korytarzach czu\u0107 by\u0142o atmosfer\u0119 prawdziwego \u015bwi\u0119ta demokracji \u2013 to w\u0142a\u015bnie wtedy odby\u0142y si\u0119 wybory do <strong>M\u0142odzie\u017cowej Rady Powiatu M\u0142awskiego<\/strong>.<\/p>\n<p style=\"text-align: justify;\">To nie by\u0142a zwyk\u0142a szkolna inicjatywa. To <strong>prawdziwa lekcja samorz\u0105dno\u015bci<\/strong>, pokazuj\u0105ca, \u017ce m\u0142odzi chc\u0105 i potrafi\u0105 bra\u0107 odpowiedzialno\u015b\u0107 za swoje otoczenie. Ich g\u0142osy wy\u0142oni\u0142y reprezentant\u00f3w siedmiu okr\u0119g\u00f3w, kt\u00f3rzy ju\u017c wkr\u00f3tce b\u0119d\u0105 doradza\u0107 w\u0142adzom powiatu, zg\u0142asza\u0107 w\u0142asne inicjatywy i \u2013 co najwa\u017cniejsze \u2013 wprowadza\u0107 realne zmiany w \u017cyciu lokalnej spo\u0142eczno\u015bci.<\/p>\n<h3 style=\"text-align: justify;\"><strong>Demokracja w praktyce<\/strong><\/h3>\n<p style=\"text-align: justify;\">W tajnym i bezpo\u015brednim g\u0142osowaniu uczniowie szk\u00f3\u0142 ponadpodstawowych wybrali swoich przedstawicieli. Ka\u017cdy okr\u0119g szkolny wystawi\u0142 kandydat\u00f3w, kt\u00f3rzy w ostatnich tygodniach prowadzili kampanie, przekonywali koleg\u00f3w i kole\u017canki, \u017ce warto im zaufa\u0107.<\/p>\n<p style=\"text-align: justify;\"><strong>Ostatecznie w sk\u0142ad nowej Rady weszli:<\/strong><\/p>\n<p style=\"text-align: justify;\"><strong>Okr\u0119g nr 1 \u2013 I LO im. Stanis\u0142awa Wyspia\u0144skiego w M\u0142awie<\/strong><br \/>\n\ud83c\udf93 Amelia Golubska, Kacper Witek<\/p>\n<p style=\"text-align: justify;\"><strong>Okr\u0119g nr 2 \u2013 ZS nr 1 im. Jerzego Ciesielskiego w M\u0142awie<\/strong><br \/>\n\ud83c\udf93 Anna Bi\u0144kiewicz, Miko\u0142aj Chmieli\u0144ski, Aleksandra Rutkowska<\/p>\n<p style=\"text-align: justify;\"><strong>Okr\u0119g nr 3 \u2013 ZS nr 2 w M\u0142awie<\/strong><br \/>\n\ud83c\udf93 Wiktor Malanowski, Victoria Nepohatova, Jessica Sadoch<\/p>\n<p style=\"text-align: justify;\"><strong>Okr\u0119g nr 4 \u2013 ZS nr 3 im. Marsza\u0142ka J\u00f3zefa Pi\u0142sudskiego w M\u0142awie<\/strong><br \/>\n\ud83c\udf93 Dominika Falkowska, Maja Kowalewska, Lena \u0141awska<\/p>\n<p style=\"text-align: justify;\"><strong>Okr\u0119g nr 5 \u2013 ZS nr 4 im. Obro\u0144c\u00f3w M\u0142awy z Wrze\u015bnia 1939 r.<\/strong><br \/>\n\ud83c\udf93 Wiktoria Go\u0142\u0119biewska, Katarzyna Pi\u0142kowska, Krystian Pu\u017amirowski<\/p>\n<p style=\"text-align: justify;\"><strong>Okr\u0119g nr 6 \u2013 Specjalny O\u015brodek Szkolno-Wychowawczy w M\u0142awie<\/strong><br \/>\n<em>(przedstawiciele zostan\u0105 og\u0142oszeni wkr\u00f3tce)<\/em><\/p>\n<p style=\"text-align: justify;\"><strong>Okr\u0119g nr 7 \u2013 Starostwo Powiatowe w M\u0142awie<\/strong><br \/>\n\ud83c\udf93 Piotr Brodzi\u0144ski, Laura Dymek, Igor Wysocki<\/p>\n<h3 style=\"text-align: justify;\"><strong>Nowa kadencja, nowe wyzwania<\/strong><\/h3>\n<p style=\"text-align: justify;\">Pierwsze posiedzenie nowo powo\u0142anej Rady odb\u0119dzie si\u0119 <strong>29 pa\u017adziernika 2025 roku<\/strong> w siedzibie Starostwa Powiatowego w M\u0142awie. To tam m\u0142odzi radni z\u0142o\u017c\u0105 \u015blubowanie, wybior\u0105 przewodnicz\u0105cego, wiceprzewodnicz\u0105cego oraz sekretarza. Od tego momentu oficjalnie rozpoczn\u0105 prac\u0119 \u2013 pe\u0142n\u0105 entuzjazmu, pomys\u0142\u00f3w i ch\u0119ci dzia\u0142ania.<\/p>\n<p style=\"text-align: justify;\">\u2013 *To wielka odpowiedzialno\u015b\u0107, ale te\u017c ogromna szansa. Chcemy, \u017ceby g\u0142os m\u0142odych by\u0142 s\u0142yszany, a ich<\/p>\n<p>T.B fot powiarmlawski.pl<\/p>\n<p style=\"box-sizing: border-box; margin-top: 0px; margin-bottom: 15px; color: #555555; font-family: Roboto, sans-serif; font-size: 15px; text-align: justify;\">KOMENTARZE<\/p>\n<p style=\"box-sizing: border-box; margin-top: 0px; margin-bottom: 15px; color: #555555; font-family: Roboto, sans-serif; font-size: 15px; text-align: justify;\">Wydawca portalu nie ponosi odpowiedzialno\u015bci za tre\u015b\u0107 komentarzy zamieszczanych przez u\u017cytkownik\u00f3w. Osoby zamieszczaj\u0105ce wypowiedzi naruszaj\u0105ce prawo lub prawem chronione dobra os\u00f3b trzecich mog\u0105 ponie\u015b\u0107 z tego tytu\u0142u odpowiedzialno\u015b\u0107 karn\u0105 lub cywiln\u0105.JEDNOCZE\u015aNIE UZYTKOWNICY ZAMIESZCZAJ\u0104C KOMENTARZ OSWIADCZAJ\u0104, \u017bE BIOR\u0104 PE\u0141N\u0104 ODPOWIEDZIALNO\u015a\u0106 ZA TRE\u015aCI UMIESZCZONE PRZEZ SIEBIE<\/p>\n<div style=\"padding-bottom:20px; padding-top:10px;\" class=\"hupso-share-buttons\"><!-- Hupso Share Buttons - https:\/\/www.hupso.com\/share\/ --><a class=\"hupso_pop\" href=\"https:\/\/www.hupso.com\/share\/\"><img decoding=\"async\" data-src=\"http:\/\/static.hupso.com\/share\/buttons\/button100x23.png\" style=\"border:0px; width:100; height: 23; \" alt=\"Share Button\" src=\"data:image\/svg+xml;base64,PHN2ZyB3aWR0aD0iMSIgaGVpZ2h0PSIxIiB4bWxucz0iaHR0cDovL3d3dy53My5vcmcvMjAwMC9zdmciPjwvc3ZnPg==\" class=\"lazyload\" \/><\/a><script type=\"text\/javascript\">var hupso_services=new Array(\"Twitter\",\"Facebook\",\"Pinterest\",\"Linkedin\",\"Tumblr\",\"StumbleUpon\",\"Digg\",\"Reddit\",\"Bebo\",\"Delicious\",\"QZone\",\"Renren\",\"Email\");var hupso_icon_type = \"labels\";var hupso_background=\"#3BF8FF\";var hupso_border=\"#FF2B0A\";var hupso_image_folder_url = \"\";var hupso_url=\"\";var hupso_title=\"Nowe%20pokolenie%20lider%C3%B3w%21%20Wybrano%20M%C5%82odzie%C5%BCow%C4%85%20Rad%C4%99%20Powiatu%20M%C5%82awskiego\";<\/script><script type=\"text\/javascript\" src=\"http:\/\/static.hupso.com\/share\/js\/share.js\"><\/script><!-- Hupso Share Buttons --><\/div>","protected":false},"excerpt":{"rendered":"<p>21 pa\u017adziernika 2025 roku zapisze si\u0119 w historii M\u0142awy i okolic jako dzie\u0144, w kt\u00f3rym g\u0142os m\u0142odych ludzi wybrzmia\u0142 naprawd\u0119 dono\u015bnie. W szkolnych salach i korytarzach czu\u0107 by\u0142o atmosfer\u0119 prawdziwego&hellip; <\/p>\n<div style=\"padding-bottom:20px; padding-top:10px;\" class=\"hupso-share-buttons\"><!-- Hupso Share Buttons - https:\/\/www.hupso.com\/share\/ --><a class=\"hupso_pop\" href=\"https:\/\/www.hupso.com\/share\/\"><img data-src=\"http:\/\/static.hupso.com\/share\/buttons\/button100x23.png\" style=\"border:0px; width:100; height: 23; \" alt=\"Share Button\" src=\"data:image\/svg+xml;base64,PHN2ZyB3aWR0aD0iMSIgaGVpZ2h0PSIxIiB4bWxucz0iaHR0cDovL3d3dy53My5vcmcvMjAwMC9zdmciPjwvc3ZnPg==\" class=\"lazyload\" \/><\/a><script type=\"text\/javascript\">var hupso_services=new Array(\"Twitter\",\"Facebook\",\"Pinterest\",\"Linkedin\",\"Tumblr\",\"StumbleUpon\",\"Digg\",\"Reddit\",\"Bebo\",\"Delicious\",\"QZone\",\"Renren\",\"Email\");var hupso_icon_type = \"labels\";var hupso_background=\"#3BF8FF\";var hupso_border=\"#FF2B0A\";var hupso_image_folder_url = \"\";var hupso_url=\"\";var hupso_title=\"Nowe%20pokolenie%20lider%C3%B3w%21%20Wybrano%20M%C5%82odzie%C5%BCow%C4%85%20Rad%C4%99%20Powiatu%20M%C5%82awskiego\";<\/script><script type=\"text\/javascript\" src=\"http:\/\/static.hupso.com\/share\/js\/share.js\"><\/script><!-- Hupso Share Buttons --><\/div>","protected":false},"author":1,"featured_media":11264,"comment_status":"open","ping_status":"open","sticky":false,"template":"","format":"standard","meta":{"_acf_changed":false,"wprm-recipe-roundup-name":"","wprm-recipe-roundup-description":"","footnotes":""},"categories":[19,28],"tags":[],"class_list":["post-11263","post","type-post","status-publish","format-standard","has-post-thumbnail","hentry","category-aktualnosci","category-wyd"],"acf":[],"amp_enabled":true,"_links":{"self":[{"href":"http:\/\/portalm\u0142awa.pl\/index.php?rest_route=\/wp\/v2\/posts\/11263","targetHints":{"allow":["GET"]}}],"collection":[{"href":"http:\/\/portalm\u0142awa.pl\/index.php?rest_route=\/wp\/v2\/posts"}],"about":[{"href":"http:\/\/portalm\u0142awa.pl\/index.php?rest_route=\/wp\/v2\/types\/post"}],"author":[{"embeddable":true,"href":"http:\/\/portalm\u0142awa.pl\/index.php?rest_route=\/wp\/v2\/users\/1"}],"replies":[{"embeddable":true,"href":"http:\/\/portalm\u0142awa.pl\/index.php?rest_route=%2Fwp%2Fv2%2Fcomments&post=11263"}],"version-history":[{"count":1,"href":"http:\/\/portalm\u0142awa.pl\/index.php?rest_route=\/wp\/v2\/posts\/11263\/revisions"}],"predecessor-version":[{"id":11265,"href":"http:\/\/portalm\u0142awa.pl\/index.php?rest_route=\/wp\/v2\/posts\/11263\/revisions\/11265"}],"wp:featuredmedia":[{"embeddable":true,"href":"http:\/\/portalm\u0142awa.pl\/index.php?rest_route=\/wp\/v2\/media\/11264"}],"wp:attachment":[{"href":"http:\/\/portalm\u0142awa.pl\/index.php?rest_route=%2Fwp%2Fv2%2Fmedia&parent=11263"}],"wp:term":[{"taxonomy":"category","embeddable":true,"href":"http:\/\/portalm\u0142awa.pl\/index.php?rest_route=%2Fwp%2Fv2%2Fcategories&post=11263"},{"taxonomy":"post_tag","embeddable":true,"href":"http:\/\/portalm\u0142awa.pl\/index.php?rest_route=%2Fwp%2Fv2%2Ftags&post=11263"}],"curies":[{"name":"wp","href":"https:\/\/api.w.org\/{rel}","templated":true}]}}