{"id":11347,"date":"2025-10-28T06:48:57","date_gmt":"2025-10-28T05:48:57","guid":{"rendered":"http:\/\/portalm\u0142awa.pl\/?p=11347"},"modified":"2025-10-28T07:00:22","modified_gmt":"2025-10-28T06:00:22","slug":"zabojstwo-mai-z-mlawy-sprawa-sie-komplikuje-bliscy-16-latki-zrozpaczeni","status":"publish","type":"post","link":"http:\/\/portalm\u0142awa.pl\/?p=11347","title":{"rendered":"Zab\u00f3jstwo Mai z M\u0142awy. Sprawa si\u0119 komplikuje. Bliscy 16-latki zrozpaczeni"},"content":{"rendered":"<p style=\"text-align: justify;\">Setki mieszka\u0144c\u00f3w M\u0142awy przesz\u0142y w Marszu Bia\u0142ych Anio\u0142\u00f3w. Ludzie zebrali si\u0119, by uczci\u0107 pami\u0119\u0107 Mai Kowalskiej, 16-letniej dziewczyny, kt\u00f3ra pad\u0142a ofiar\u0105 brutalnego morderstwa. Podejrzany o dokonanie tej zbrodni, 17-letni Bartosz G., zosta\u0142 zatrzymany w Grecji podczas szkolnej wycieczki. Rodzice Mai wci\u0105\u017c czekaj\u0105 na sprowadzenie go do Polski, jednak proces ekstradycji napotyka na komplikacje. Dla bliskich Mai ka\u017cda informacja, kt\u00f3ra oddala od wymierzenia sprawiedliwo\u015bci za \u015bmier\u0107 c\u00f3rki jest bolesna.<\/p>\n<p style=\"text-align: justify;\">Mecenas Wojciech Kasprzyk, reprezentuj\u0105cy ojca zamordowanej dziewczyny, poinformowa\u0142 &#8220;Fakt&#8221; o post\u0119pach w sprawie. \u2014 W\u0142a\u015bnie wr\u00f3cili\u015bmy z Aten, gdzie przez trzy dni prowadzili\u015bmy rozmowy z przedstawicielem prokuratora generalnego oraz naszym ambasadorem \u2013 m\u00f3wi nam prawnik.<\/p>\n<p style=\"text-align: justify;\">Jak dowiedzia\u0142 si\u0119 &#8220;Fakt&#8221;, grecki s\u0105d w pi\u0119cioosobowym sk\u0142adzie zwr\u00f3ci\u0142 si\u0119 do polskiej prokuratury z pro\u015bb\u0105 o wyja\u015bnienie, czy w polskim prawie karnym 17-latek odpowiada jako osoba doros\u0142a. Utrudnieniem w sprawie jest dodatkowo wniosek adwokat\u00f3w Bartosza G., kt\u00f3rzy zwr\u00f3cili si\u0119 do s\u0105du w P\u0142ocku z pro\u015bb\u0105 o wydanie listu \u017celaznego. Posiedzenie w tej sprawie ma odby\u0107 si\u0119 ju\u017c 28 pa\u017adziernika.<\/p>\n<p style=\"text-align: justify;\">Bartosz G. wyst\u0105pi\u0142 o azyl. W Polsce boi si\u0119 o \u017cycie<\/p>\n<p style=\"text-align: justify;\">List \u017celazny wyklucza mo\u017cliwo\u015b\u0107 aresztowania Bartosza G. w Polsce. Podejrzany o zab\u00f3jstwo Mai wyst\u0105pi\u0142 r\u00f3wnie\u017c z wnioskiem o azyl w Grecji, argumentuj\u0105c, \u017ce obawia si\u0119 o swoje \u017cycie w rodzinnym kraju.<\/p>\n<p style=\"text-align: justify;\">Dla rodziny Mai ka\u017cda informacja, kt\u00f3ra oddala od wymierzenia sprawiedliwo\u015bci za \u015bmier\u0107 c\u00f3rki jest bolesna. Rodzice dziewczyny wzi\u0119li udzia\u0142 w marszu, kt\u00f3ry przeszed\u0142 w ostatni pi\u0105tek ulicami M\u0142awy i zako\u0144czy\u0142 w miejscu, gdzie odnaleziono cia\u0142o 16-latki. \u2014 Maja mia\u0142a w sobie co\u015b, co sprawia\u0142o, \u017ce ka\u017cdy czu\u0142 si\u0119 w jej obecno\u015bci dobrze i swobodnie \u2014 m\u00f3wi\u0142 organizator marszu. \u2013 Jej u\u015bmiech potrafi\u0142 roz\u015bwietli\u0107 nawet najbardziej pochmurny dzie\u0144. By\u0142a ukochan\u0105 c\u00f3rk\u0105, troskliw\u0105 siostr\u0105, wra\u017cliw\u0105 i empatyczn\u0105 osob\u0105, kt\u00f3ra zawsze by\u0142a gotowa pomaga\u0107 innym. Kocha\u0142a zwierz\u0119ta, opiekowa\u0142a si\u0119 nimi, by\u0142a zaradna i pe\u0142na plan\u00f3w na przysz\u0142o\u015b\u0107.<\/p>\n<p style=\"text-align: justify;\">Marsz Bia\u0142ych Anio\u0142\u00f3w sta\u0142 si\u0119 symbolicznym wyrazem solidarno\u015bci i wsparcia dla rodziny Mai. Mieszka\u0144cy M\u0142awy pokazali, \u017ce nie pozostan\u0105 oboj\u0119tni wobec tej tragedii. Sprawa brutalnego morderstwa i trudno\u015bci zwi\u0105zane z ekstradycj\u0105 podejrzanego wci\u0105\u017c budz\u0105 wiele emocji. Czy uda si\u0119 sprowadzi\u0107 Bartosza G. do Polski? Na odpowied\u017a na to pytanie trzeba jeszcze poczeka\u0107.<\/p>\n<p style=\"text-align: justify;\">\u0179r\u00f3d\u0142o Fakt<\/p>\n<p style=\"text-align: justify;\">KOMENTARZE<\/p>\n<p style=\"text-align: justify;\">Wydawca portalu nie ponosi odpowiedzialno\u015bci za tre\u015b\u0107 komentarzy zamieszczanych przez u\u017cytkownik\u00f3w. Osoby zamieszczaj\u0105ce wypowiedzi naruszaj\u0105ce prawo lub prawem chronione dobra os\u00f3b trzecich mog\u0105 ponie\u015b\u0107 z tego tytu\u0142u odpowiedzialno\u015b\u0107 karn\u0105 lub cywiln\u0105.JEDNOCZE\u015aNIE UZYTKOWNICY ZAMIESZCZAJ\u0104C KOMENTARZ OSWIADCZAJ\u0104, \u017bE BIOR\u0104 PE\u0141N\u0104 ODPOWIEDZIALNO\u015a\u0106 ZA TRE\u015aCI UMIESZCZONE PRZEZ SIEBIE<\/p>\n<p style=\"text-align: justify;\">\n<div style=\"padding-bottom:20px; padding-top:10px;\" class=\"hupso-share-buttons\"><!-- Hupso Share Buttons - https:\/\/www.hupso.com\/share\/ --><a class=\"hupso_pop\" href=\"https:\/\/www.hupso.com\/share\/\"><img decoding=\"async\" data-src=\"http:\/\/static.hupso.com\/share\/buttons\/button100x23.png\" style=\"border:0px; width:100; height: 23; \" alt=\"Share Button\" src=\"data:image\/svg+xml;base64,PHN2ZyB3aWR0aD0iMSIgaGVpZ2h0PSIxIiB4bWxucz0iaHR0cDovL3d3dy53My5vcmcvMjAwMC9zdmciPjwvc3ZnPg==\" class=\"lazyload\" \/><\/a><script type=\"text\/javascript\">var hupso_services=new Array(\"Twitter\",\"Facebook\",\"Pinterest\",\"Linkedin\",\"Tumblr\",\"StumbleUpon\",\"Digg\",\"Reddit\",\"Bebo\",\"Delicious\",\"QZone\",\"Renren\",\"Email\");var hupso_icon_type = \"labels\";var hupso_background=\"#3BF8FF\";var hupso_border=\"#FF2B0A\";var hupso_image_folder_url = \"\";var hupso_url=\"\";var hupso_title=\"Zab%C3%B3jstwo%20Mai%20z%20M%C5%82awy.%20Sprawa%20si%C4%99%20komplikuje.%20Bliscy%2016-latki%20zrozpaczeni\";<\/script><script type=\"text\/javascript\" src=\"http:\/\/static.hupso.com\/share\/js\/share.js\"><\/script><!-- Hupso Share Buttons --><\/div>","protected":false},"excerpt":{"rendered":"<p>Setki mieszka\u0144c\u00f3w M\u0142awy przesz\u0142y w Marszu Bia\u0142ych Anio\u0142\u00f3w. Ludzie zebrali si\u0119, by uczci\u0107 pami\u0119\u0107 Mai Kowalskiej, 16-letniej dziewczyny, kt\u00f3ra pad\u0142a ofiar\u0105 brutalnego morderstwa. Podejrzany o dokonanie tej zbrodni, 17-letni Bartosz&hellip; <\/p>\n<div style=\"padding-bottom:20px; padding-top:10px;\" class=\"hupso-share-buttons\"><!-- Hupso Share Buttons - https:\/\/www.hupso.com\/share\/ --><a class=\"hupso_pop\" href=\"https:\/\/www.hupso.com\/share\/\"><img data-src=\"http:\/\/static.hupso.com\/share\/buttons\/button100x23.png\" style=\"border:0px; width:100; height: 23; \" alt=\"Share Button\" src=\"data:image\/svg+xml;base64,PHN2ZyB3aWR0aD0iMSIgaGVpZ2h0PSIxIiB4bWxucz0iaHR0cDovL3d3dy53My5vcmcvMjAwMC9zdmciPjwvc3ZnPg==\" class=\"lazyload\" \/><\/a><script type=\"text\/javascript\">var hupso_services=new Array(\"Twitter\",\"Facebook\",\"Pinterest\",\"Linkedin\",\"Tumblr\",\"StumbleUpon\",\"Digg\",\"Reddit\",\"Bebo\",\"Delicious\",\"QZone\",\"Renren\",\"Email\");var hupso_icon_type = \"labels\";var hupso_background=\"#3BF8FF\";var hupso_border=\"#FF2B0A\";var hupso_image_folder_url = \"\";var hupso_url=\"\";var hupso_title=\"Zab%C3%B3jstwo%20Mai%20z%20M%C5%82awy.%20Sprawa%20si%C4%99%20komplikuje.%20Bliscy%2016-latki%20zrozpaczeni\";<\/script><script type=\"text\/javascript\" src=\"http:\/\/static.hupso.com\/share\/js\/share.js\"><\/script><!-- Hupso Share Buttons --><\/div>","protected":false},"author":1,"featured_media":0,"comment_status":"open","ping_status":"open","sticky":false,"template":"","format":"standard","meta":{"_acf_changed":false,"wprm-recipe-roundup-name":"","wprm-recipe-roundup-description":"","footnotes":""},"categories":[1],"tags":[],"class_list":["post-11347","post","type-post","status-publish","format-standard","hentry","category-aktua-lnosci-1"],"acf":[],"amp_enabled":true,"_links":{"self":[{"href":"http:\/\/portalm\u0142awa.pl\/index.php?rest_route=\/wp\/v2\/posts\/11347","targetHints":{"allow":["GET"]}}],"collection":[{"href":"http:\/\/portalm\u0142awa.pl\/index.php?rest_route=\/wp\/v2\/posts"}],"about":[{"href":"http:\/\/portalm\u0142awa.pl\/index.php?rest_route=\/wp\/v2\/types\/post"}],"author":[{"embeddable":true,"href":"http:\/\/portalm\u0142awa.pl\/index.php?rest_route=\/wp\/v2\/users\/1"}],"replies":[{"embeddable":true,"href":"http:\/\/portalm\u0142awa.pl\/index.php?rest_route=%2Fwp%2Fv2%2Fcomments&post=11347"}],"version-history":[{"count":2,"href":"http:\/\/portalm\u0142awa.pl\/index.php?rest_route=\/wp\/v2\/posts\/11347\/revisions"}],"predecessor-version":[{"id":11349,"href":"http:\/\/portalm\u0142awa.pl\/index.php?rest_route=\/wp\/v2\/posts\/11347\/revisions\/11349"}],"wp:attachment":[{"href":"http:\/\/portalm\u0142awa.pl\/index.php?rest_route=%2Fwp%2Fv2%2Fmedia&parent=11347"}],"wp:term":[{"taxonomy":"category","embeddable":true,"href":"http:\/\/portalm\u0142awa.pl\/index.php?rest_route=%2Fwp%2Fv2%2Fcategories&post=11347"},{"taxonomy":"post_tag","embeddable":true,"href":"http:\/\/portalm\u0142awa.pl\/index.php?rest_route=%2Fwp%2Fv2%2Ftags&post=11347"}],"curies":[{"name":"wp","href":"https:\/\/api.w.org\/{rel}","templated":true}]}}