{"id":11353,"date":"2025-10-28T15:57:18","date_gmt":"2025-10-28T14:57:18","guid":{"rendered":"http:\/\/portalm\u0142awa.pl\/?p=11353"},"modified":"2025-10-28T15:57:18","modified_gmt":"2025-10-28T14:57:18","slug":"130-zolnierzy-pasywnej-rezerwy-przeszkolonych-przez-5-mazowiecka-brygade","status":"publish","type":"post","link":"http:\/\/portalm\u0142awa.pl\/?p=11353","title":{"rendered":"130 \u017co\u0142nierzy pasywnej rezerwy przeszkolonych \u00a0przez 5 Mazowieck\u0105 Brygad\u0119"},"content":{"rendered":"<p class=\"gwpe0a2050e_MsoNormal\" style=\"color: #000000; font-family: Calibri, Helvetica, sans-serif, EmojiFont, 'Apple Color Emoji', 'Segoe UI Emoji', NotoColorEmoji, 'Segoe UI Symbol', 'Android Emoji', EmojiSymbols; text-align: justify;\"><b>5 Mazowiecka Brygada Obrony Terytorialnej po raz pierwszy przeprowadzi\u0142a szkolenie dla \u017co\u0142nierzy pasywnej rezerwy. W dw\u00f3ch turach szkoleniowych wzi\u0119\u0142o udzia\u0142 w sumie 130 rezerwist\u00f3w, kt\u00f3rzy ponownie w\u0142o\u017cyli mundur Wojska Polskiego, od\u015bwie\u017cyli zdobyte w przesz\u0142o\u015bci wojskowe umiej\u0119tno\u015bci oraz zapoznali si\u0119 z nowoczesnym sprz\u0119tem i uzbrojeniem. Kolejne szkolenia \u017co\u0142nierzy pasywnej rezerwy w 5MBOT odb\u0119d\u0105 si\u0119 w przysz\u0142ym roku.<\/b><b><\/b><\/p>\n<p class=\"gwpe0a2050e_MsoNormal\" style=\"color: #000000; font-family: Calibri, Helvetica, sans-serif, EmojiFont, 'Apple Color Emoji', 'Segoe UI Emoji', NotoColorEmoji, 'Segoe UI Symbol', 'Android Emoji', EmojiSymbols; text-align: justify;\">We wrze\u015bniu i pa\u017adzierniku w ciechanowskich koszarach, pododdzia\u0142y\u00a05 Mazowieckiej Brygady Obrony Terytorialnej (kompania szkolna oraz 51 batalion lekkiej piechoty)\u00a0przeprowadzi\u0142y dwie o\u015bmiodniowe tury szkoleniowe, w kt\u00f3rych udzia\u0142 wzi\u0119\u0142o \u0142\u0105cznie 130 \u017co\u0142nierzy pasywnej rezerwy. Celem szkolenia by\u0142o odtworzenie podstawowych zdolno\u015bci og\u00f3lnowojskowych, doskonalenie wiedzy w zakresie posiadanych specjalno\u015bci oraz zapoznanie uczestnik\u00f3w z nowoczesnym sprz\u0119tem i uzbrojeniem Wojska Polskiego.<\/p>\n<p class=\"gwpe0a2050e_MsoNormal\" style=\"color: #000000; font-family: Calibri, Helvetica, sans-serif, EmojiFont, 'Apple Color Emoji', 'Segoe UI Emoji', NotoColorEmoji, 'Segoe UI Symbol', 'Android Emoji', EmojiSymbols; text-align: justify;\">Program szkolenia koncentrowa\u0142 si\u0119 g\u0142\u00f3wnie na zaj\u0119ciach praktycznych \u2013 z taktyki, strzelectwa, obrony przed broni\u0105 masowego ra\u017cenia (OPBMR) oraz medycyny pola walki. \u017bo\u0142nierze od\u015bwie\u017cyli nawyki zwi\u0105zane z pos\u0142ugiwaniem si\u0119 etatowym uzbrojeniem, przypomnieli sobie zasady zachowania na polu walki, a tak\u017ce poznali histori\u0119 i tradycje Brygady w ramach kszta\u0142cenia obywatelskiego.<\/p>\n<p class=\"gwpe0a2050e_MsoNormal\" style=\"color: #000000; font-family: Calibri, Helvetica, sans-serif, EmojiFont, 'Apple Color Emoji', 'Segoe UI Emoji', NotoColorEmoji, 'Segoe UI Symbol', 'Android Emoji', EmojiSymbols; text-align: justify;\">To pierwsze tego typu przedsi\u0119wzi\u0119cie realizowane przez 5 Mazowieck\u0105 Brygad\u0119 OT. Kolejne szkolenia dla \u017co\u0142nierzy pasywnej rezerwy w 5MBOT odb\u0119d\u0105 si\u0119 w przysz\u0142ym roku.<\/p>\n<p class=\"gwpe0a2050e_MsoNormal\" style=\"color: #000000; font-family: Calibri, Helvetica, sans-serif, EmojiFont, 'Apple Color Emoji', 'Segoe UI Emoji', NotoColorEmoji, 'Segoe UI Symbol', 'Android Emoji', EmojiSymbols; text-align: justify;\">Zgodnie z planami Ministerstwa Obrony Narodowej, w 2025 roku w ca\u0142ym kraju przeszkolonych zostanie oko\u0142o\u00a0<b>200 tysi\u0119cy rezerwist\u00f3w<\/b>\u00a0\u2013 os\u00f3b, kt\u00f3re odby\u0142y wcze\u015bniej s\u0142u\u017cb\u0119 wojskow\u0105, z\u0142o\u017cy\u0142y przysi\u0119g\u0119 i posiadaj\u0105 przydzia\u0142 mobilizacyjny. Rezerwa pasywna obejmuje \u017co\u0142nierzy do 60. roku \u017cycia (lub 63. w przypadku podoficer\u00f3w i oficer\u00f3w), kt\u00f3rzy nie pe\u0142ni\u0105 \u017cadnej innej formy s\u0142u\u017cby i nie podlegaj\u0105 militaryzacji.<\/p>\n<p class=\"gwpe0a2050e_MsoNormal\" style=\"color: #000000; font-family: Calibri, Helvetica, sans-serif, EmojiFont, 'Apple Color Emoji', 'Segoe UI Emoji', NotoColorEmoji, 'Segoe UI Symbol', 'Android Emoji', EmojiSymbols; text-align: justify;\">Rezerwi\u015bci, kt\u00f3rzy zostali powo\u0142ani decyzj\u0105 szefa Wojskowego Centrum Rekrutacji, otrzymuj\u0105 wynagrodzenie za ka\u017cdy dzie\u0144 szkolenia \u2013 jego wysoko\u015b\u0107 zale\u017cy od posiadanego stopnia wojskowego, a wyp\u0142acane uposa\u017cenie jest zwolnione z podatku. Decyzje o powo\u0142aniu dor\u0119czane s\u0105 nie p\u00f3\u017aniej ni\u017c 14 dni przed rozpocz\u0119ciem \u0107wicze\u0144, a uczestnictwo w szkoleniu jest obowi\u0105zkowe.<\/p>\n<p style=\"text-align: justify;\"><b style=\"color: #000000; font-family: Calibri, Helvetica, sans-serif, EmojiFont, 'Apple Color Emoji', 'Segoe UI Emoji', NotoColorEmoji, 'Segoe UI Symbol', 'Android Emoji', EmojiSymbols;\"><span style=\"font-size: 8pt; font-family: Arial, Helvetica, sans-serif; color: #5b491f;\">st. kpr. El\u017cbieta OBR\u0118BSKA<\/span><\/b><\/p>\n<p style=\"box-sizing: border-box; margin-top: 0px; margin-bottom: 15px; color: #555555; font-family: Roboto, sans-serif; font-size: 15px; text-align: justify;\"><span style=\"box-sizing: border-box; font-weight: bolder;\">KOMENTARZE<\/span><\/p>\n<p style=\"box-sizing: border-box; margin-top: 0px; margin-bottom: 15px; color: #555555; font-family: Roboto, sans-serif; font-size: 15px; text-align: justify;\"><em style=\"box-sizing: border-box;\">Wydawca portalu nie ponosi odpowiedzialno\u015bci za tre\u015b\u0107 komentarzy zamieszczanych przez u\u017cytkownik\u00f3w. Osoby zamieszczaj\u0105ce wypowiedzi naruszaj\u0105ce prawo lub prawem chronione dobra os\u00f3b trzecich mog\u0105 ponie\u015b\u0107 z tego tytu\u0142u odpowiedzialno\u015b\u0107 karn\u0105 lub cywiln\u0105.<\/em><span style=\"box-sizing: border-box; font-weight: bolder;\"><em style=\"box-sizing: border-box;\">JEDNOCZE\u015aNIE UZYTKOWNICY ZAMIESZCZAJ\u0104C KOMENTARZ OSWIADCZAJ\u0104, \u017bE BIOR\u0104 PE\u0141N\u0104 ODPOWIEDZIALNO\u015a\u0106 ZA TRE\u015aCI UMIESZCZONE PRZEZ SIEBIE<\/em><\/span><\/p>\n<div style=\"padding-bottom:20px; padding-top:10px;\" class=\"hupso-share-buttons\"><!-- Hupso Share Buttons - https:\/\/www.hupso.com\/share\/ --><a class=\"hupso_pop\" href=\"https:\/\/www.hupso.com\/share\/\"><img decoding=\"async\" data-src=\"http:\/\/static.hupso.com\/share\/buttons\/button100x23.png\" style=\"border:0px; width:100; height: 23; \" alt=\"Share Button\" src=\"data:image\/svg+xml;base64,PHN2ZyB3aWR0aD0iMSIgaGVpZ2h0PSIxIiB4bWxucz0iaHR0cDovL3d3dy53My5vcmcvMjAwMC9zdmciPjwvc3ZnPg==\" class=\"lazyload\" \/><\/a><script type=\"text\/javascript\">var hupso_services=new Array(\"Twitter\",\"Facebook\",\"Pinterest\",\"Linkedin\",\"Tumblr\",\"StumbleUpon\",\"Digg\",\"Reddit\",\"Bebo\",\"Delicious\",\"QZone\",\"Renren\",\"Email\");var hupso_icon_type = \"labels\";var hupso_background=\"#3BF8FF\";var hupso_border=\"#FF2B0A\";var hupso_image_folder_url = \"\";var hupso_url=\"\";var hupso_title=\"130%20%C5%BCo%C5%82nierzy%20pasywnej%20rezerwy%20przeszkolonych%20%C2%A0przez%205%20Mazowieck%C4%85%20Brygad%C4%99\";<\/script><script type=\"text\/javascript\" src=\"http:\/\/static.hupso.com\/share\/js\/share.js\"><\/script><!-- Hupso Share Buttons --><\/div>","protected":false},"excerpt":{"rendered":"<p>5 Mazowiecka Brygada Obrony Terytorialnej po raz pierwszy przeprowadzi\u0142a szkolenie dla \u017co\u0142nierzy pasywnej rezerwy. W dw\u00f3ch turach szkoleniowych wzi\u0119\u0142o udzia\u0142 w sumie 130 rezerwist\u00f3w, kt\u00f3rzy ponownie w\u0142o\u017cyli mundur Wojska Polskiego,&hellip; <\/p>\n<div style=\"padding-bottom:20px; padding-top:10px;\" class=\"hupso-share-buttons\"><!-- Hupso Share Buttons - https:\/\/www.hupso.com\/share\/ --><a class=\"hupso_pop\" href=\"https:\/\/www.hupso.com\/share\/\"><img data-src=\"http:\/\/static.hupso.com\/share\/buttons\/button100x23.png\" style=\"border:0px; width:100; height: 23; \" alt=\"Share Button\" src=\"data:image\/svg+xml;base64,PHN2ZyB3aWR0aD0iMSIgaGVpZ2h0PSIxIiB4bWxucz0iaHR0cDovL3d3dy53My5vcmcvMjAwMC9zdmciPjwvc3ZnPg==\" class=\"lazyload\" \/><\/a><script type=\"text\/javascript\">var hupso_services=new Array(\"Twitter\",\"Facebook\",\"Pinterest\",\"Linkedin\",\"Tumblr\",\"StumbleUpon\",\"Digg\",\"Reddit\",\"Bebo\",\"Delicious\",\"QZone\",\"Renren\",\"Email\");var hupso_icon_type = \"labels\";var hupso_background=\"#3BF8FF\";var hupso_border=\"#FF2B0A\";var hupso_image_folder_url = \"\";var hupso_url=\"\";var hupso_title=\"130%20%C5%BCo%C5%82nierzy%20pasywnej%20rezerwy%20przeszkolonych%20%C2%A0przez%205%20Mazowieck%C4%85%20Brygad%C4%99\";<\/script><script type=\"text\/javascript\" src=\"http:\/\/static.hupso.com\/share\/js\/share.js\"><\/script><!-- Hupso Share Buttons --><\/div>","protected":false},"author":1,"featured_media":11354,"comment_status":"open","ping_status":"open","sticky":false,"template":"","format":"standard","meta":{"_acf_changed":false,"wprm-recipe-roundup-name":"","wprm-recipe-roundup-description":"","footnotes":""},"categories":[19,28],"tags":[],"class_list":["post-11353","post","type-post","status-publish","format-standard","has-post-thumbnail","hentry","category-aktualnosci","category-wyd"],"acf":[],"amp_enabled":true,"_links":{"self":[{"href":"http:\/\/portalm\u0142awa.pl\/index.php?rest_route=\/wp\/v2\/posts\/11353","targetHints":{"allow":["GET"]}}],"collection":[{"href":"http:\/\/portalm\u0142awa.pl\/index.php?rest_route=\/wp\/v2\/posts"}],"about":[{"href":"http:\/\/portalm\u0142awa.pl\/index.php?rest_route=\/wp\/v2\/types\/post"}],"author":[{"embeddable":true,"href":"http:\/\/portalm\u0142awa.pl\/index.php?rest_route=\/wp\/v2\/users\/1"}],"replies":[{"embeddable":true,"href":"http:\/\/portalm\u0142awa.pl\/index.php?rest_route=%2Fwp%2Fv2%2Fcomments&post=11353"}],"version-history":[{"count":1,"href":"http:\/\/portalm\u0142awa.pl\/index.php?rest_route=\/wp\/v2\/posts\/11353\/revisions"}],"predecessor-version":[{"id":11355,"href":"http:\/\/portalm\u0142awa.pl\/index.php?rest_route=\/wp\/v2\/posts\/11353\/revisions\/11355"}],"wp:featuredmedia":[{"embeddable":true,"href":"http:\/\/portalm\u0142awa.pl\/index.php?rest_route=\/wp\/v2\/media\/11354"}],"wp:attachment":[{"href":"http:\/\/portalm\u0142awa.pl\/index.php?rest_route=%2Fwp%2Fv2%2Fmedia&parent=11353"}],"wp:term":[{"taxonomy":"category","embeddable":true,"href":"http:\/\/portalm\u0142awa.pl\/index.php?rest_route=%2Fwp%2Fv2%2Fcategories&post=11353"},{"taxonomy":"post_tag","embeddable":true,"href":"http:\/\/portalm\u0142awa.pl\/index.php?rest_route=%2Fwp%2Fv2%2Ftags&post=11353"}],"curies":[{"name":"wp","href":"https:\/\/api.w.org\/{rel}","templated":true}]}}