{"id":11356,"date":"2025-10-28T16:45:10","date_gmt":"2025-10-28T15:45:10","guid":{"rendered":"http:\/\/portalm\u0142awa.pl\/?p=11356"},"modified":"2025-10-28T16:45:10","modified_gmt":"2025-10-28T15:45:10","slug":"mlawa-w-sercu-europy-uczniowie-iii-lo-odkrywaja-grecje-i-nowe-horyzonty","status":"publish","type":"post","link":"http:\/\/portalm\u0142awa.pl\/?p=11356","title":{"rendered":"M\u0142awa w sercu Europy \u2014 uczniowie III LO odkrywaj\u0105 Grecj\u0119 i nowe horyzonty"},"content":{"rendered":"<h3 style=\"text-align: justify;\"><span style=\"font-size: 16px;\">Kiedy wiosn\u0105 2025 roku dwudziestka uczni\u00f3w z <\/span><strong style=\"font-size: 16px;\">III Liceum Og\u00f3lnokszta\u0142c\u0105cego im. Marsza\u0142ka J\u00f3zefa Pi\u0142sudskiego w M\u0142awie<\/strong><span style=\"font-size: 16px;\"> wyruszy\u0142a do Grecji, nikt nie spodziewa\u0142 si\u0119, \u017ce ta podr\u00f3\u017c stanie si\u0119 czym\u015b wi\u0119cej ni\u017c szkolnym wyjazdem. Projekt <\/span><strong style=\"font-size: 16px;\">\u201eIII LO z M\u0142awy poznaje Europ\u0119\u201d<\/strong><span style=\"font-size: 16px;\"> okaza\u0142 si\u0119 \u017cyw\u0105 lekcj\u0105 samodzielno\u015bci, wsp\u00f3\u0142pracy i europejskiego ducha, a tak\u017ce dowodem, \u017ce edukacja mo\u017ce inspirowa\u0107 i zmienia\u0107 \u017cycie.<\/span><\/h3>\n<h3 style=\"text-align: justify;\">M\u0142odzie\u017c z M\u0142awy na europejskim szlaku wiedzy<\/h3>\n<p style=\"text-align: justify;\">Od 28 kwietnia do 9 maja 2025 roku uczniowie z M\u0142awy uczestniczyli w wyj\u0105tkowej <strong>mobilno\u015bci edukacyjnej Erasmus+<\/strong> w malowniczym Litochoro u st\u00f3p Olimpu. Ich partnerami byli r\u00f3wie\u015bnicy z <strong>General Lyceum of Litochoro<\/strong>, z kt\u00f3rymi po\u0142\u0105czy\u0142a ich wsp\u00f3lna pasja do nauki, j\u0119zyk\u00f3w obcych i poznawania \u015bwiata.<\/p>\n<p style=\"text-align: justify;\">W ramach zaj\u0119\u0107 m\u0142odzie\u017c zg\u0142\u0119bia\u0142a tajniki <strong>marketingu i turystyki<\/strong>, poznaj\u0105c, jak w praktyce funkcjonuje sektor us\u0142ug w kraju o pot\u0119\u017cnej tradycji podr\u00f3\u017cniczej. Wyk\u0142ady, warsztaty, praca projektowa w j\u0119zyku angielskim \u2013 wszystko to mia\u0142o pokaza\u0107, \u017ce nauka nie ko\u0144czy si\u0119 w szkolnej \u0142awce, a j\u0119zyk obcy to narz\u0119dzie, kt\u00f3re naprawd\u0119 otwiera drzwi do Europy.<\/p>\n<h3 style=\"text-align: justify;\">\u00a0Nauka przez do\u015bwiadczenie<\/h3>\n<p style=\"text-align: justify;\">Ka\u017cdy dzie\u0144 mobilno\u015bci by\u0142 pe\u0142en wyzwa\u0144. Zaj\u0119cia praktyczne, wsp\u00f3lne projekty w Canvie i publikacje artyku\u0142\u00f3w na platformie <strong>WordPress (erasmus-mlawa.cba.pl)<\/strong> sprawi\u0142y, \u017ce uczniowie poczuli si\u0119 jak m\u0142odzi profesjonali\u015bci. Uczyli si\u0119 planowania, komunikacji i wsp\u00f3\u0142pracy mi\u0119dzykulturowej \u2014 kompetencji, kt\u00f3re dzi\u015b s\u0105 r\u00f3wnie wa\u017cne jak wiedza z podr\u0119cznik\u00f3w.<\/p>\n<p style=\"text-align: justify;\">Zanim jednak wyjechali, czeka\u0142o ich <strong>45 godzin zaj\u0119\u0107 przygotowawczych<\/strong>. To tam zdobywali wiedz\u0119 o kulturze Grecji, zasadach bezpiecze\u0144stwa, a tak\u017ce doskonalili umiej\u0119tno\u015bci j\u0119zykowe. Dzi\u0119ki temu ju\u017c od pierwszego dnia mogli w pe\u0142ni korzysta\u0107 z mo\u017cliwo\u015bci, jakie dawa\u0142 projekt.<\/p>\n<h3 style=\"text-align: justify;\">Europa bez granic \u2013 edukacja bez barier<\/h3>\n<p style=\"text-align: justify;\">Projekt by\u0142 skierowany do uczni\u00f3w o tzw. <strong>mniejszych szansach<\/strong>, czyli tych, kt\u00f3rzy na co dzie\u0144 maj\u0105 utrudniony dost\u0119p do zagranicznych do\u015bwiadcze\u0144. Dzi\u0119ki wsparciu <strong>Europejskiego Funduszu Spo\u0142ecznego+<\/strong> udzia\u0142 w programie by\u0142 ca\u0142kowicie <strong>bezp\u0142atny<\/strong>.<\/p>\n<p style=\"text-align: justify;\">Ka\u017cdy uczestnik po zako\u0144czeniu mobilno\u015bci otrzyma\u0142 <strong>certyfikat w dw\u00f3ch j\u0119zykach<\/strong> potwierdzaj\u0105cy zdobyte umiej\u0119tno\u015bci. Ale prawdziw\u0105 nagrod\u0105 by\u0142a pewno\u015b\u0107 siebie, nowe przyja\u017anie i \u015bwiadomo\u015b\u0107, \u017ce \u015bwiat stoi otworem.<\/p>\n<h3 style=\"text-align: justify;\">\u00a0Nowoczesna szko\u0142a z europejsk\u0105 wizj\u0105<\/h3>\n<p style=\"text-align: justify;\">Projekt \u201eIII LO z M\u0142awy poznaje Europ\u0119\u201d to nie tylko podr\u00f3\u017c uczni\u00f3w, ale te\u017c rozw\u00f3j ca\u0142ej szko\u0142y. Kadra pedagogiczna zdoby\u0142a nowe do\u015bwiadczenia w zarz\u0105dzaniu i organizacji mobilno\u015bci, a sama plac\u00f3wka zyska\u0142a silniejszy <strong>europejski wymiar<\/strong> swojej dzia\u0142alno\u015bci.<\/p>\n<p style=\"text-align: justify;\">Jak podkre\u015blaj\u0105 organizatorzy, udzia\u0142 w Erasmus+ to nie jednorazowe wydarzenie, lecz inwestycja w przysz\u0142o\u015b\u0107 \u2014 szko\u0142y, nauczycieli i uczni\u00f3w. W planach s\u0105 kolejne mi\u0119dzynarodowe przedsi\u0119wzi\u0119cia, kt\u00f3re maj\u0105 jeszcze bardziej otworzy\u0107 m\u0142awsk\u0105 m\u0142odzie\u017c na \u015bwiat.<\/p>\n<h3 style=\"text-align: justify;\">Most mi\u0119dzy M\u0142aw\u0105 a Litochoro<\/h3>\n<p style=\"text-align: justify;\">Grecja \u2013 kraj mit\u00f3w, historii i s\u0142o\u0144ca \u2013 sta\u0142a si\u0119 miejscem, gdzie uczniowie z M\u0142awy zrozumieli, \u017ce <strong>Europa to nie tylko geografia, ale wsp\u00f3lne warto\u015bci i ambicje<\/strong>. To w\u0142a\u015bnie takie projekty buduj\u0105 prawdziw\u0105 wsp\u00f3lnot\u0119 \u2013 m\u0142odych, aktywnych i \u015bwiadomych obywateli przysz\u0142ej Europy.<\/p>\n<blockquote><p>\u201eTen projekt nauczy\u0142 nas, \u017ce nauka mo\u017ce by\u0107 przygod\u0105, a Europa zaczyna si\u0119 od ludzi, nie od granic\u201d \u2013 m\u00f3wi\u0105 uczestnicy.<\/p><\/blockquote>\n<h3 style=\"text-align: justify;\"><span style=\"font-size: 16px;\">Projekt \u201eIII LO z M\u0142awy poznaje Europ\u0119\u201d realizowany jest przez <\/span><strong style=\"font-size: 16px;\">Zesp\u00f3\u0142 Szk\u00f3\u0142 nr 3 im. Marsza\u0142ka J\u00f3zefa Pi\u0142sudskiego w M\u0142awie<\/strong><span style=\"font-size: 16px;\"> we wsp\u00f3\u0142pracy z <\/span><strong style=\"font-size: 16px;\">General Lyceum of Litochoro<\/strong><span style=\"font-size: 16px;\"> w Grecji. Finansowany ze \u015brodk\u00f3w <\/span><strong style=\"font-size: 16px;\">Unii Europejskiej w ramach Europejskiego Funduszu Spo\u0142ecznego+<\/strong><span style=\"font-size: 16px;\">, w programie <\/span><strong style=\"font-size: 16px;\">Fundusze Europejskie dla Rozwoju Spo\u0142ecznego 2021\u20132027<\/strong><span style=\"font-size: 16px;\">, na zasadach programu <\/span><strong style=\"font-size: 16px;\">Erasmus+<\/strong><span style=\"font-size: 16px;\">.<\/span><\/h3>\n<p style=\"text-align: justify;\">T.B zdj\u0119cie pogl\u0105dowe<\/p>\n<p style=\"box-sizing: border-box; margin-top: 0px; margin-bottom: 15px; color: #555555; font-family: Roboto, sans-serif; font-size: 15px; text-align: justify;\"><span style=\"box-sizing: border-box; font-weight: bolder;\">KOMENTARZE<\/span><\/p>\n<p style=\"box-sizing: border-box; margin-top: 0px; margin-bottom: 15px; color: #555555; font-family: Roboto, sans-serif; font-size: 15px; text-align: justify;\"><em style=\"box-sizing: border-box;\">Wydawca portalu nie ponosi odpowiedzialno\u015bci za tre\u015b\u0107 komentarzy zamieszczanych przez u\u017cytkownik\u00f3w. Osoby zamieszczaj\u0105ce wypowiedzi naruszaj\u0105ce prawo lub prawem chronione dobra os\u00f3b trzecich mog\u0105 ponie\u015b\u0107 z tego tytu\u0142u odpowiedzialno\u015b\u0107 karn\u0105 lub cywiln\u0105.<\/em><span style=\"box-sizing: border-box; font-weight: bolder;\"><em style=\"box-sizing: border-box;\">JEDNOCZE\u015aNIE UZYTKOWNICY ZAMIESZCZAJ\u0104C KOMENTARZ OSWIADCZAJ\u0104, \u017bE BIOR\u0104 PE\u0141N\u0104 ODPOWIEDZIALNO\u015a\u0106 ZA TRE\u015aCI UMIESZCZONE PRZEZ SIEBIE<\/em><\/span><\/p>\n<div style=\"padding-bottom:20px; padding-top:10px;\" class=\"hupso-share-buttons\"><!-- Hupso Share Buttons - https:\/\/www.hupso.com\/share\/ --><a class=\"hupso_pop\" href=\"https:\/\/www.hupso.com\/share\/\"><img decoding=\"async\" data-src=\"http:\/\/static.hupso.com\/share\/buttons\/button100x23.png\" style=\"border:0px; width:100; height: 23; \" alt=\"Share Button\" src=\"data:image\/svg+xml;base64,PHN2ZyB3aWR0aD0iMSIgaGVpZ2h0PSIxIiB4bWxucz0iaHR0cDovL3d3dy53My5vcmcvMjAwMC9zdmciPjwvc3ZnPg==\" class=\"lazyload\" \/><\/a><script type=\"text\/javascript\">var hupso_services=new Array(\"Twitter\",\"Facebook\",\"Pinterest\",\"Linkedin\",\"Tumblr\",\"StumbleUpon\",\"Digg\",\"Reddit\",\"Bebo\",\"Delicious\",\"QZone\",\"Renren\",\"Email\");var hupso_icon_type = \"labels\";var hupso_background=\"#3BF8FF\";var hupso_border=\"#FF2B0A\";var hupso_image_folder_url = \"\";var hupso_url=\"\";var hupso_title=\"M%C5%82awa%20w%20sercu%20Europy%20%E2%80%94%20uczniowie%20III%20LO%20odkrywaj%C4%85%20Grecj%C4%99%20i%20nowe%20horyzonty\";<\/script><script type=\"text\/javascript\" src=\"http:\/\/static.hupso.com\/share\/js\/share.js\"><\/script><!-- Hupso Share Buttons --><\/div>","protected":false},"excerpt":{"rendered":"<p>Kiedy wiosn\u0105 2025 roku dwudziestka uczni\u00f3w z III Liceum Og\u00f3lnokszta\u0142c\u0105cego im. Marsza\u0142ka J\u00f3zefa Pi\u0142sudskiego w M\u0142awie wyruszy\u0142a do Grecji, nikt nie spodziewa\u0142 si\u0119, \u017ce ta podr\u00f3\u017c stanie si\u0119 czym\u015b wi\u0119cej&hellip; <\/p>\n<div style=\"padding-bottom:20px; padding-top:10px;\" class=\"hupso-share-buttons\"><!-- Hupso Share Buttons - https:\/\/www.hupso.com\/share\/ --><a class=\"hupso_pop\" href=\"https:\/\/www.hupso.com\/share\/\"><img data-src=\"http:\/\/static.hupso.com\/share\/buttons\/button100x23.png\" style=\"border:0px; width:100; height: 23; \" alt=\"Share Button\" src=\"data:image\/svg+xml;base64,PHN2ZyB3aWR0aD0iMSIgaGVpZ2h0PSIxIiB4bWxucz0iaHR0cDovL3d3dy53My5vcmcvMjAwMC9zdmciPjwvc3ZnPg==\" class=\"lazyload\" \/><\/a><script type=\"text\/javascript\">var hupso_services=new Array(\"Twitter\",\"Facebook\",\"Pinterest\",\"Linkedin\",\"Tumblr\",\"StumbleUpon\",\"Digg\",\"Reddit\",\"Bebo\",\"Delicious\",\"QZone\",\"Renren\",\"Email\");var hupso_icon_type = \"labels\";var hupso_background=\"#3BF8FF\";var hupso_border=\"#FF2B0A\";var hupso_image_folder_url = \"\";var hupso_url=\"\";var hupso_title=\"M%C5%82awa%20w%20sercu%20Europy%20%E2%80%94%20uczniowie%20III%20LO%20odkrywaj%C4%85%20Grecj%C4%99%20i%20nowe%20horyzonty\";<\/script><script type=\"text\/javascript\" src=\"http:\/\/static.hupso.com\/share\/js\/share.js\"><\/script><!-- Hupso Share Buttons --><\/div>","protected":false},"author":1,"featured_media":11357,"comment_status":"open","ping_status":"open","sticky":false,"template":"","format":"standard","meta":{"_acf_changed":false,"wprm-recipe-roundup-name":"","wprm-recipe-roundup-description":"","footnotes":""},"categories":[19,28],"tags":[],"class_list":["post-11356","post","type-post","status-publish","format-standard","has-post-thumbnail","hentry","category-aktualnosci","category-wyd"],"acf":[],"amp_enabled":true,"_links":{"self":[{"href":"http:\/\/portalm\u0142awa.pl\/index.php?rest_route=\/wp\/v2\/posts\/11356","targetHints":{"allow":["GET"]}}],"collection":[{"href":"http:\/\/portalm\u0142awa.pl\/index.php?rest_route=\/wp\/v2\/posts"}],"about":[{"href":"http:\/\/portalm\u0142awa.pl\/index.php?rest_route=\/wp\/v2\/types\/post"}],"author":[{"embeddable":true,"href":"http:\/\/portalm\u0142awa.pl\/index.php?rest_route=\/wp\/v2\/users\/1"}],"replies":[{"embeddable":true,"href":"http:\/\/portalm\u0142awa.pl\/index.php?rest_route=%2Fwp%2Fv2%2Fcomments&post=11356"}],"version-history":[{"count":1,"href":"http:\/\/portalm\u0142awa.pl\/index.php?rest_route=\/wp\/v2\/posts\/11356\/revisions"}],"predecessor-version":[{"id":11358,"href":"http:\/\/portalm\u0142awa.pl\/index.php?rest_route=\/wp\/v2\/posts\/11356\/revisions\/11358"}],"wp:featuredmedia":[{"embeddable":true,"href":"http:\/\/portalm\u0142awa.pl\/index.php?rest_route=\/wp\/v2\/media\/11357"}],"wp:attachment":[{"href":"http:\/\/portalm\u0142awa.pl\/index.php?rest_route=%2Fwp%2Fv2%2Fmedia&parent=11356"}],"wp:term":[{"taxonomy":"category","embeddable":true,"href":"http:\/\/portalm\u0142awa.pl\/index.php?rest_route=%2Fwp%2Fv2%2Fcategories&post=11356"},{"taxonomy":"post_tag","embeddable":true,"href":"http:\/\/portalm\u0142awa.pl\/index.php?rest_route=%2Fwp%2Fv2%2Ftags&post=11356"}],"curies":[{"name":"wp","href":"https:\/\/api.w.org\/{rel}","templated":true}]}}