{"id":11444,"date":"2025-11-03T12:31:37","date_gmt":"2025-11-03T11:31:37","guid":{"rendered":"http:\/\/portalm\u0142awa.pl\/?p=11444"},"modified":"2025-11-03T12:33:51","modified_gmt":"2025-11-03T11:33:51","slug":"areszt-dla-40-latka-za-usilowanie-zabojstwa","status":"publish","type":"post","link":"http:\/\/portalm\u0142awa.pl\/?p=11444","title":{"rendered":"Areszt dla 40-latka za usi\u0142owanie zab\u00f3jstwa"},"content":{"rendered":"<div class=\"head\" style=\"color: #000000; font-family: Arial, Helvetica, sans-serif; font-size: 15.996px; word-spacing: 2.55936px;\">\n<p class=\"intro\" style=\"font-size: 17.5956px; text-align: justify;\"><strong>G\u0142ubczyccy policjanci zatrzymali 40-latka podejrzanego o usi\u0142owanie zab\u00f3jstwa swojego znajomego. M\u0119\u017cczyzna w trakcie sprzeczki zaatakowa\u0142 no\u017cem 45-latka, kt\u00f3ry z obra\u017ceniami cia\u0142a trafi\u0142 do szpitala. Na wniosek \u015bledczych, s\u0105d aresztowa\u0142 podejrzanego na 3 miesi\u0105ce, kt\u00f3remu grozi kara nawet do\u017cywotniego pozbawienia wolno\u015bci.<\/strong><\/p>\n<\/div>\n<p style=\"color: #000000; font-family: Arial, Helvetica, sans-serif; font-size: 15.996px; word-spacing: 2.55936px; text-align: justify;\">Kilka dni temu policjanci z Komendy Powiatowej Policji w G\u0142ubczycach otrzymali zg\u0142oszenie o awanturze domowej w jednym z mieszka\u0144 na terenie miasta. Patrol niezw\u0142ocznie uda\u0142 si\u0119 pod wskazany adres. Na miejscu mundurowi zastali w mieszkaniu m\u0119\u017cczyzn\u0119, kt\u00f3ry mocno krwawi\u0142 z okolic szyi oraz plec\u00f3w, a tak\u017ce kobiet\u0119, kt\u00f3ra udziela\u0142a mu pomocy.<\/p>\n<p style=\"color: #000000; font-family: Arial, Helvetica, sans-serif; font-size: 15.996px; word-spacing: 2.55936px; text-align: justify;\">Policjanci natychmiast udzielili pomocy poszkodowanemu 45-latkowi pomocy, wezwali karetk\u0119 i przekazali go pod opiek\u0119 przyby\u0142emu na miejsce zespo\u0142owi ratunkowemu. Z policyjnych ustale\u0144 wynika, \u017ce chwil\u0119 wcze\u015bniej w mieszkaniu dosz\u0142o do sprzeczki pomi\u0119dzy dwoma m\u0119\u017cczyznami. Podczas tej awantury 40-latek ugodzi\u0142 no\u017cem koleg\u0119, a nast\u0119pnie uciek\u0142 z mieszkania.<\/p>\n<p style=\"color: #000000; font-family: Arial, Helvetica, sans-serif; font-size: 15.996px; word-spacing: 2.55936px; text-align: justify;\">Do poszukiwa\u0144 m\u0119\u017cczyzny zadysponowano dodatkowe patrole, kt\u00f3re natychmiast podj\u0119\u0142y penetracj\u0119 miasta, w celu zatrzymania agresora. Kr\u00f3tko po zg\u0142oszeniu interwencji funkcjonariusze zatrzymali podejrzanego, kt\u00f3ry zg\u0142osi\u0142 si\u0119 do szpitala z obra\u017ceniami cia\u0142a, twierdz\u0105c, \u017ce zosta\u0142 pobity. M\u0119\u017cczyzna zosta\u0142 osadzony w policyjnym areszcie.<\/p>\n<p style=\"color: #000000; font-family: Arial, Helvetica, sans-serif; font-size: 15.996px; word-spacing: 2.55936px; text-align: justify;\">40-letni mieszkaniec G\u0142ubczyc us\u0142ysza\u0142 zarzut usi\u0142owania zab\u00f3jstwa oraz spowodowanie ci\u0119\u017ckich obra\u017ce\u0144 cia\u0142a. Decyzj\u0105 s\u0105du na wniosek prokuratora zosta\u0142 tymczasowo aresztowany na okres trzech miesi\u0119cy. Za pope\u0142nione przest\u0119pstwo grozi mu kara do\u017cywotniego pozbawienia wolno\u015bci.<\/p>\n<p>KPP Golubczyce<\/p>\n<p style=\"box-sizing: border-box; margin-top: 0px; margin-bottom: 15px; color: #555555; font-family: Roboto, sans-serif; font-size: 15px; text-align: justify;\"><span style=\"box-sizing: border-box; font-weight: bolder;\">KOMENTARZE<\/span><\/p>\n<p style=\"box-sizing: border-box; margin-top: 0px; margin-bottom: 15px; color: #555555; font-family: Roboto, sans-serif; font-size: 15px; text-align: justify;\"><em style=\"box-sizing: border-box;\">Wydawca portalu nie ponosi odpowiedzialno\u015bci za tre\u015b\u0107 komentarzy zamieszczanych przez u\u017cytkownik\u00f3w. Osoby zamieszczaj\u0105ce wypowiedzi naruszaj\u0105ce prawo lub prawem chronione dobra os\u00f3b trzecich mog\u0105 ponie\u015b\u0107 z tego tytu\u0142u odpowiedzialno\u015b\u0107 karn\u0105 lub cywiln\u0105.<\/em><span style=\"box-sizing: border-box; font-weight: bolder;\"><em style=\"box-sizing: border-box;\">JEDNOCZE\u015aNIE UZYTKOWNICY ZAMIESZCZAJ\u0104C KOMENTARZ OSWIADCZAJ\u0104, \u017bE BIOR\u0104 PE\u0141N\u0104 ODPOWIEDZIALNO\u015a\u0106 ZA TRE\u015aCI UMIESZCZONE PRZEZ SIEBIE<\/em><\/span><span style=\"box-sizing: border-box; font-weight: bolder;\">KOMENTARZE<\/span><\/p>\n<div style=\"padding-bottom:20px; padding-top:10px;\" class=\"hupso-share-buttons\"><!-- Hupso Share Buttons - https:\/\/www.hupso.com\/share\/ --><a class=\"hupso_pop\" href=\"https:\/\/www.hupso.com\/share\/\"><img decoding=\"async\" data-src=\"http:\/\/static.hupso.com\/share\/buttons\/button100x23.png\" style=\"border:0px; width:100; height: 23; \" alt=\"Share Button\" src=\"data:image\/svg+xml;base64,PHN2ZyB3aWR0aD0iMSIgaGVpZ2h0PSIxIiB4bWxucz0iaHR0cDovL3d3dy53My5vcmcvMjAwMC9zdmciPjwvc3ZnPg==\" class=\"lazyload\" \/><\/a><script type=\"text\/javascript\">var hupso_services=new Array(\"Twitter\",\"Facebook\",\"Pinterest\",\"Linkedin\",\"Tumblr\",\"StumbleUpon\",\"Digg\",\"Reddit\",\"Bebo\",\"Delicious\",\"QZone\",\"Renren\",\"Email\");var hupso_icon_type = \"labels\";var hupso_background=\"#3BF8FF\";var hupso_border=\"#FF2B0A\";var hupso_image_folder_url = \"\";var hupso_url=\"\";var hupso_title=\"Areszt%20dla%2040-latka%20za%20usi%C5%82owanie%20zab%C3%B3jstwa\";<\/script><script type=\"text\/javascript\" src=\"http:\/\/static.hupso.com\/share\/js\/share.js\"><\/script><!-- Hupso Share Buttons --><\/div>","protected":false},"excerpt":{"rendered":"<p>G\u0142ubczyccy policjanci zatrzymali 40-latka podejrzanego o usi\u0142owanie zab\u00f3jstwa swojego znajomego. M\u0119\u017cczyzna w trakcie sprzeczki zaatakowa\u0142 no\u017cem 45-latka, kt\u00f3ry z obra\u017ceniami cia\u0142a trafi\u0142 do szpitala. Na wniosek \u015bledczych, s\u0105d aresztowa\u0142 podejrzanego&hellip; <\/p>\n<div style=\"padding-bottom:20px; padding-top:10px;\" class=\"hupso-share-buttons\"><!-- Hupso Share Buttons - https:\/\/www.hupso.com\/share\/ --><a class=\"hupso_pop\" href=\"https:\/\/www.hupso.com\/share\/\"><img data-src=\"http:\/\/static.hupso.com\/share\/buttons\/button100x23.png\" style=\"border:0px; width:100; height: 23; \" alt=\"Share Button\" src=\"data:image\/svg+xml;base64,PHN2ZyB3aWR0aD0iMSIgaGVpZ2h0PSIxIiB4bWxucz0iaHR0cDovL3d3dy53My5vcmcvMjAwMC9zdmciPjwvc3ZnPg==\" class=\"lazyload\" \/><\/a><script type=\"text\/javascript\">var hupso_services=new Array(\"Twitter\",\"Facebook\",\"Pinterest\",\"Linkedin\",\"Tumblr\",\"StumbleUpon\",\"Digg\",\"Reddit\",\"Bebo\",\"Delicious\",\"QZone\",\"Renren\",\"Email\");var hupso_icon_type = \"labels\";var hupso_background=\"#3BF8FF\";var hupso_border=\"#FF2B0A\";var hupso_image_folder_url = \"\";var hupso_url=\"\";var hupso_title=\"Areszt%20dla%2040-latka%20za%20usi%C5%82owanie%20zab%C3%B3jstwa\";<\/script><script type=\"text\/javascript\" src=\"http:\/\/static.hupso.com\/share\/js\/share.js\"><\/script><!-- Hupso Share Buttons --><\/div>","protected":false},"author":1,"featured_media":3087,"comment_status":"open","ping_status":"open","sticky":false,"template":"","format":"standard","meta":{"_acf_changed":false,"wprm-recipe-roundup-name":"","wprm-recipe-roundup-description":"","footnotes":""},"categories":[19,5,28],"tags":[],"class_list":["post-11444","post","type-post","status-publish","format-standard","has-post-thumbnail","hentry","category-aktualnosci","category-na-sygnale","category-wyd"],"acf":[],"amp_enabled":true,"_links":{"self":[{"href":"http:\/\/portalm\u0142awa.pl\/index.php?rest_route=\/wp\/v2\/posts\/11444","targetHints":{"allow":["GET"]}}],"collection":[{"href":"http:\/\/portalm\u0142awa.pl\/index.php?rest_route=\/wp\/v2\/posts"}],"about":[{"href":"http:\/\/portalm\u0142awa.pl\/index.php?rest_route=\/wp\/v2\/types\/post"}],"author":[{"embeddable":true,"href":"http:\/\/portalm\u0142awa.pl\/index.php?rest_route=\/wp\/v2\/users\/1"}],"replies":[{"embeddable":true,"href":"http:\/\/portalm\u0142awa.pl\/index.php?rest_route=%2Fwp%2Fv2%2Fcomments&post=11444"}],"version-history":[{"count":3,"href":"http:\/\/portalm\u0142awa.pl\/index.php?rest_route=\/wp\/v2\/posts\/11444\/revisions"}],"predecessor-version":[{"id":11447,"href":"http:\/\/portalm\u0142awa.pl\/index.php?rest_route=\/wp\/v2\/posts\/11444\/revisions\/11447"}],"wp:featuredmedia":[{"embeddable":true,"href":"http:\/\/portalm\u0142awa.pl\/index.php?rest_route=\/wp\/v2\/media\/3087"}],"wp:attachment":[{"href":"http:\/\/portalm\u0142awa.pl\/index.php?rest_route=%2Fwp%2Fv2%2Fmedia&parent=11444"}],"wp:term":[{"taxonomy":"category","embeddable":true,"href":"http:\/\/portalm\u0142awa.pl\/index.php?rest_route=%2Fwp%2Fv2%2Fcategories&post=11444"},{"taxonomy":"post_tag","embeddable":true,"href":"http:\/\/portalm\u0142awa.pl\/index.php?rest_route=%2Fwp%2Fv2%2Ftags&post=11444"}],"curies":[{"name":"wp","href":"https:\/\/api.w.org\/{rel}","templated":true}]}}