{"id":11457,"date":"2025-11-03T13:57:39","date_gmt":"2025-11-03T12:57:39","guid":{"rendered":"http:\/\/portalm\u0142awa.pl\/?p=11457"},"modified":"2025-11-03T13:57:39","modified_gmt":"2025-11-03T12:57:39","slug":"nowe-radiowozy-na-mazowieckich-drogach-takze-w-mlawie","status":"publish","type":"post","link":"http:\/\/portalm\u0142awa.pl\/?p=11457","title":{"rendered":"Nowe radiowozy na mazowieckich drogach \u2014 tak\u017ce w M\u0142awie!"},"content":{"rendered":"<p style=\"text-align: justify;\"><strong>Pi\u0119\u0107 nieoznakowanych Sk\u00f3d Superb wzmocni drog\u00f3wk\u0119. Co to oznacza dla bezpiecze\u0144stwa na naszych ulicach?<\/strong><\/p>\n<p style=\"text-align: justify;\">Dzi\u015b, 31 pa\u017adziernika, przed Komend\u0105 Wojew\u00f3dzk\u0105 Policji w Radomiu odby\u0142o si\u0119 oficjalne przekazanie pi\u0119ciu nowoczesnych, nieoznakowanych radiowoz\u00f3w marki <strong>\u0160koda Superb<\/strong>. Kluczyki wr\u0119czyli funkcjonariuszom zast\u0119pcy Komendanta Wojew\u00f3dzkiego Policji: insp. Jerzy Sztuc oraz insp. Pawe\u0142 Herbu\u015b \u2014 a ju\u017c od <strong>1 listopada<\/strong> samochody rozpoczn\u0105 s\u0142u\u017cb\u0119 na drogach garnizonu mazowieckiego.<\/p>\n<h3 style=\"text-align: justify;\">Technika i zasi\u0119g \u2014 sprz\u0119t, kt\u00f3ry \u201ewidzi\u201d wi\u0119cej<\/h3>\n<p style=\"text-align: justify;\">Nowe pojazdy to nie tylko elegancki, dyskretny wygl\u0105d. Ka\u017cda \u0160koda zosta\u0142a wyposa\u017cona w polski wideorejestrator <strong>Videorapid 2a<\/strong>, kt\u00f3ry rejestruje obraz i dok\u0142adn\u0105 pr\u0119dko\u015b\u0107 \u2014 materia\u0142 dowodowy b\u0119dzie niepodwa\u017calny. Pod mask\u0105 pracuje motor <strong>2.0 TSI o mocy 265 KM<\/strong>, co w po\u0142\u0105czeniu z nap\u0119dem pozwala na skuteczne reagowanie nawet w dynamicznych interwencjach.<\/p>\n<h3 style=\"text-align: justify;\">M\u0142awa na li\u015bcie beneficjent\u00f3w \u2014 lokalne znaczenie<\/h3>\n<p style=\"text-align: justify;\">Jedno z pi\u0119ciu aut trafi do <strong>Komendy Powiatowej Policji w M\u0142awie<\/strong> \u2014 to konkretne wzmocnienie lokalnej drog\u00f3wki. Dla mieszka\u0144c\u00f3w powiatu oznacza to szybsze reagowanie w newralgicznych miejscach, wi\u0119ksz\u0105 liczb\u0119 dyskretnych patroli i skuteczniejsz\u0105 dokumentacj\u0119 wykrocze\u0144 drogowych. Nowy radiow\u00f3z nie jest jedynie symbolem \u2014 to narz\u0119dzie, kt\u00f3re mo\u017ce realnie wp\u0142yn\u0105\u0107 na popraw\u0119 bezpiecze\u0144stwa na drogach powiatu m\u0142awskiego.<\/p>\n<h3 style=\"text-align: justify;\">Ile to kosztowa\u0142o i kto zap\u0142aci\u0142?<\/h3>\n<p style=\"text-align: justify;\">Ka\u017cdy z pojazd\u00f3w (z pe\u0142nym wyposa\u017ceniem i wideorejestratorem) kosztowa\u0142 <strong>399 750 z\u0142<\/strong>. Inwestycja zosta\u0142a zrealizowana ze \u015brodk\u00f3w Policji przy wsparciu samorz\u0105d\u00f3w lokalnych \u2014 dow\u00f3d na wsp\u00f3\u0142prac\u0119 s\u0142u\u017cb i wsp\u00f3lnot samorz\u0105dowych w celu ochrony mieszka\u0144c\u00f3w. To tak\u017ce sygna\u0142, \u017ce temat bezpiecze\u0144stwa drogowego jest traktowany priorytetowo.<\/p>\n<h3 style=\"text-align: justify;\">Co to zmieni w praktyce?<\/h3>\n<ul style=\"text-align: justify;\">\n<li>Dyskretne, nieoznakowane patrole utrudni\u0105 swobodne \u0142amanie przepis\u00f3w przez \u201eszybkie\u201d samochody.<\/li>\n<li>Wideorejestratory Videorapid 2a pozwol\u0105 na szybsze i bardziej precyzyjne gromadzenie dowod\u00f3w (przekroczenia pr\u0119dko\u015bci, u\u017cycie telefonu, przejazd na czerwonym \u015bwietle itp.).<\/li>\n<li>W M\u0142awie oznacza to wi\u0119ksz\u0105 liczb\u0119 interwencji tam, gdzie mieszka\u0144cy zg\u0142aszaj\u0105 realne problemy \u2014 nie tylko na kraj\u00f3wkach, ale te\u017c na drogach powiatowych i dojazdowych.<\/li>\n<\/ul>\n<h3 style=\"text-align: justify;\">G\u0142os ekspert\u00f3w i czego oczekiwa\u0107<\/h3>\n<p style=\"text-align: justify;\">Zast\u0119pcy komendanta podkre\u015blali podczas przekazania, \u017ce inwestycje w nowoczesny sprz\u0119t to inwestycje w bezpiecze\u0144stwo \u2014 sprz\u0119t ma wspiera\u0107 profilaktyk\u0119, ale te\u017c skuteczne, oparte na dowodach dzia\u0142ania wobec najgro\u017aniejszych zachowa\u0144 na drogach. Dla lokalnych spo\u0142eczno\u015bci najwa\u017cniejsze b\u0119dzie teraz: widoczno\u015b\u0107 dzia\u0142a\u0144, komunikacja wynik\u00f3w i konsekwentne wykorzystywanie zarejestrowanych materia\u0142\u00f3w dowodowych w procesie mandatowym i prewencyjnym.<\/p>\n<h3 style=\"text-align: justify;\">Na koniec \u2014 co powinni wiedzie\u0107 kierowcy z M\u0142awy<\/h3>\n<p style=\"text-align: justify;\">Nowe nieoznakowane radiowozy nie s\u0105 \u201ezagro\u017ceniem\u201d dla uczciwych kierowc\u00f3w \u2014 to narz\u0119dzie, kt\u00f3re ma wymierza\u0107 konsekwencje wobec tych, kt\u00f3rzy \u0142ami\u0105 przepisy i nara\u017caj\u0105 innych. Dla mieszka\u0144c\u00f3w M\u0142awy to sygna\u0142: respektuj przepisy, a poczujesz si\u0119 bezpieczniej na drodze. Dla w\u0142adz lokalnych \u2014 to impuls do dalszej wsp\u00f3\u0142pracy z policj\u0105: pro\u015bby o patrole w konkretnych miejscach, finansowanie szkole\u0144 czy popraw\u0119 oznakowania tam, gdzie statystyki wypadk\u00f3w s\u0105 niepokoj\u0105ce.<\/p>\n<p style=\"text-align: justify;\">T.B<\/p>\n<p style=\"box-sizing: border-box; margin-top: 0px; margin-bottom: 15px; color: #555555; font-family: Roboto, sans-serif; font-size: 15px; text-align: justify;\"><span style=\"box-sizing: border-box; font-weight: bolder;\">KOMENTARZE<\/span><\/p>\n<p style=\"box-sizing: border-box; margin-top: 0px; margin-bottom: 15px; color: #555555; font-family: Roboto, sans-serif; font-size: 15px; text-align: justify;\"><em style=\"box-sizing: border-box;\">Wydawca portalu nie ponosi odpowiedzialno\u015bci za tre\u015b\u0107 komentarzy zamieszczanych przez u\u017cytkownik\u00f3w. Osoby zamieszczaj\u0105ce wypowiedzi naruszaj\u0105ce prawo lub prawem chronione dobra os\u00f3b trzecich mog\u0105 ponie\u015b\u0107 z tego tytu\u0142u odpowiedzialno\u015b\u0107 karn\u0105 lub cywiln\u0105.<\/em><span style=\"box-sizing: border-box; font-weight: bolder;\"><em style=\"box-sizing: border-box;\">JEDNOCZE\u015aNIE UZYTKOWNICY ZAMIESZCZAJ\u0104C KOMENTARZ OSWIADCZAJ\u0104, \u017bE BIOR\u0104 PE\u0141N\u0104 ODPOWIEDZIALNO\u015a\u0106 ZA TRE\u015aCI UMIESZCZONE PRZEZ SIEBIE<\/em><\/span><span style=\"box-sizing: border-box; font-weight: bolder;\">KOMENTARZE<\/span><\/p>\n<div style=\"padding-bottom:20px; padding-top:10px;\" class=\"hupso-share-buttons\"><!-- Hupso Share Buttons - https:\/\/www.hupso.com\/share\/ --><a class=\"hupso_pop\" href=\"https:\/\/www.hupso.com\/share\/\"><img decoding=\"async\" data-src=\"http:\/\/static.hupso.com\/share\/buttons\/button100x23.png\" style=\"border:0px; width:100; height: 23; \" alt=\"Share Button\" src=\"data:image\/svg+xml;base64,PHN2ZyB3aWR0aD0iMSIgaGVpZ2h0PSIxIiB4bWxucz0iaHR0cDovL3d3dy53My5vcmcvMjAwMC9zdmciPjwvc3ZnPg==\" class=\"lazyload\" \/><\/a><script type=\"text\/javascript\">var hupso_services=new Array(\"Twitter\",\"Facebook\",\"Pinterest\",\"Linkedin\",\"Tumblr\",\"StumbleUpon\",\"Digg\",\"Reddit\",\"Bebo\",\"Delicious\",\"QZone\",\"Renren\",\"Email\");var hupso_icon_type = \"labels\";var hupso_background=\"#3BF8FF\";var hupso_border=\"#FF2B0A\";var hupso_image_folder_url = \"\";var hupso_url=\"\";var hupso_title=\"Nowe%20radiowozy%20na%20mazowieckich%20drogach%20%E2%80%94%20tak%C5%BCe%20w%20M%C5%82awie%21\";<\/script><script type=\"text\/javascript\" src=\"http:\/\/static.hupso.com\/share\/js\/share.js\"><\/script><!-- Hupso Share Buttons --><\/div>","protected":false},"excerpt":{"rendered":"<p>Pi\u0119\u0107 nieoznakowanych Sk\u00f3d Superb wzmocni drog\u00f3wk\u0119. Co to oznacza dla bezpiecze\u0144stwa na naszych ulicach? Dzi\u015b, 31 pa\u017adziernika, przed Komend\u0105 Wojew\u00f3dzk\u0105 Policji w Radomiu odby\u0142o si\u0119 oficjalne przekazanie pi\u0119ciu nowoczesnych, nieoznakowanych&hellip; <\/p>\n<div style=\"padding-bottom:20px; padding-top:10px;\" class=\"hupso-share-buttons\"><!-- Hupso Share Buttons - https:\/\/www.hupso.com\/share\/ --><a class=\"hupso_pop\" href=\"https:\/\/www.hupso.com\/share\/\"><img data-src=\"http:\/\/static.hupso.com\/share\/buttons\/button100x23.png\" style=\"border:0px; width:100; height: 23; \" alt=\"Share Button\" src=\"data:image\/svg+xml;base64,PHN2ZyB3aWR0aD0iMSIgaGVpZ2h0PSIxIiB4bWxucz0iaHR0cDovL3d3dy53My5vcmcvMjAwMC9zdmciPjwvc3ZnPg==\" class=\"lazyload\" \/><\/a><script type=\"text\/javascript\">var hupso_services=new Array(\"Twitter\",\"Facebook\",\"Pinterest\",\"Linkedin\",\"Tumblr\",\"StumbleUpon\",\"Digg\",\"Reddit\",\"Bebo\",\"Delicious\",\"QZone\",\"Renren\",\"Email\");var hupso_icon_type = \"labels\";var hupso_background=\"#3BF8FF\";var hupso_border=\"#FF2B0A\";var hupso_image_folder_url = \"\";var hupso_url=\"\";var hupso_title=\"Nowe%20radiowozy%20na%20mazowieckich%20drogach%20%E2%80%94%20tak%C5%BCe%20w%20M%C5%82awie%21\";<\/script><script type=\"text\/javascript\" src=\"http:\/\/static.hupso.com\/share\/js\/share.js\"><\/script><!-- Hupso Share Buttons --><\/div>","protected":false},"author":1,"featured_media":11458,"comment_status":"open","ping_status":"open","sticky":false,"template":"","format":"standard","meta":{"_acf_changed":false,"wprm-recipe-roundup-name":"","wprm-recipe-roundup-description":"","footnotes":""},"categories":[19,5,28],"tags":[],"class_list":["post-11457","post","type-post","status-publish","format-standard","has-post-thumbnail","hentry","category-aktualnosci","category-na-sygnale","category-wyd"],"acf":[],"amp_enabled":true,"_links":{"self":[{"href":"http:\/\/portalm\u0142awa.pl\/index.php?rest_route=\/wp\/v2\/posts\/11457","targetHints":{"allow":["GET"]}}],"collection":[{"href":"http:\/\/portalm\u0142awa.pl\/index.php?rest_route=\/wp\/v2\/posts"}],"about":[{"href":"http:\/\/portalm\u0142awa.pl\/index.php?rest_route=\/wp\/v2\/types\/post"}],"author":[{"embeddable":true,"href":"http:\/\/portalm\u0142awa.pl\/index.php?rest_route=\/wp\/v2\/users\/1"}],"replies":[{"embeddable":true,"href":"http:\/\/portalm\u0142awa.pl\/index.php?rest_route=%2Fwp%2Fv2%2Fcomments&post=11457"}],"version-history":[{"count":1,"href":"http:\/\/portalm\u0142awa.pl\/index.php?rest_route=\/wp\/v2\/posts\/11457\/revisions"}],"predecessor-version":[{"id":11459,"href":"http:\/\/portalm\u0142awa.pl\/index.php?rest_route=\/wp\/v2\/posts\/11457\/revisions\/11459"}],"wp:featuredmedia":[{"embeddable":true,"href":"http:\/\/portalm\u0142awa.pl\/index.php?rest_route=\/wp\/v2\/media\/11458"}],"wp:attachment":[{"href":"http:\/\/portalm\u0142awa.pl\/index.php?rest_route=%2Fwp%2Fv2%2Fmedia&parent=11457"}],"wp:term":[{"taxonomy":"category","embeddable":true,"href":"http:\/\/portalm\u0142awa.pl\/index.php?rest_route=%2Fwp%2Fv2%2Fcategories&post=11457"},{"taxonomy":"post_tag","embeddable":true,"href":"http:\/\/portalm\u0142awa.pl\/index.php?rest_route=%2Fwp%2Fv2%2Ftags&post=11457"}],"curies":[{"name":"wp","href":"https:\/\/api.w.org\/{rel}","templated":true}]}}