{"id":11479,"date":"2025-11-04T08:06:30","date_gmt":"2025-11-04T07:06:30","guid":{"rendered":"http:\/\/portalm\u0142awa.pl\/?p=11479"},"modified":"2025-11-04T08:13:07","modified_gmt":"2025-11-04T07:13:07","slug":"samorzady-zwaza-smieci-i-zwieksza-oplaty-wyzsze-stawki-przez-brak-segregacji-https-www-polsatnews-pl-wiadomosc-2025-11-03-samorzady-zwaza-smieci-i-zwieksza-oplaty-wyzsze-stawki-takze-za-brak-segre","status":"publish","type":"post","link":"http:\/\/portalm\u0142awa.pl\/?p=11479","title":{"rendered":"Samorz\u0105dy zwa\u017c\u0105 \u015bmieci i zwi\u0119ksz\u0105 op\u0142aty. Wy\u017csze stawki przez brak segregacji."},"content":{"rendered":"<p style=\"text-align: justify;\">Ministerstwo Klimatu i \u015arodowiska przygotowa\u0142o ustaw\u0119, dzi\u0119ki kt\u00f3rej samorz\u0105dy zyskaj\u0105 nowe mo\u017cliwo\u015bci zwi\u0119kszania op\u0142at za wyw\u00f3z \u015bmieci. &#8220;Projektowana ustawa umo\u017cliwi r\u00f3\u017cnicowanie op\u0142at na podstawie masy i jako\u015bci segregacji&#8221; &#8211; czytamy w uzasadnieniu. Wy\u017csze op\u0142aty b\u0119dzie mo\u017cna na\u0142o\u017cy\u0107 na gospodarstwa domowe\u00a0niezale\u017cnie od liczby mieszka\u0144c\u00f3w.<\/p>\n<div class=\"news__bullets\" style=\"text-align: justify;\">\n<ul>\n<li>Samorz\u0105dy b\u0119d\u0105 mog\u0142y wa\u017cy\u0107 odpady i podwy\u017csza\u0107 op\u0142aty na podstawie ich masy<\/li>\n<li>Zyskaj\u0105 te\u017c nowe narz\u0119dzia nadzorowania selektywnego zbierania odpad\u00f3w i egzekwowania op\u0142at za brak segregacji<\/li>\n<li>Ustawa przewiduje wprowadzenie elastycznego systemu op\u0142at z nowymi zwolnieniami i ulgami<\/li>\n<\/ul>\n<\/div>\n<div class=\"news__description\">\n<p style=\"text-align: justify;\">&#8220;Obecny stan prawny wymaga usprawnie\u0144, poniewa\u017c gminy maj\u0105 ograniczone narz\u0119dzia do nadzorowania selektywnego zbierania odpad\u00f3w i skutecznego egzekwowania op\u0142aty podwy\u017cszonej za brak segregacji&#8221; &#8211; przekaza\u0142o w uzasadnieniu ministerstwo. Nowe kompetencje samorz\u0105d\u00f3w maj\u0105 tak\u017ce pozwoli\u0107 na &#8220;sprawiedliwy podzia\u0142 koszt\u00f3w zgodnie z rzeczywist\u0105 produkcj\u0105 odpad\u00f3w&#8221;.<\/p>\n<p style=\"text-align: justify;\">W praktyce oznacza to, \u017ce w <strong>samorz\u0105dy b\u0119d\u0105 mog\u0142y wa\u017cy\u0107 odpady i podwy\u017csza\u0107 op\u0142aty na podstawie ich masy<\/strong>. Cz\u0119sty spos\u00f3b na omijanie zwi\u0119kszonych stawek, np. nierejestrowanie wszystkich domownik\u00f3w, zostanie zlikwidowany, bo wysoko\u015b\u0107 op\u0142at b\u0119dzie determinowa\u0107 waga produkowanych \u015bmieci.<\/p>\n<p style=\"text-align: justify;\">\u00a0Ponadto samorz\u0105dy b\u0119d\u0105 mog\u0142y decydowa\u0107 o <strong>zwi\u0119kszaniu op\u0142at na podstawie pochodz\u0105cych z sortowni informacji o jako\u015bci segregacji<\/strong>. Je\u015bli pracownicy b\u0119d\u0105 mogli identyfikowa\u0107 te worki z odpadami, w kt\u00f3rych segregacji dokonano niepoprawnie, w\u00f3wczas rachunki p\u00f3jd\u0105 w g\u00f3r\u0119.<\/p>\n<h2 style=\"text-align: justify;\">Wzrost op\u0142at za wyw\u00f3z \u015bmieci. Nowe uprawnienia do zwolnie\u0144 i zni\u017cek<\/h2>\n<p style=\"text-align: justify;\">Nowa ustawa <strong>kodyfikuje tak\u017ce zasady obni\u017ce\u0144 op\u0142at i zwolnie\u0144<\/strong>. &#8220;Przepisy ustawy umo\u017cliwiaj\u0105 gminom wprowadzenie bardziej elastycznego i sprawiedliwego systemu op\u0142at za odpady, poszerzaj\u0105c katalog zwolnie\u0144 z op\u0142aty za gospodarowanie odpadami komunalnymi o ulgi dla os\u00f3b starszych, niepe\u0142nosprawnych, w trudnej sytuacji \u017cyciowej i materialnej, a tak\u017ce dla drobnych przedsi\u0119biorc\u00f3w, w szczeg\u00f3lno\u015bci rzemie\u015blnik\u00f3w dzia\u0142aj\u0105cych lokalnie na ma\u0142\u0105 skal\u0119&#8221; &#8211; czytamy w uzasadnieniu.<\/p>\n<p style=\"text-align: justify;\">Znowelizowane zostan\u0105 tak\u017ce przepisy reguluj\u0105ce dzia\u0142anie punkt\u00f3w selektywnej zbi\u00f3rki odpad\u00f3w. Dzi\u0119ki nowej ustawie ma zosta\u0107 <strong>zwi\u0119kszona dost\u0119pno\u015b\u0107 PSZOK-\u00f3w<\/strong>, poszerzony zostanie tak\u017ce zakres zbieranych w nich odpad\u00f3w.<\/p>\n<p style=\"text-align: justify;\">W czwartek ustawa zosta\u0142a skierowania do zaopiniowania, termin na sk\u0142adanie uwag up\u0142ywa z ko\u0144cem listopada. Nast\u0119pnie projekt zostanie skierowany do Komitetu Rady Ministr\u00f3w do Spraw Cyfryzacji.<\/p>\n<p style=\"text-align: justify;\">\u0179r\u00f3d\u0142o polsatnews.pl<\/p>\n<p style=\"box-sizing: border-box; margin-top: 0px; margin-bottom: 15px; color: #555555; font-family: Roboto, sans-serif; font-size: 15px; text-align: justify;\"><span style=\"box-sizing: border-box; font-weight: bolder;\">KOMENTARZE<\/span><\/p>\n<p style=\"box-sizing: border-box; margin-top: 0px; margin-bottom: 15px; color: #555555; font-family: Roboto, sans-serif; font-size: 15px; text-align: justify;\"><em style=\"box-sizing: border-box;\">Wydawca portalu nie ponosi odpowiedzialno\u015bci za tre\u015b\u0107 komentarzy zamieszczanych przez u\u017cytkownik\u00f3w. Osoby zamieszczaj\u0105ce wypowiedzi naruszaj\u0105ce prawo lub prawem chronione dobra os\u00f3b trzecich mog\u0105 ponie\u015b\u0107 z tego tytu\u0142u odpowiedzialno\u015b\u0107 karn\u0105 lub cywiln\u0105.<\/em><span style=\"box-sizing: border-box; font-weight: bolder;\"><em style=\"box-sizing: border-box;\">JEDNOCZE\u015aNIE UZYTKOWNICY ZAMIESZCZAJ\u0104C KOMENTARZ OSWIADCZAJ\u0104, \u017bE BIOR\u0104 PE\u0141N\u0104 ODPOWIEDZIALNO\u015a\u0106 ZA TRE\u015aCI UMIESZCZONE PRZEZ SIEBIE<\/em><\/span><span style=\"box-sizing: border-box; font-weight: bolder;\">KOMENTARZE<\/span><\/p>\n<\/div>\n<div style=\"padding-bottom:20px; padding-top:10px;\" class=\"hupso-share-buttons\"><!-- Hupso Share Buttons - https:\/\/www.hupso.com\/share\/ --><a class=\"hupso_pop\" href=\"https:\/\/www.hupso.com\/share\/\"><img decoding=\"async\" data-src=\"http:\/\/static.hupso.com\/share\/buttons\/button100x23.png\" style=\"border:0px; width:100; height: 23; \" alt=\"Share Button\" src=\"data:image\/svg+xml;base64,PHN2ZyB3aWR0aD0iMSIgaGVpZ2h0PSIxIiB4bWxucz0iaHR0cDovL3d3dy53My5vcmcvMjAwMC9zdmciPjwvc3ZnPg==\" class=\"lazyload\" \/><\/a><script type=\"text\/javascript\">var hupso_services=new Array(\"Twitter\",\"Facebook\",\"Pinterest\",\"Linkedin\",\"Tumblr\",\"StumbleUpon\",\"Digg\",\"Reddit\",\"Bebo\",\"Delicious\",\"QZone\",\"Renren\",\"Email\");var hupso_icon_type = \"labels\";var hupso_background=\"#3BF8FF\";var hupso_border=\"#FF2B0A\";var hupso_image_folder_url = \"\";var hupso_url=\"\";var hupso_title=\"Samorz%C4%85dy%20zwa%C5%BC%C4%85%20%C5%9Bmieci%20i%20zwi%C4%99ksz%C4%85%20op%C5%82aty.%20Wy%C5%BCsze%20stawki%20przez%20brak%20segregacji.\";<\/script><script type=\"text\/javascript\" src=\"http:\/\/static.hupso.com\/share\/js\/share.js\"><\/script><!-- Hupso Share Buttons --><\/div>","protected":false},"excerpt":{"rendered":"<p>Ministerstwo Klimatu i \u015arodowiska przygotowa\u0142o ustaw\u0119, dzi\u0119ki kt\u00f3rej samorz\u0105dy zyskaj\u0105 nowe mo\u017cliwo\u015bci zwi\u0119kszania op\u0142at za wyw\u00f3z \u015bmieci. &#8220;Projektowana ustawa umo\u017cliwi r\u00f3\u017cnicowanie op\u0142at na podstawie masy i jako\u015bci segregacji&#8221; &#8211; czytamy&hellip; <\/p>\n<div style=\"padding-bottom:20px; padding-top:10px;\" class=\"hupso-share-buttons\"><!-- Hupso Share Buttons - https:\/\/www.hupso.com\/share\/ --><a class=\"hupso_pop\" href=\"https:\/\/www.hupso.com\/share\/\"><img data-src=\"http:\/\/static.hupso.com\/share\/buttons\/button100x23.png\" style=\"border:0px; width:100; height: 23; \" alt=\"Share Button\" src=\"data:image\/svg+xml;base64,PHN2ZyB3aWR0aD0iMSIgaGVpZ2h0PSIxIiB4bWxucz0iaHR0cDovL3d3dy53My5vcmcvMjAwMC9zdmciPjwvc3ZnPg==\" class=\"lazyload\" \/><\/a><script type=\"text\/javascript\">var hupso_services=new Array(\"Twitter\",\"Facebook\",\"Pinterest\",\"Linkedin\",\"Tumblr\",\"StumbleUpon\",\"Digg\",\"Reddit\",\"Bebo\",\"Delicious\",\"QZone\",\"Renren\",\"Email\");var hupso_icon_type = \"labels\";var hupso_background=\"#3BF8FF\";var hupso_border=\"#FF2B0A\";var hupso_image_folder_url = \"\";var hupso_url=\"\";var hupso_title=\"Samorz%C4%85dy%20zwa%C5%BC%C4%85%20%C5%9Bmieci%20i%20zwi%C4%99ksz%C4%85%20op%C5%82aty.%20Wy%C5%BCsze%20stawki%20przez%20brak%20segregacji.\";<\/script><script type=\"text\/javascript\" src=\"http:\/\/static.hupso.com\/share\/js\/share.js\"><\/script><!-- Hupso Share Buttons --><\/div>","protected":false},"author":1,"featured_media":11480,"comment_status":"open","ping_status":"open","sticky":false,"template":"","format":"standard","meta":{"_acf_changed":false,"wprm-recipe-roundup-name":"","wprm-recipe-roundup-description":"","footnotes":""},"categories":[19,28],"tags":[],"class_list":["post-11479","post","type-post","status-publish","format-standard","has-post-thumbnail","hentry","category-aktualnosci","category-wyd"],"acf":[],"amp_enabled":true,"_links":{"self":[{"href":"http:\/\/portalm\u0142awa.pl\/index.php?rest_route=\/wp\/v2\/posts\/11479","targetHints":{"allow":["GET"]}}],"collection":[{"href":"http:\/\/portalm\u0142awa.pl\/index.php?rest_route=\/wp\/v2\/posts"}],"about":[{"href":"http:\/\/portalm\u0142awa.pl\/index.php?rest_route=\/wp\/v2\/types\/post"}],"author":[{"embeddable":true,"href":"http:\/\/portalm\u0142awa.pl\/index.php?rest_route=\/wp\/v2\/users\/1"}],"replies":[{"embeddable":true,"href":"http:\/\/portalm\u0142awa.pl\/index.php?rest_route=%2Fwp%2Fv2%2Fcomments&post=11479"}],"version-history":[{"count":3,"href":"http:\/\/portalm\u0142awa.pl\/index.php?rest_route=\/wp\/v2\/posts\/11479\/revisions"}],"predecessor-version":[{"id":11483,"href":"http:\/\/portalm\u0142awa.pl\/index.php?rest_route=\/wp\/v2\/posts\/11479\/revisions\/11483"}],"wp:featuredmedia":[{"embeddable":true,"href":"http:\/\/portalm\u0142awa.pl\/index.php?rest_route=\/wp\/v2\/media\/11480"}],"wp:attachment":[{"href":"http:\/\/portalm\u0142awa.pl\/index.php?rest_route=%2Fwp%2Fv2%2Fmedia&parent=11479"}],"wp:term":[{"taxonomy":"category","embeddable":true,"href":"http:\/\/portalm\u0142awa.pl\/index.php?rest_route=%2Fwp%2Fv2%2Fcategories&post=11479"},{"taxonomy":"post_tag","embeddable":true,"href":"http:\/\/portalm\u0142awa.pl\/index.php?rest_route=%2Fwp%2Fv2%2Ftags&post=11479"}],"curies":[{"name":"wp","href":"https:\/\/api.w.org\/{rel}","templated":true}]}}