{"id":11484,"date":"2025-11-04T08:31:23","date_gmt":"2025-11-04T07:31:23","guid":{"rendered":"http:\/\/portalm\u0142awa.pl\/?p=11484"},"modified":"2025-11-04T08:31:23","modified_gmt":"2025-11-04T07:31:23","slug":"kompania-saperow-zakonczyla-intensywne-szkolenie-zintegrowane","status":"publish","type":"post","link":"http:\/\/portalm\u0142awa.pl\/?p=11484","title":{"rendered":"KOMPANIA SAPER\u00d3W ZAKO\u0143CZY\u0141A INTENSYWNE SZKOLENIE ZINTEGROWANE"},"content":{"rendered":"<div style=\"color: #000000; font-family: Calibri, Helvetica, sans-serif, EmojiFont, 'Apple Color Emoji', 'Segoe UI Emoji', NotoColorEmoji, 'Segoe UI Symbol', 'Android Emoji', EmojiSymbols;\">\n<p class=\"gwpc30d4baf_MsoNormal\" style=\"margin-bottom: 0cm; line-height: 18.4px; text-align: justify;\"><b>Z ko\u0144cem pa\u017adziernika blisko 60 \u017co\u0142nierzy kompanii saper\u00f3w 5 Mazowieckiej Brygady Obrony Terytorialnej zako\u0144czy\u0142o udzia\u0142 w intensywnym szkoleniu zintegrowanym. \u0106wiczenia by\u0142y kolejnym etapem doskonalenia umiej\u0119tno\u015bci saperskich, strzeleckich i taktycznych, kt\u00f3re pozwalaj\u0105 \u017co\u0142nierzom skutecznie realizowa\u0107 zadania w warunkach bojowych i kryzysowych.<\/b><\/p>\n<p class=\"gwpc30d4baf_MsoNormal\" style=\"margin-bottom: 0cm; line-height: 18.4px; text-align: justify;\">Zaj\u0119cia realizowano na terenie mazowieckich strzelnic, na pasach taktycznych oraz w du\u017cych kompleksach szkoleniowych, kt\u00f3re umo\u017cliwia\u0142y prowadzenie dzia\u0142a\u0144 z u\u017cyciem \u015brodk\u00f3w bojowych &#8211; w tym materia\u0142\u00f3w wybuchowych.<\/p>\n<p class=\"gwpc30d4baf_MsoNormal\" style=\"margin-bottom: 0cm; line-height: 18.4px; text-align: justify;\"><b>Jak podkre\u015bla dow\u00f3dca kompanii saper\u00f3w &#8211; por. Grzegorz, szkolenie by\u0142o naturalnym rozwini\u0119ciem wcze\u015bniejszych etap\u00f3w przygotowania<\/b>: n<i>a pocz\u0105tku roku zorganizowali\u015bmy dla \u017co\u0142nierzy cykl wyk\u0142ad\u00f3w po\u015bwi\u0119conych materia\u0142om wybuchowym, tak, aby jak najlepiej przygotowa\u0107 ich do bezpiecznego i skutecznego wykonywania zada\u0144 w praktyce. Nast\u0119pnie skupili\u015bmy si\u0119 na doskonaleniu umiej\u0119tno\u015bci z zakresu prac minerskich. Obecne szkolenie zintegrowane stanowi\u0142o kolejny etap \u2013 mia\u0142o na celu nie tylko utrwalenie wcze\u015bniejszej wiedzy, ale te\u017c jej pog\u0142\u0119bienie i rozwini\u0119cie praktycznych zdolno\u015bci moich podw\u0142adnych.<\/i><\/p>\n<p class=\"gwpc30d4baf_MsoNormal\" style=\"margin-bottom: 0cm; line-height: 18.4px; text-align: justify;\">Podczas zaj\u0119\u0107\u00a0<b>\u017co\u0142nierze<\/b>\u00a0<b>doskonalili umiej\u0119tno\u015bci indywidualne i zespo\u0142owe<\/b>\u00a0w sk\u0142adzie pododdzia\u0142u \u2014 m.in. s<b>trzelectwo<\/b>,\u00a0<b>taktyk\u0119<\/b>\u00a0oraz\u00a0<b>dzia\u0142ania in\u017cynieryjno-saperskie<\/b>, w tym specjalistyczne zadania, takie jak\u00a0<b>niszczenie element\u00f3w drewnianych i metalowych<\/b>,\u00a0<b>obliczanie \u0142adunk\u00f3w do wysadzania konstrukcji<\/b>\u00a0oraz\u00a0<b>tworzenie ogniowych i elektrycznych sieci wybuchowych.<\/b>\u00a0Ka\u017cdy z tych element\u00f3w mia\u0142 na celu przygotowanie \u017co\u0142nierzy do bezpiecznego i skutecznego wykonywania zada\u0144 w warunkach bojowych i kryzysowych.<\/p>\n<p class=\"gwpc30d4baf_MsoNormal\" style=\"margin-bottom: 0cm; line-height: 18.4px; text-align: justify;\">Zako\u0144czone szkolenie zintegrowane Terytorials\u00f3w stanowi wa\u017cny etap w procesie kszta\u0142cenia i doskonalenia specjalist\u00f3w. Dzi\u0119ki po\u0142\u0105czeniu teorii z intensywnym treningiem praktycznym, \u017co\u0142nierze zyskali mo\u017cliwo\u015b\u0107 sprawdzenia swoich umiej\u0119tno\u015bci w realistycznych warunkach, co bezpo\u015brednio przek\u0142ada si\u0119 na wzrost ich gotowo\u015bci bojowej. Kompania saper\u00f3w podsumowa\u0142a etap szkolenia specjalistycznego, potwierdzaj\u0105c wysoki poziom przygotowania i zaanga\u017cowania kadry oraz \u017co\u0142nierzy. Przed nimi kolejny rok z cyklu szkolenia Terytorialsa &#8211; etap szkolenia zgrywaj\u0105cego.<\/p>\n<p class=\"gwpc30d4baf_MsoNormal\" style=\"margin-bottom: 0cm; line-height: 18.4px; text-align: justify;\" align=\"center\"><b>***<\/b><\/p>\n<p class=\"gwpc30d4baf_MsoNormal\" style=\"margin-bottom: 0cm; line-height: 18.4px; text-align: justify;\" align=\"center\"><b><span style=\"font-size: 9pt; line-height: 13.8px;\">Cykl szkolenia \u017co\u0142nierzy WOT trwa 3 lata i jest podzielony na trzy etapy: szkolenie indywidualne (pierwszy rok), specjalistyczne (drugi rok) i zgrywaj\u0105ce (trzeci rok). W tym czasie \u017co\u0142nierze OT szkol\u0105 si\u0119 w ramach szkole\u0144 rotacyjnych, organizowanych w dni wolne od pracy i nauki, w wymiarze minimum dw\u00f3ch dni w miesi\u0105cu. Ka\u017cdy rok szkoleniowy Terytorialsi ko\u0144cz\u0105 dwutygodniowym szkoleniem zintegrowanym, realizowanym pe\u0142nowymiarowo lub w dw\u00f3ch modu\u0142ach.<\/span><\/b><\/p>\n<\/div>\n<div id=\"gwpc30d4baf_Signature\" style=\"color: #000000; font-family: Calibri, Helvetica, sans-serif, EmojiFont, 'Apple Color Emoji', 'Segoe UI Emoji', NotoColorEmoji, 'Segoe UI Symbol', 'Android Emoji', EmojiSymbols;\">\n<div id=\"gwpc30d4baf_divtagdefaultwrapper\" dir=\"ltr\" style=\"font-size: 12pt;\">\n<p class=\"gwpc30d4baf_MsoNormal\" style=\"text-align: justify;\"><b><span style=\"font-size: 8pt; font-family: Arial, Helvetica, sans-serif; color: #5b491f;\">st. kpr. El\u017cbieta OBR\u0118BSKA<\/span><\/b><\/p>\n<p class=\"gwpc30d4baf_MsoNormal\" style=\"text-align: justify;\"><span style=\"font-weight: bolder; color: #555555; font-family: Roboto, sans-serif; font-size: 15px; text-align: justify;\">KOMENTARZE<\/span><\/p>\n<p style=\"box-sizing: border-box; margin-top: 0px; margin-bottom: 15px; color: #555555; font-family: Roboto, sans-serif; font-size: 15px; text-align: justify;\"><em style=\"box-sizing: border-box;\">Wydawca portalu nie ponosi odpowiedzialno\u015bci za tre\u015b\u0107 komentarzy zamieszczanych przez u\u017cytkownik\u00f3w. Osoby zamieszczaj\u0105ce wypowiedzi naruszaj\u0105ce prawo lub prawem chronione dobra os\u00f3b trzecich mog\u0105 ponie\u015b\u0107 z tego tytu\u0142u odpowiedzialno\u015b\u0107 karn\u0105 lub cywiln\u0105.<\/em><span style=\"box-sizing: border-box; font-weight: bolder;\"><em style=\"box-sizing: border-box;\">JEDNOCZE\u015aNIE UZYTKOWNICY ZAMIESZCZAJ\u0104C KOMENTARZ OSWIADCZAJ\u0104, \u017bE BIOR\u0104 PE\u0141N\u0104 ODPOWIEDZIALNO\u015a\u0106 ZA TRE\u015aCI UMIESZCZONE PRZEZ SIEBIE<\/em><\/span><span style=\"box-sizing: border-box; font-weight: bolder;\">KOMENTARZE<\/span><\/p>\n<\/div>\n<\/div>\n<div style=\"padding-bottom:20px; padding-top:10px;\" class=\"hupso-share-buttons\"><!-- Hupso Share Buttons - https:\/\/www.hupso.com\/share\/ --><a class=\"hupso_pop\" href=\"https:\/\/www.hupso.com\/share\/\"><img decoding=\"async\" data-src=\"http:\/\/static.hupso.com\/share\/buttons\/button100x23.png\" style=\"border:0px; width:100; height: 23; \" alt=\"Share Button\" src=\"data:image\/svg+xml;base64,PHN2ZyB3aWR0aD0iMSIgaGVpZ2h0PSIxIiB4bWxucz0iaHR0cDovL3d3dy53My5vcmcvMjAwMC9zdmciPjwvc3ZnPg==\" class=\"lazyload\" \/><\/a><script type=\"text\/javascript\">var hupso_services=new Array(\"Twitter\",\"Facebook\",\"Pinterest\",\"Linkedin\",\"Tumblr\",\"StumbleUpon\",\"Digg\",\"Reddit\",\"Bebo\",\"Delicious\",\"QZone\",\"Renren\",\"Email\");var hupso_icon_type = \"labels\";var hupso_background=\"#3BF8FF\";var hupso_border=\"#FF2B0A\";var hupso_image_folder_url = \"\";var hupso_url=\"\";var hupso_title=\"KOMPANIA%20SAPER%C3%93W%20ZAKO%C5%83CZY%C5%81A%20INTENSYWNE%20SZKOLENIE%20ZINTEGROWANE\";<\/script><script type=\"text\/javascript\" src=\"http:\/\/static.hupso.com\/share\/js\/share.js\"><\/script><!-- Hupso Share Buttons --><\/div>","protected":false},"excerpt":{"rendered":"<p>Z ko\u0144cem pa\u017adziernika blisko 60 \u017co\u0142nierzy kompanii saper\u00f3w 5 Mazowieckiej Brygady Obrony Terytorialnej zako\u0144czy\u0142o udzia\u0142 w intensywnym szkoleniu zintegrowanym. \u0106wiczenia by\u0142y kolejnym etapem doskonalenia umiej\u0119tno\u015bci saperskich, strzeleckich i taktycznych, kt\u00f3re&hellip; <\/p>\n<div style=\"padding-bottom:20px; padding-top:10px;\" class=\"hupso-share-buttons\"><!-- Hupso Share Buttons - https:\/\/www.hupso.com\/share\/ --><a class=\"hupso_pop\" href=\"https:\/\/www.hupso.com\/share\/\"><img data-src=\"http:\/\/static.hupso.com\/share\/buttons\/button100x23.png\" style=\"border:0px; width:100; height: 23; \" alt=\"Share Button\" src=\"data:image\/svg+xml;base64,PHN2ZyB3aWR0aD0iMSIgaGVpZ2h0PSIxIiB4bWxucz0iaHR0cDovL3d3dy53My5vcmcvMjAwMC9zdmciPjwvc3ZnPg==\" class=\"lazyload\" \/><\/a><script type=\"text\/javascript\">var hupso_services=new Array(\"Twitter\",\"Facebook\",\"Pinterest\",\"Linkedin\",\"Tumblr\",\"StumbleUpon\",\"Digg\",\"Reddit\",\"Bebo\",\"Delicious\",\"QZone\",\"Renren\",\"Email\");var hupso_icon_type = \"labels\";var hupso_background=\"#3BF8FF\";var hupso_border=\"#FF2B0A\";var hupso_image_folder_url = \"\";var hupso_url=\"\";var hupso_title=\"KOMPANIA%20SAPER%C3%93W%20ZAKO%C5%83CZY%C5%81A%20INTENSYWNE%20SZKOLENIE%20ZINTEGROWANE\";<\/script><script type=\"text\/javascript\" src=\"http:\/\/static.hupso.com\/share\/js\/share.js\"><\/script><!-- Hupso Share Buttons --><\/div>","protected":false},"author":1,"featured_media":11485,"comment_status":"open","ping_status":"open","sticky":false,"template":"","format":"standard","meta":{"_acf_changed":false,"wprm-recipe-roundup-name":"","wprm-recipe-roundup-description":"","footnotes":""},"categories":[19,28],"tags":[],"class_list":["post-11484","post","type-post","status-publish","format-standard","has-post-thumbnail","hentry","category-aktualnosci","category-wyd"],"acf":[],"amp_enabled":true,"_links":{"self":[{"href":"http:\/\/portalm\u0142awa.pl\/index.php?rest_route=\/wp\/v2\/posts\/11484","targetHints":{"allow":["GET"]}}],"collection":[{"href":"http:\/\/portalm\u0142awa.pl\/index.php?rest_route=\/wp\/v2\/posts"}],"about":[{"href":"http:\/\/portalm\u0142awa.pl\/index.php?rest_route=\/wp\/v2\/types\/post"}],"author":[{"embeddable":true,"href":"http:\/\/portalm\u0142awa.pl\/index.php?rest_route=\/wp\/v2\/users\/1"}],"replies":[{"embeddable":true,"href":"http:\/\/portalm\u0142awa.pl\/index.php?rest_route=%2Fwp%2Fv2%2Fcomments&post=11484"}],"version-history":[{"count":1,"href":"http:\/\/portalm\u0142awa.pl\/index.php?rest_route=\/wp\/v2\/posts\/11484\/revisions"}],"predecessor-version":[{"id":11486,"href":"http:\/\/portalm\u0142awa.pl\/index.php?rest_route=\/wp\/v2\/posts\/11484\/revisions\/11486"}],"wp:featuredmedia":[{"embeddable":true,"href":"http:\/\/portalm\u0142awa.pl\/index.php?rest_route=\/wp\/v2\/media\/11485"}],"wp:attachment":[{"href":"http:\/\/portalm\u0142awa.pl\/index.php?rest_route=%2Fwp%2Fv2%2Fmedia&parent=11484"}],"wp:term":[{"taxonomy":"category","embeddable":true,"href":"http:\/\/portalm\u0142awa.pl\/index.php?rest_route=%2Fwp%2Fv2%2Fcategories&post=11484"},{"taxonomy":"post_tag","embeddable":true,"href":"http:\/\/portalm\u0142awa.pl\/index.php?rest_route=%2Fwp%2Fv2%2Ftags&post=11484"}],"curies":[{"name":"wp","href":"https:\/\/api.w.org\/{rel}","templated":true}]}}