{"id":11598,"date":"2025-11-08T11:41:32","date_gmt":"2025-11-08T10:41:32","guid":{"rendered":"http:\/\/portalm\u0142awa.pl\/?p=11598"},"modified":"2025-11-08T11:41:32","modified_gmt":"2025-11-08T10:41:32","slug":"mlodziez-zmienia-mlawe-pierwsze-szkolenie-nowo-wybranej-rady","status":"publish","type":"post","link":"http:\/\/portalm\u0142awa.pl\/?p=11598","title":{"rendered":"\u201eM\u0142odzie\u017c zmienia M\u0142aw\u0119 \u2014 pierwsze szkolenie nowo wybranej rady\u201d"},"content":{"rendered":"<p style=\"text-align: justify;\">M\u0141AWA \u2014 Nowy g\u0142os m\u0142odych w samorz\u0105dzie nie jest ju\u017c przysz\u0142o\u015bci\u0105 \u2014 sta\u0142 si\u0119 rzeczywisto\u015bci\u0105. W pi\u0105tek, 6 listopada 2025 r., w sali konferencyjnej Starostwa Powiatowego odby\u0142y si\u0119 pierwsze warsztaty przygotowawcze dla \u015bwie\u017co wybranych cz\u0142onk\u00f3w <strong>M\u0142odzie\u017cowej Rady Powiatu M\u0142awskiego<\/strong>. To pierwszy, decyduj\u0105cy krok od formalnego powo\u0142ania do realnego wp\u0142ywu na \u017cycie lokalnej spo\u0142eczno\u015bci.<\/p>\n<p style=\"text-align: justify;\">Zaj\u0119cia prowadzi\u0142a Agata Piotrkowska z Fundacji Civis Polonus \u2014 trenerka i koordynatorka projekt\u00f3w, kt\u00f3ra w praktyczny i warsztatowy spos\u00f3b wprowadzi\u0142a radnych w mechanik\u0119 dzia\u0142ania m\u0142odzie\u017cowych organ\u00f3w samorz\u0105dowych. Spotkanie mia\u0142o charakter intensywny: integracja zespo\u0142u, \u0107wiczenia komunikacyjne, symulacje pracy komisji i wyznaczanie zasad wsp\u00f3\u0142pracy \u2014 wszystko po to, by nowy organ nie sta\u0142 si\u0119 jedynie pustym cia\u0142em, lecz sprawnym narz\u0119dziem reprezentacji m\u0142odych mieszka\u0144c\u00f3w powiatu.<\/p>\n<p style=\"text-align: justify;\">\u201eGratuluj\u0119 Wam wyboru i oczekuj\u0119 aktywno\u015bci\u201d \u2014 m\u00f3wi\u0142 do uczestnik\u00f3w Starosta Witold Okumski, podkre\u015blaj\u0105c gotowo\u015b\u0107 samorz\u0105du powiatowego do traktowania inicjatyw m\u0142odzie\u017cy powa\u017cnie. Zapowied\u017a konkretnego wsparcia od w\u0142adz powiatu to sygna\u0142: m\u0142odzie\u017c nie zostanie pozostawiona sama sobie \u2014 jej projekty b\u0119d\u0105 rozpatrywane, a uchwa\u0142y wys\u0142uchane.<\/p>\n<h2 style=\"text-align: justify;\">Co zosta\u0142o zrealizowane na warsztatach?<\/h2>\n<ul style=\"text-align: justify;\">\n<li>integracja i budowa zespo\u0142u: m\u0142odzi radni mieli szans\u0119 pozna\u0107 si\u0119 i wypracowa\u0107 podstawowe zasady wsp\u00f3\u0142pracy;<\/li>\n<li>praktyczne warsztaty komunikacyjne: jak prowadzi\u0107 debat\u0119, jak przygotowa\u0107 wniosek i uchwa\u0142\u0119;<\/li>\n<li>rozw\u00f3j kompetencji liderskich: \u0107wiczenia moderacji, negocjacji i planowania projekt\u00f3w lokalnych;<\/li>\n<li>wprowadzenie do zada\u0144 M\u0142odzie\u017cowej Rady: formy dzia\u0142ania, kana\u0142y wsp\u00f3\u0142pracy z samorz\u0105dem powiatowym, etapy realizacji inicjatyw.<\/li>\n<\/ul>\n<p style=\"text-align: justify;\">Warsztat nie by\u0142 jedynie teoretycznym wyk\u0142adem \u2014 uczestnicy pracowali w grupach, tworzyli mini-projekty i \u0107wiczyli negocjacje. To podej\u015bcie zwi\u0119ksza szans\u0119, \u017ce pierwsze inicjatywy M\u0142odzie\u017cowej Rady b\u0119d\u0105 dobrze przygotowane formalnie oraz spo\u0142ecznie.<\/p>\n<h2 style=\"text-align: justify;\">Dlaczego to wa\u017cne dla powiatu?<\/h2>\n<p style=\"text-align: justify;\">M\u0142odzie\u017cowa Rada to nie dekoracja \u2014 to instrument w\u0142\u0105czania m\u0142odych w proces decyzyjny. Dzi\u0119ki takim cia\u0142om pomys\u0142y dotycz\u0105ce edukacji, kultury, warunk\u00f3w aktywno\u015bci m\u0142odzie\u017cy czy polityk prozdrowotnych trafiaj\u0105 bezpo\u015brednio do ludzi decyduj\u0105cych o bud\u017cecie i programach. To te\u017c naturalny inkubator przysz\u0142ych lider\u00f3w lokalnej polityki i spo\u0142ecze\u0144stwa obywatelskiego.<\/p>\n<p style=\"text-align: justify;\">Starosta Okumski wyra\u017anie zaznaczy\u0142: w\u0142adze powiatu traktuj\u0105 opinie m\u0142odzie\u017cy powa\u017cnie. To deklaracja, kt\u00f3ra zwi\u0119ksza legitymizacj\u0119 Rady i motywuje do przygotowywania konkretnych wniosk\u00f3w.<\/p>\n<h2 style=\"text-align: justify;\">Co dalej \u2014 harmonogram i pierwsze zadania<\/h2>\n<p style=\"text-align: justify;\">Warsztaty by\u0142y startem proceduralnym. Teraz przed rad\u0105 stoj\u0105 konkretne zadania:<\/p>\n<ul style=\"text-align: justify;\">\n<li>sformu\u0142owanie priorytet\u00f3w dzia\u0142a\u0144 na najbli\u017csze 12 miesi\u0119cy;<\/li>\n<li>przygotowanie regulaminu pracy Rady i zasad konsultacji spo\u0142ecznych;<\/li>\n<li>zaplanowanie pierwszych inicjatyw pilota\u017cowych \u2014 np. kampanii profilaktycznych, wydarze\u0144 edukacyjnych czy projekt\u00f3w aktywizuj\u0105cych m\u0142odzie\u017c poza szko\u0142\u0105;<\/li>\n<li>ustalenie kana\u0142\u00f3w komunikacji z mieszka\u0144cami i z rad\u0105 powiatu (sesje, raporty, media spo\u0142eczno\u015bciowe).<\/li>\n<\/ul>\n<p style=\"text-align: justify;\">Je\u017celi M\u0142odzie\u017cowa Rada szybko wdro\u017cy mechanizmy konsultacji i transparentno\u015bci, jej projekty maj\u0105 realne szanse na wsp\u00f3\u0142finansowanie lub wsparcie organizacyjne ze strony powiatu.<\/p>\n<h2 style=\"text-align: justify;\">S\u0142abe punkty i wyzwania<\/h2>\n<p style=\"text-align: justify;\">Kilka kwestii warto mie\u0107 na uwadze, aby inicjatywa nie utkn\u0119\u0142a w formalizmach:<\/p>\n<ul style=\"text-align: justify;\">\n<li><strong>Sukces zale\u017cy od ci\u0105g\u0142ego wsparcia mentorskiego<\/strong> \u2014 m\u0142odzi radni potrzebuj\u0105 doradztwa prawnego i organizacyjnego przy przygotowywaniu dokument\u00f3w;<\/li>\n<li><strong>Ryzyko apatii publicznej<\/strong> \u2014 brak szybkich efekt\u00f3w mo\u017ce zniech\u0119ci\u0107 uczestnik\u00f3w; dlatego pierwsze, widoczne dzia\u0142ania (nawet ma\u0142e) s\u0105 kluczowe;<\/li>\n<li><strong>Finansowanie<\/strong> \u2014 inicjatywy wymagaj\u0105 bud\u017cetu; rada powinna jasno wskaza\u0107 mechanizmy pozyskiwania \u015brodk\u00f3w (samorz\u0105d, granty wojew\u00f3dzkie, sponsorzy lokalni).<\/li>\n<\/ul>\n<h2 style=\"text-align: justify;\">Rekomendacje \u2014 jak zamieni\u0107 entuzjazm w realny wp\u0142yw<\/h2>\n<ol style=\"text-align: justify;\">\n<li>Przygotowa\u0107 <strong>prost\u0105 map\u0119 pierwszych projekt\u00f3w<\/strong> (3\u20135 zada\u0144 o r\u00f3\u017cnym zasi\u0119gu \u2014 od drobnych po strategiczne).<\/li>\n<li>Ustali\u0107 <strong>regularne raporty<\/strong> do Rady Powiatu i kr\u00f3tkie biuletyny dla mieszka\u0144c\u00f3w. Transparentno\u015b\u0107 buduje poparcie.<\/li>\n<li>Zapewni\u0107 <strong>mentoring od radnych i urz\u0119dnik\u00f3w<\/strong> \u2014 konsultacje techniczne co najmniej raz na miesi\u0105c.<\/li>\n<li>Skorzysta\u0107 z funduszy zewn\u0119trznych (programy wojew\u00f3dzkie, konkursy NGO) \u2014 tak jak projekt zosta\u0142 wsp\u00f3\u0142finansowany ze \u015brodk\u00f3w Samorz\u0105du Wojew\u00f3dztwa Mazowieckiego.<\/li>\n<li>Natychmiast zorganizowa\u0107 <strong>akcj\u0119 informacyjn\u0105<\/strong> w szko\u0142ach i mediach lokalnych, by zwi\u0119kszy\u0107 rekrutacj\u0119 wolontariuszy i uczestnik\u00f3w inicjatyw.<\/li>\n<\/ol>\n<h2 style=\"text-align: justify;\">Wniosek<\/h2>\n<p style=\"text-align: justify;\">Warsztaty 6 listopada to nie zwyk\u0142e \u201eodfajkowanie\u201d procedury \u2014 to realna szansa, by powiat m\u0142awski zyska\u0142 nowy, energiczny kana\u0142 dialogu z m\u0142odzie\u017c\u0105. Je\u015bli \u015bwie\u017co wybrane cia\u0142o utrzyma tempo dzia\u0142ania, b\u0119dzie przygotowane merytorycznie i otrzyma wsparcie samorz\u0105du, M\u0142odzie\u017cowa Rada mo\u017ce sta\u0107 si\u0119 ko\u0142em zamachowym lokalnych inicjatyw spo\u0142ecznych, edukacyjnych i kulturalnych. To inwestycja w kapita\u0142 ludzki powiatu \u2014 najta\u0144sza i najwa\u017cniejsza z mo\u017cliwych.<\/p>\n<p>T.B fot powiatmlawski. pl<\/p>\n<p style=\"box-sizing: border-box; margin-top: 0px; margin-bottom: 15px; color: #555555; font-family: Roboto, sans-serif; font-size: 15px; text-align: justify;\"><span style=\"box-sizing: border-box; font-weight: bolder;\">KOMENTARZE<\/span><\/p>\n<p style=\"box-sizing: border-box; margin-top: 0px; margin-bottom: 15px; color: #555555; font-family: Roboto, sans-serif; font-size: 15px; text-align: justify;\"><em style=\"box-sizing: border-box;\">Wydawca portalu nie ponosi odpowiedzialno\u015bci za tre\u015b\u0107 komentarzy zamieszczanych przez u\u017cytkownik\u00f3w. Osoby zamieszczaj\u0105ce wypowiedzi naruszaj\u0105ce prawo lub prawem chronione dobra os\u00f3b trzecich mog\u0105 ponie\u015b\u0107 z tego tytu\u0142u odpowiedzialno\u015b\u0107 karn\u0105 lub cywiln\u0105.<\/em><span style=\"box-sizing: border-box; font-weight: bolder;\"><em style=\"box-sizing: border-box;\">JEDNOCZE\u015aNIE UZYTKOWNICY ZAMIESZCZAJ\u0104C KOMENTARZ OSWIADCZAJ\u0104, \u017bE BIOR\u0104 PE\u0141N\u0104 ODPOWIEDZIALNO\u015a\u0106 ZA TRE\u015aCI UMIESZCZONE PRZEZ SIEBIE<\/em><\/span><\/p>\n<div style=\"padding-bottom:20px; padding-top:10px;\" class=\"hupso-share-buttons\"><!-- Hupso Share Buttons - https:\/\/www.hupso.com\/share\/ --><a class=\"hupso_pop\" href=\"https:\/\/www.hupso.com\/share\/\"><img decoding=\"async\" data-src=\"http:\/\/static.hupso.com\/share\/buttons\/button100x23.png\" style=\"border:0px; width:100; height: 23; \" alt=\"Share Button\" src=\"data:image\/svg+xml;base64,PHN2ZyB3aWR0aD0iMSIgaGVpZ2h0PSIxIiB4bWxucz0iaHR0cDovL3d3dy53My5vcmcvMjAwMC9zdmciPjwvc3ZnPg==\" class=\"lazyload\" \/><\/a><script type=\"text\/javascript\">var hupso_services=new Array(\"Twitter\",\"Facebook\",\"Pinterest\",\"Linkedin\",\"Tumblr\",\"StumbleUpon\",\"Digg\",\"Reddit\",\"Bebo\",\"Delicious\",\"QZone\",\"Renren\",\"Email\");var hupso_icon_type = \"labels\";var hupso_background=\"#3BF8FF\";var hupso_border=\"#FF2B0A\";var hupso_image_folder_url = \"\";var hupso_url=\"\";var hupso_title=\"%E2%80%9EM%C5%82odzie%C5%BC%20zmienia%20M%C5%82aw%C4%99%20%E2%80%94%20pierwsze%20szkolenie%20nowo%20wybranej%20rady%E2%80%9D\";<\/script><script type=\"text\/javascript\" src=\"http:\/\/static.hupso.com\/share\/js\/share.js\"><\/script><!-- Hupso Share Buttons --><\/div>","protected":false},"excerpt":{"rendered":"<p>M\u0141AWA \u2014 Nowy g\u0142os m\u0142odych w samorz\u0105dzie nie jest ju\u017c przysz\u0142o\u015bci\u0105 \u2014 sta\u0142 si\u0119 rzeczywisto\u015bci\u0105. W pi\u0105tek, 6 listopada 2025 r., w sali konferencyjnej Starostwa Powiatowego odby\u0142y si\u0119 pierwsze warsztaty&hellip; <\/p>\n<div style=\"padding-bottom:20px; padding-top:10px;\" class=\"hupso-share-buttons\"><!-- Hupso Share Buttons - https:\/\/www.hupso.com\/share\/ --><a class=\"hupso_pop\" href=\"https:\/\/www.hupso.com\/share\/\"><img data-src=\"http:\/\/static.hupso.com\/share\/buttons\/button100x23.png\" style=\"border:0px; width:100; height: 23; \" alt=\"Share Button\" src=\"data:image\/svg+xml;base64,PHN2ZyB3aWR0aD0iMSIgaGVpZ2h0PSIxIiB4bWxucz0iaHR0cDovL3d3dy53My5vcmcvMjAwMC9zdmciPjwvc3ZnPg==\" class=\"lazyload\" \/><\/a><script type=\"text\/javascript\">var hupso_services=new Array(\"Twitter\",\"Facebook\",\"Pinterest\",\"Linkedin\",\"Tumblr\",\"StumbleUpon\",\"Digg\",\"Reddit\",\"Bebo\",\"Delicious\",\"QZone\",\"Renren\",\"Email\");var hupso_icon_type = \"labels\";var hupso_background=\"#3BF8FF\";var hupso_border=\"#FF2B0A\";var hupso_image_folder_url = \"\";var hupso_url=\"\";var hupso_title=\"%E2%80%9EM%C5%82odzie%C5%BC%20zmienia%20M%C5%82aw%C4%99%20%E2%80%94%20pierwsze%20szkolenie%20nowo%20wybranej%20rady%E2%80%9D\";<\/script><script type=\"text\/javascript\" src=\"http:\/\/static.hupso.com\/share\/js\/share.js\"><\/script><!-- Hupso Share Buttons --><\/div>","protected":false},"author":1,"featured_media":11599,"comment_status":"open","ping_status":"open","sticky":false,"template":"","format":"standard","meta":{"_acf_changed":false,"wprm-recipe-roundup-name":"","wprm-recipe-roundup-description":"","footnotes":""},"categories":[19,28],"tags":[],"class_list":["post-11598","post","type-post","status-publish","format-standard","has-post-thumbnail","hentry","category-aktualnosci","category-wyd"],"acf":[],"amp_enabled":true,"_links":{"self":[{"href":"http:\/\/portalm\u0142awa.pl\/index.php?rest_route=\/wp\/v2\/posts\/11598","targetHints":{"allow":["GET"]}}],"collection":[{"href":"http:\/\/portalm\u0142awa.pl\/index.php?rest_route=\/wp\/v2\/posts"}],"about":[{"href":"http:\/\/portalm\u0142awa.pl\/index.php?rest_route=\/wp\/v2\/types\/post"}],"author":[{"embeddable":true,"href":"http:\/\/portalm\u0142awa.pl\/index.php?rest_route=\/wp\/v2\/users\/1"}],"replies":[{"embeddable":true,"href":"http:\/\/portalm\u0142awa.pl\/index.php?rest_route=%2Fwp%2Fv2%2Fcomments&post=11598"}],"version-history":[{"count":1,"href":"http:\/\/portalm\u0142awa.pl\/index.php?rest_route=\/wp\/v2\/posts\/11598\/revisions"}],"predecessor-version":[{"id":11600,"href":"http:\/\/portalm\u0142awa.pl\/index.php?rest_route=\/wp\/v2\/posts\/11598\/revisions\/11600"}],"wp:featuredmedia":[{"embeddable":true,"href":"http:\/\/portalm\u0142awa.pl\/index.php?rest_route=\/wp\/v2\/media\/11599"}],"wp:attachment":[{"href":"http:\/\/portalm\u0142awa.pl\/index.php?rest_route=%2Fwp%2Fv2%2Fmedia&parent=11598"}],"wp:term":[{"taxonomy":"category","embeddable":true,"href":"http:\/\/portalm\u0142awa.pl\/index.php?rest_route=%2Fwp%2Fv2%2Fcategories&post=11598"},{"taxonomy":"post_tag","embeddable":true,"href":"http:\/\/portalm\u0142awa.pl\/index.php?rest_route=%2Fwp%2Fv2%2Ftags&post=11598"}],"curies":[{"name":"wp","href":"https:\/\/api.w.org\/{rel}","templated":true}]}}