{"id":11667,"date":"2025-11-13T10:10:55","date_gmt":"2025-11-13T09:10:55","guid":{"rendered":"http:\/\/portalm\u0142awa.pl\/?p=11667"},"modified":"2025-11-13T10:10:55","modified_gmt":"2025-11-13T09:10:55","slug":"cyngiel-tureckiej-mafii-zatrzymany-w-centrum-warszawy","status":"publish","type":"post","link":"http:\/\/portalm\u0142awa.pl\/?p=11667","title":{"rendered":"\u201eCyngiel\u201d tureckiej mafii zatrzymany w centrum Warszawy"},"content":{"rendered":"<div class=\"head\" style=\"color: #000000; font-family: Arial, Helvetica, sans-serif; font-size: 15.996px; word-spacing: 2.55936px;\">\n<p class=\"intro\" style=\"font-size: 17.5956px; text-align: justify;\"><strong>Mi\u0119dzynarodowa wsp\u00f3\u0142praca s\u0142u\u017cb i dzia\u0142ania operacyjne funkcjonariuszy pionu kryminalnego Komendy Sto\u0142ecznej Policji doprowadzi\u0142y do zatrzymania 43-letniego obywatela Turcji. M\u0119\u017cczyzna by\u0142 poszukiwany czerwon\u0105 not\u0105 Interpolu. Jest \u0142\u0105czony z zab\u00f3jstwami, porwaniami oraz zbrojnymi atakami na osoby w Stambule. Z ustale\u0144 policjant\u00f3w wynika, \u017ce zatrzymany by\u0142 cz\u0142onkiem stambulskiej mafii. W momencie zatrzymania policjanci znale\u017ali przy nim bro\u0144 paln\u0105 z wprowadzonym nabojem do komory nabojowej oraz 26 sztuk amunicji. S\u0105d przychyli\u0142 si\u0119 do wniosku Prokuratury Rejonowej Warszawa \u015ar\u00f3dmie\u015bcie stosuj\u0105c wobec 43-latka \u015brodek zapobiegawczy w postaci tymczasowego aresztowania na okres trzech miesi\u0119cy.<\/strong><\/p>\n<\/div>\n<p style=\"color: #000000; font-family: Arial, Helvetica, sans-serif; font-size: 15.996px; word-spacing: 2.55936px; text-align: justify;\">Policjanci z Zespo\u0142u Poszukiwa\u0144 Celowych Wydzia\u0142u Poszukiwa\u0144 i Identyfikacji Os\u00f3b Komendy Sto\u0142ecznej Policji tropi\u0105 na co dzie\u0144 najgro\u017aniejszych przest\u0119pc\u00f3w, kt\u00f3rzy ukrywaj\u0105 si\u0119 przed odpowiedzialno\u015bci\u0105 za swoje czyny.<\/p>\n<p style=\"color: #000000; font-family: Arial, Helvetica, sans-serif; font-size: 15.996px; word-spacing: 2.55936px; text-align: justify;\">Ci sami funkcjonariusze w ostatnim czasie wpadli na trop gro\u017anego przest\u0119pcy z Turcji, kt\u00f3ry przyjecha\u0142 do Warszawy. Ustalili, \u017ce 43-latek jest poszukiwany przez tureckie organy \u015bcigania. Wszystkie informacje jednoznacznie wskazywa\u0142y, \u017ce jest on cz\u0142onkiem zorganizowanej grupy zajmuj\u0105cej si\u0119 zab\u00f3jstwami, porwaniami oraz zbrojnymi atakami na ludzi w Turcji.<\/p>\n<p style=\"color: #000000; font-family: Arial, Helvetica, sans-serif; font-size: 15.996px; word-spacing: 2.55936px; text-align: justify;\">Kluczowa w tej sprawie okaza\u0142a si\u0119 wsp\u00f3\u0142praca sto\u0142ecznych policjant\u00f3w z funkcjonariuszami Centralnego Biura Antykorupcyjnego. Dzia\u0142ania prowadzono wielotorowo, opiera\u0142y si\u0119 na mi\u0119dzynarodowej wymianie informacji ze stron\u0105 tureck\u0105. 43-latek by\u0142 poszukiwany czerwon\u0105 not\u0105, wydan\u0105 przez Interpol, jako osoba niebezpieczna.<\/p>\n<p style=\"color: #000000; font-family: Arial, Helvetica, sans-serif; font-size: 15.996px; word-spacing: 2.55936px; text-align: justify;\">Po skrupulatnie przygotowanej realizacji sto\u0142eczni kryminalni przy wsparciu Samodzielnego Pododdzia\u0142u Kontrterrorystycznego Policji zatrzymali m\u0119\u017cczyzn\u0119 przed jedn\u0105 z restauracji przy ulicy \u017burawiej. W tej sytuacji wdro\u017cono szczeg\u00f3lne procedury bezpiecze\u0144stwa. Takie \u015brodki zastosowano z uwagi na fakt, \u017ce m\u0119\u017cczyzna m\u00f3g\u0142 by\u0107 uzbrojony i pr\u00f3bowa\u0107 ucieka\u0107 za wszelk\u0105 cen\u0119.<\/p>\n<p style=\"color: #000000; font-family: Arial, Helvetica, sans-serif; font-size: 15.996px; word-spacing: 2.55936px; text-align: justify;\">Przy obywatelu Turcji policjanci znale\u017ali bro\u0144 paln\u0105 z wprowadzonym nabojem do komory nabojowej oraz 26 sztuk amunicji. Nast\u0119pnie m\u0119\u017cczyzna trafi\u0142 do komendy przy ulicy Wilczej. Z ustale\u0144 \u015bledczych wynika, \u017ce przyjecha\u0142 on do Polski z Europy Zachodniej kilkana\u015bcie dni wcze\u015bniej.<\/p>\n<p style=\"color: #000000; font-family: Arial, Helvetica, sans-serif; font-size: 15.996px; word-spacing: 2.55936px; text-align: justify;\">Do dzia\u0142a\u0144 w tej sprawie w\u0142\u0105czono kryminalnych ze \u015br\u00f3dmiejskiego Wydzia\u0142u do Walki z Przest\u0119pczo\u015bci\u0105 Przeciwko \u017byciu i Zdrowiu. Ci sami policjanci zebrali materia\u0142 procesowy, dotycz\u0105cy nielegalnego posiadania broni palnej i amunicji, kt\u00f3rych pochodzenie jest sprawdzane przez \u015bledczych.<\/p>\n<p style=\"color: #000000; font-family: Arial, Helvetica, sans-serif; font-size: 15.996px; word-spacing: 2.55936px; text-align: justify;\">Akta przekazano do Prokuratury Rejonowej Warszawa \u015ar\u00f3dmie\u015bcie, gdzie 43-latek us\u0142ysza\u0142 zarzuty za posiadanie broni palnej i amunicji bez wymaganego zezwolenia.<\/p>\n<p style=\"color: #000000; font-family: Arial, Helvetica, sans-serif; font-size: 15.996px; word-spacing: 2.55936px; text-align: justify;\">S\u0105d przychyli\u0142 si\u0119 do wniosku Prokuratury Rejonowej Warszawa \u015ar\u00f3dmie\u015bcie stosuj\u0105c wobec obywatela Turcji \u015brodek zapobiegawczy w postaci tymczasowego aresztowania na okres trzech miesi\u0119cy.<\/p>\n<p style=\"color: #000000; font-family: Arial, Helvetica, sans-serif; font-size: 15.996px; word-spacing: 2.55936px; text-align: justify;\">Przedmiotowa sprawa pokazuje skuteczno\u015b\u0107 sto\u0142ecznych policjant\u00f3w w zatrzymywaniu najgro\u017aniejszych przest\u0119pc\u00f3w. Warto podkre\u015bli\u0107 profesjonalizm wszystkich jednostek, bior\u0105cych udzia\u0142 w przedmiotowej realizacji.<\/p>\n<p style=\"color: #000000; font-family: Arial, Helvetica, sans-serif; font-size: 15.996px; word-spacing: 2.55936px; text-align: justify;\">Post\u0119powanie w tej sprawie nadzoruje Prokuratura Rejonowa Warszawa \u015ar\u00f3dmie\u015bcie.<\/p>\n<p style=\"color: #000000; font-family: Arial, Helvetica, sans-serif; font-size: 15.996px; word-spacing: 2.55936px; text-align: justify;\">Tekst: m\u0142. asp. Jakub Pacyniak<\/p>\n<p style=\"color: #000000; font-family: Arial, Helvetica, sans-serif; font-size: 15.996px; word-spacing: 2.55936px; text-align: justify;\">sier\u017c. szt. Kacper Wojteczko<\/p>\n<p style=\"box-sizing: border-box; margin-top: 0px; margin-bottom: 15px; color: #555555; font-family: Roboto, sans-serif; font-size: 15px; text-align: justify;\"><span style=\"box-sizing: border-box; font-weight: bolder;\">KOMENTARZE<\/span><\/p>\n<p style=\"box-sizing: border-box; margin-top: 0px; margin-bottom: 15px; color: #555555; font-family: Roboto, sans-serif; font-size: 15px; text-align: justify;\"><em style=\"box-sizing: border-box;\">Wydawca portalu nie ponosi odpowiedzialno\u015bci za tre\u015b\u0107 komentarzy zamieszczanych przez u\u017cytkownik\u00f3w. Osoby zamieszczaj\u0105ce wypowiedzi naruszaj\u0105ce prawo lub prawem chronione dobra os\u00f3b trzecich mog\u0105 ponie\u015b\u0107 z tego tytu\u0142u odpowiedzialno\u015b\u0107 karn\u0105 lub cywiln\u0105.<\/em><span style=\"box-sizing: border-box; font-weight: bolder;\"><em style=\"box-sizing: border-box;\">JEDNOCZE\u015aNIE UZYTKOWNICY ZAMIESZCZAJ\u0104C KOMENTARZ OSWIADCZAJ\u0104, \u017bE BIOR\u0104 PE\u0141N\u0104 ODPOWIEDZIALNO\u015a\u0106 ZA TRE\u015aCI UMIESZCZONE PRZEZ SIEBIE<\/em><\/span><\/p>\n<div style=\"padding-bottom:20px; padding-top:10px;\" class=\"hupso-share-buttons\"><!-- Hupso Share Buttons - https:\/\/www.hupso.com\/share\/ --><a class=\"hupso_pop\" href=\"https:\/\/www.hupso.com\/share\/\"><img decoding=\"async\" data-src=\"http:\/\/static.hupso.com\/share\/buttons\/button100x23.png\" style=\"border:0px; width:100; height: 23; \" alt=\"Share Button\" src=\"data:image\/svg+xml;base64,PHN2ZyB3aWR0aD0iMSIgaGVpZ2h0PSIxIiB4bWxucz0iaHR0cDovL3d3dy53My5vcmcvMjAwMC9zdmciPjwvc3ZnPg==\" class=\"lazyload\" \/><\/a><script type=\"text\/javascript\">var hupso_services=new Array(\"Twitter\",\"Facebook\",\"Pinterest\",\"Linkedin\",\"Tumblr\",\"StumbleUpon\",\"Digg\",\"Reddit\",\"Bebo\",\"Delicious\",\"QZone\",\"Renren\",\"Email\");var hupso_icon_type = \"labels\";var hupso_background=\"#3BF8FF\";var hupso_border=\"#FF2B0A\";var hupso_image_folder_url = \"\";var hupso_url=\"\";var hupso_title=\"%E2%80%9ECyngiel%E2%80%9D%20tureckiej%20mafii%20zatrzymany%20w%20centrum%20Warszawy\";<\/script><script type=\"text\/javascript\" src=\"http:\/\/static.hupso.com\/share\/js\/share.js\"><\/script><!-- Hupso Share Buttons --><\/div>","protected":false},"excerpt":{"rendered":"<p>Mi\u0119dzynarodowa wsp\u00f3\u0142praca s\u0142u\u017cb i dzia\u0142ania operacyjne funkcjonariuszy pionu kryminalnego Komendy Sto\u0142ecznej Policji doprowadzi\u0142y do zatrzymania 43-letniego obywatela Turcji. M\u0119\u017cczyzna by\u0142 poszukiwany czerwon\u0105 not\u0105 Interpolu. Jest \u0142\u0105czony z zab\u00f3jstwami, porwaniami oraz&hellip; <\/p>\n<div style=\"padding-bottom:20px; padding-top:10px;\" class=\"hupso-share-buttons\"><!-- Hupso Share Buttons - https:\/\/www.hupso.com\/share\/ --><a class=\"hupso_pop\" href=\"https:\/\/www.hupso.com\/share\/\"><img data-src=\"http:\/\/static.hupso.com\/share\/buttons\/button100x23.png\" style=\"border:0px; width:100; height: 23; \" alt=\"Share Button\" src=\"data:image\/svg+xml;base64,PHN2ZyB3aWR0aD0iMSIgaGVpZ2h0PSIxIiB4bWxucz0iaHR0cDovL3d3dy53My5vcmcvMjAwMC9zdmciPjwvc3ZnPg==\" class=\"lazyload\" \/><\/a><script type=\"text\/javascript\">var hupso_services=new Array(\"Twitter\",\"Facebook\",\"Pinterest\",\"Linkedin\",\"Tumblr\",\"StumbleUpon\",\"Digg\",\"Reddit\",\"Bebo\",\"Delicious\",\"QZone\",\"Renren\",\"Email\");var hupso_icon_type = \"labels\";var hupso_background=\"#3BF8FF\";var hupso_border=\"#FF2B0A\";var hupso_image_folder_url = \"\";var hupso_url=\"\";var hupso_title=\"%E2%80%9ECyngiel%E2%80%9D%20tureckiej%20mafii%20zatrzymany%20w%20centrum%20Warszawy\";<\/script><script type=\"text\/javascript\" src=\"http:\/\/static.hupso.com\/share\/js\/share.js\"><\/script><!-- Hupso Share Buttons --><\/div>","protected":false},"author":1,"featured_media":11668,"comment_status":"open","ping_status":"open","sticky":false,"template":"","format":"standard","meta":{"_acf_changed":false,"wprm-recipe-roundup-name":"","wprm-recipe-roundup-description":"","footnotes":""},"categories":[19,5,28],"tags":[],"class_list":["post-11667","post","type-post","status-publish","format-standard","has-post-thumbnail","hentry","category-aktualnosci","category-na-sygnale","category-wyd"],"acf":[],"amp_enabled":true,"_links":{"self":[{"href":"http:\/\/portalm\u0142awa.pl\/index.php?rest_route=\/wp\/v2\/posts\/11667","targetHints":{"allow":["GET"]}}],"collection":[{"href":"http:\/\/portalm\u0142awa.pl\/index.php?rest_route=\/wp\/v2\/posts"}],"about":[{"href":"http:\/\/portalm\u0142awa.pl\/index.php?rest_route=\/wp\/v2\/types\/post"}],"author":[{"embeddable":true,"href":"http:\/\/portalm\u0142awa.pl\/index.php?rest_route=\/wp\/v2\/users\/1"}],"replies":[{"embeddable":true,"href":"http:\/\/portalm\u0142awa.pl\/index.php?rest_route=%2Fwp%2Fv2%2Fcomments&post=11667"}],"version-history":[{"count":1,"href":"http:\/\/portalm\u0142awa.pl\/index.php?rest_route=\/wp\/v2\/posts\/11667\/revisions"}],"predecessor-version":[{"id":11669,"href":"http:\/\/portalm\u0142awa.pl\/index.php?rest_route=\/wp\/v2\/posts\/11667\/revisions\/11669"}],"wp:featuredmedia":[{"embeddable":true,"href":"http:\/\/portalm\u0142awa.pl\/index.php?rest_route=\/wp\/v2\/media\/11668"}],"wp:attachment":[{"href":"http:\/\/portalm\u0142awa.pl\/index.php?rest_route=%2Fwp%2Fv2%2Fmedia&parent=11667"}],"wp:term":[{"taxonomy":"category","embeddable":true,"href":"http:\/\/portalm\u0142awa.pl\/index.php?rest_route=%2Fwp%2Fv2%2Fcategories&post=11667"},{"taxonomy":"post_tag","embeddable":true,"href":"http:\/\/portalm\u0142awa.pl\/index.php?rest_route=%2Fwp%2Fv2%2Ftags&post=11667"}],"curies":[{"name":"wp","href":"https:\/\/api.w.org\/{rel}","templated":true}]}}