{"id":11691,"date":"2025-11-13T21:24:11","date_gmt":"2025-11-13T20:24:11","guid":{"rendered":"http:\/\/portalm\u0142awa.pl\/?p=11691"},"modified":"2025-11-13T21:24:11","modified_gmt":"2025-11-13T20:24:11","slug":"mlody-glos-wielka-nagroda-franek-jarzebski-triumfuje-na-26-festiwalu-piosenki-jana-wojdaka","status":"publish","type":"post","link":"http:\/\/portalm\u0142awa.pl\/?p=11691","title":{"rendered":"M\u0142ody g\u0142os, wielka nagroda \u2014 Franek Jarz\u0119bski triumfuje na 26. Festiwalu \u201ePiosenki Jana Wojdaka\u201d\u00a0"},"content":{"rendered":"<p style=\"text-align: justify;\">W dniach 10\u201311 listopada 2025 roku Nowohuckie Centrum Kultury w Krakowie rozbrzmia\u0142o m\u0142odymi g\u0142osami z ca\u0142ej Polski \u2014 odby\u0142a si\u0119 XXVI Og\u00f3lnopolska edycja Festiwalu Piosenki Dzieci\u0119cej i M\u0142odzie\u017cowej im. Jana Wojdaka, wydarzenia obj\u0119te patronatem m.in. Ministra Kultury i Dziedzictwa Narodowego. Impreza, znana z promowania muzycznych talent\u00f3w i profesjonalnego otoczenia artystycznego, przyci\u0105gn\u0119\u0142a finalist\u00f3w, juror\u00f3w i publiczno\u015b\u0107 gotow\u0105 odkrywa\u0107 nowe dzieci\u0119ce i m\u0142odzie\u017cowe g\u0142osy sceny.<\/p>\n<p style=\"text-align: justify;\">W tym wielkim przegl\u0105dzie sukces odnotowa\u0142 Franek Jarz\u0119bski \u2014 w jednej z kategorii wiekowych wyr\u00f3\u017cniony pierwszym miejscem za wykonanie utworu <strong>\u201eZosta\u0144 z nami melodio\u201d<\/strong>. Wed\u0142ug relacji spo\u0142eczno\u015bciowych oraz wpis\u00f3w bliskich artysty, jego wyst\u0119p zosta\u0142 nagrodzony dodatkowo specjalnym wyr\u00f3\u017cnieniem Ministra Kultury i Dziedzictwa Narodowego oraz nagrod\u0105 Fundacji Rozwoju, kt\u00f3ra sfinansuje nagranie piosenki na p\u0142yt\u0119 festiwalow\u0105. To du\u017ce wyr\u00f3\u017cnienie: poza tytu\u0142em, Franek zyska\u0142 mo\u017cliwo\u015b\u0107 profesjonalnego wej\u015bcia do studia i trafienia na oficjalny kr\u0105\u017cek imprezy.<\/p>\n<h2 style=\"text-align: justify;\">Co robi to zwyci\u0119stwo wyj\u0105tkowym?<\/h2>\n<p style=\"text-align: justify;\">Ten triumf to wi\u0119cej ni\u017c laur \u2014 to przepustka do dalszej pracy artystycznej. Festiwal Jana Wojdaka od lat \u0142\u0105czy jurorsk\u0105 ekspertyz\u0119 z opiek\u0105 artystyczn\u0105 nad m\u0142odymi wykonawcami; laureaci otrzymuj\u0105 nie tylko nagrody, lecz r\u00f3wnie\u017c realne wsparcie przy rozwijaniu warsztatu: warsztaty studyjne, sesje nagraniowe i kontakt z bran\u017c\u0105 muzyczn\u0105. Dla m\u0142odego wykonawcy to moment prze\u0142omowy: piosenka nagrana dzi\u0119ki wsparciu fundacji ma szans\u0119 dotrze\u0107 do szerszej publiczno\u015bci i otworzy\u0107 drzwi do kolejnych scen.<\/p>\n<h2 style=\"text-align: justify;\">Kto jeszcze b\u0142yszcza\u0142 i co dalej?<\/h2>\n<p style=\"text-align: justify;\">Pe\u0142na lista laureat\u00f3w i szczeg\u00f3\u0142owe protoko\u0142y jury s\u0105 zwyczajowo publikowane przez organizator\u00f3w \u2014 na stronach festiwalu i w komunikatach Nowohuckiego Centrum Kultury. Materia\u0142y informacyjne NCK potwierdzaj\u0105 przebieg przes\u0142ucha\u0144 i harmonogram fina\u0142u w dniach 10\u201311 listopada, a tak\u017ce fakt, \u017ce gala fina\u0142owa odby\u0142a si\u0119 w siedzibie centrum. Jednak oficjalne zestawienia wszystkich nagr\u00f3d i wyr\u00f3\u017cnie\u0144 (w tym pe\u0142ne kroniki zwyci\u0119zc\u00f3w) nie zawsze s\u0105 natychmiast dost\u0119pne w centralnym komunikacie \u2014 w przypadku potrzeby pe\u0142nej, formalnej listy laureat\u00f3w warto zwr\u00f3ci\u0107 si\u0119 bezpo\u015brednio do organizator\u00f3w festiwalu.<\/p>\n<h2 style=\"text-align: justify;\">Kilka s\u0142\u00f3w o piosence i jej historii<\/h2>\n<p style=\"text-align: justify;\">\u201eZosta\u0144 z nami melodio\u201d to tytu\u0142 znany z repertuaru muzycznego, kt\u00f3ry w finale festiwalu zabrzmia\u0142 w nowej, dzieci\u0119cej interpretacji \u2014 to piosenka o sile melodii, o tym, jak muzyka \u0142\u0105czy pokolenia i towarzyszy w wa\u017cnych chwilach \u017cycia. W interpretacji Franka znalaz\u0142a si\u0119 rzetelno\u015b\u0107 warsztatu i naturalny kontakt z publiczno\u015bci\u0105 \u2014 cechy, kt\u00f3re najcz\u0119\u015bciej trafiaj\u0105 w gusta jury festiwalowego.<\/p>\n<h2 style=\"text-align: justify;\">Gratulacje i rekomendacja weryfikacyjna<\/h2>\n<p style=\"text-align: justify;\">Gratulujemy Frankowi Jarz\u0119bskiemu \u2014 niezale\u017cnie od formalnej listy nagr\u00f3d, relacje i wpisy bliskich wskazuj\u0105 na wielki dzie\u0144 i artystyczne wyr\u00f3\u017cnienie. Jednocze\u015bnie, by zachowa\u0107 najwy\u017csze standardy dziennikarskie: cz\u0119\u015b\u0107 informacji o nagrodach specjalnych (ministerialnych i fundacyjnych) pochodzi z relacji spo\u0142eczno\u015bciowych i wpis\u00f3w powi\u0105zanych z laureatem. Aby uzyska\u0107 oficjalne potwierdzenie (dok\u0142adne brzmienie nagr\u00f3d, protok\u00f3\u0142 jury, formalne komunikaty prasowe organizatora), rekomenduj\u0119 kontakt z biurem Nowohuckiego Centrum Kultury lub z organizatorami festiwalu \u2014 strony wydarzenia zawieraj\u0105 dane kontaktowe i komunikaty, kt\u00f3re najpewniej potwierdz\u0105 pe\u0142n\u0105 list\u0119 laureat\u00f3w.<\/p>\n<p>T.B fot Wyspanum<\/p>\n<p style=\"box-sizing: border-box; margin-top: 0px; margin-bottom: 15px; color: #555555; font-family: Roboto, sans-serif; font-size: 15px; text-align: justify;\"><span style=\"box-sizing: border-box; font-weight: bolder;\">KOMENTARZE<\/span><\/p>\n<p style=\"box-sizing: border-box; margin-top: 0px; margin-bottom: 15px; color: #555555; font-family: Roboto, sans-serif; font-size: 15px; text-align: justify;\"><em style=\"box-sizing: border-box;\">Wydawca portalu nie ponosi odpowiedzialno\u015bci za tre\u015b\u0107 komentarzy zamieszczanych przez u\u017cytkownik\u00f3w. Osoby zamieszczaj\u0105ce wypowiedzi naruszaj\u0105ce prawo lub prawem chronione dobra os\u00f3b trzecich mog\u0105 ponie\u015b\u0107 z tego tytu\u0142u odpowiedzialno\u015b\u0107 karn\u0105 lub cywiln\u0105.<\/em><span style=\"box-sizing: border-box; font-weight: bolder;\"><em style=\"box-sizing: border-box;\">JEDNOCZE\u015aNIE UZYTKOWNICY ZAMIESZCZAJ\u0104C KOMENTARZ OSWIADCZAJ\u0104, \u017bE BIOR\u0104 PE\u0141N\u0104 ODPOWIEDZIALNO\u015a\u0106 ZA TRE\u015aCI UMIESZCZONE PRZEZ SIEBIE<\/em><\/span><\/p>\n<div style=\"padding-bottom:20px; padding-top:10px;\" class=\"hupso-share-buttons\"><!-- Hupso Share Buttons - https:\/\/www.hupso.com\/share\/ --><a class=\"hupso_pop\" href=\"https:\/\/www.hupso.com\/share\/\"><img decoding=\"async\" data-src=\"http:\/\/static.hupso.com\/share\/buttons\/button100x23.png\" style=\"border:0px; width:100; height: 23; \" alt=\"Share Button\" src=\"data:image\/svg+xml;base64,PHN2ZyB3aWR0aD0iMSIgaGVpZ2h0PSIxIiB4bWxucz0iaHR0cDovL3d3dy53My5vcmcvMjAwMC9zdmciPjwvc3ZnPg==\" class=\"lazyload\" \/><\/a><script type=\"text\/javascript\">var hupso_services=new Array(\"Twitter\",\"Facebook\",\"Pinterest\",\"Linkedin\",\"Tumblr\",\"StumbleUpon\",\"Digg\",\"Reddit\",\"Bebo\",\"Delicious\",\"QZone\",\"Renren\",\"Email\");var hupso_icon_type = \"labels\";var hupso_background=\"#3BF8FF\";var hupso_border=\"#FF2B0A\";var hupso_image_folder_url = \"\";var hupso_url=\"\";var hupso_title=\"M%C5%82ody%20g%C5%82os%2C%20wielka%20nagroda%20%E2%80%94%20Franek%20Jarz%C4%99bski%20triumfuje%20na%2026.%20Festiwalu%20%E2%80%9EPiosenki%20Jana%20Wojdaka%E2%80%9D%C2%A0\";<\/script><script type=\"text\/javascript\" src=\"http:\/\/static.hupso.com\/share\/js\/share.js\"><\/script><!-- Hupso Share Buttons --><\/div>","protected":false},"excerpt":{"rendered":"<p>W dniach 10\u201311 listopada 2025 roku Nowohuckie Centrum Kultury w Krakowie rozbrzmia\u0142o m\u0142odymi g\u0142osami z ca\u0142ej Polski \u2014 odby\u0142a si\u0119 XXVI Og\u00f3lnopolska edycja Festiwalu Piosenki Dzieci\u0119cej i M\u0142odzie\u017cowej im. Jana&hellip; <\/p>\n<div style=\"padding-bottom:20px; padding-top:10px;\" class=\"hupso-share-buttons\"><!-- Hupso Share Buttons - https:\/\/www.hupso.com\/share\/ --><a class=\"hupso_pop\" href=\"https:\/\/www.hupso.com\/share\/\"><img data-src=\"http:\/\/static.hupso.com\/share\/buttons\/button100x23.png\" style=\"border:0px; width:100; height: 23; \" alt=\"Share Button\" src=\"data:image\/svg+xml;base64,PHN2ZyB3aWR0aD0iMSIgaGVpZ2h0PSIxIiB4bWxucz0iaHR0cDovL3d3dy53My5vcmcvMjAwMC9zdmciPjwvc3ZnPg==\" class=\"lazyload\" \/><\/a><script type=\"text\/javascript\">var hupso_services=new Array(\"Twitter\",\"Facebook\",\"Pinterest\",\"Linkedin\",\"Tumblr\",\"StumbleUpon\",\"Digg\",\"Reddit\",\"Bebo\",\"Delicious\",\"QZone\",\"Renren\",\"Email\");var hupso_icon_type = \"labels\";var hupso_background=\"#3BF8FF\";var hupso_border=\"#FF2B0A\";var hupso_image_folder_url = \"\";var hupso_url=\"\";var hupso_title=\"M%C5%82ody%20g%C5%82os%2C%20wielka%20nagroda%20%E2%80%94%20Franek%20Jarz%C4%99bski%20triumfuje%20na%2026.%20Festiwalu%20%E2%80%9EPiosenki%20Jana%20Wojdaka%E2%80%9D%C2%A0\";<\/script><script type=\"text\/javascript\" src=\"http:\/\/static.hupso.com\/share\/js\/share.js\"><\/script><!-- Hupso Share Buttons --><\/div>","protected":false},"author":1,"featured_media":11692,"comment_status":"open","ping_status":"open","sticky":false,"template":"","format":"standard","meta":{"_acf_changed":false,"wprm-recipe-roundup-name":"","wprm-recipe-roundup-description":"","footnotes":""},"categories":[19,3,28],"tags":[],"class_list":["post-11691","post","type-post","status-publish","format-standard","has-post-thumbnail","hentry","category-aktualnosci","category-kultura","category-wyd"],"acf":[],"amp_enabled":true,"_links":{"self":[{"href":"http:\/\/portalm\u0142awa.pl\/index.php?rest_route=\/wp\/v2\/posts\/11691","targetHints":{"allow":["GET"]}}],"collection":[{"href":"http:\/\/portalm\u0142awa.pl\/index.php?rest_route=\/wp\/v2\/posts"}],"about":[{"href":"http:\/\/portalm\u0142awa.pl\/index.php?rest_route=\/wp\/v2\/types\/post"}],"author":[{"embeddable":true,"href":"http:\/\/portalm\u0142awa.pl\/index.php?rest_route=\/wp\/v2\/users\/1"}],"replies":[{"embeddable":true,"href":"http:\/\/portalm\u0142awa.pl\/index.php?rest_route=%2Fwp%2Fv2%2Fcomments&post=11691"}],"version-history":[{"count":1,"href":"http:\/\/portalm\u0142awa.pl\/index.php?rest_route=\/wp\/v2\/posts\/11691\/revisions"}],"predecessor-version":[{"id":11693,"href":"http:\/\/portalm\u0142awa.pl\/index.php?rest_route=\/wp\/v2\/posts\/11691\/revisions\/11693"}],"wp:featuredmedia":[{"embeddable":true,"href":"http:\/\/portalm\u0142awa.pl\/index.php?rest_route=\/wp\/v2\/media\/11692"}],"wp:attachment":[{"href":"http:\/\/portalm\u0142awa.pl\/index.php?rest_route=%2Fwp%2Fv2%2Fmedia&parent=11691"}],"wp:term":[{"taxonomy":"category","embeddable":true,"href":"http:\/\/portalm\u0142awa.pl\/index.php?rest_route=%2Fwp%2Fv2%2Fcategories&post=11691"},{"taxonomy":"post_tag","embeddable":true,"href":"http:\/\/portalm\u0142awa.pl\/index.php?rest_route=%2Fwp%2Fv2%2Ftags&post=11691"}],"curies":[{"name":"wp","href":"https:\/\/api.w.org\/{rel}","templated":true}]}}