{"id":11694,"date":"2025-11-14T07:28:01","date_gmt":"2025-11-14T06:28:01","guid":{"rendered":"http:\/\/portalm\u0142awa.pl\/?p=11694"},"modified":"2025-11-14T07:28:01","modified_gmt":"2025-11-14T06:28:01","slug":"bajkowy-dzien-w-trojce-kiedy-szkolne-korytarze-zamienily-sie-w-kraine-wyobrazni","status":"publish","type":"post","link":"http:\/\/portalm\u0142awa.pl\/?p=11694","title":{"rendered":"Bajkowy dzie\u0144 w \u201eTr\u00f3jce\u201d \u2014 kiedy szkolne korytarze zamieni\u0142y si\u0119 w krain\u0119 wyobra\u017ani"},"content":{"rendered":"<p style=\"text-align: justify;\">Kiedy rankiem do Szko\u0142y Podstawowej nr 3 w M\u0142awie wszed\u0142 pierwszy poranny dzwonek, nikt ju\u017c nie spodziewa\u0142 si\u0119 zwyk\u0142ego dnia lekcyjnego. Korytarze wype\u0142ni\u0142y si\u0119 kolorem, \u015bmiechem i postaciami z najpi\u0119kniejszych opowie\u015bci \u2014 Mi\u0119dzynarodowy Dzie\u0144 Postaci z Bajek zamieni\u0142 szkoln\u0105 przestrze\u0144 w prawdziw\u0105, pulsuj\u0105c\u0105 bajkow\u0105 krain\u0119.<\/p>\n<h3 style=\"text-align: justify;\">Barwy, kostiumy i dzieci\u0119ca energia \u2014 od Smerf\u00f3w po Kr\u00f3lewny<\/h3>\n<p style=\"text-align: justify;\">Przebrani uczniowie i zaanga\u017cowani nauczyciele stworzyli spektakl prosty, a zarazem magiczny. By\u0142y Smerfy, Bob Budowniczy, kr\u00f3licze uszy i korony ksi\u0119\u017cniczek \u2014 ka\u017cdy kostium mia\u0142 swoj\u0105 histori\u0119. Nie chodzi\u0142o jednak tylko o pokaz mody: za kolorami kry\u0142a si\u0119 starannie zaplanowana lekcja kreatywno\u015bci i empatii. Dzieci z dum\u0105 opowiada\u0142y o swoich bohaterach, t\u0142umaczy\u0142y, co je w bajkach inspiruje i jakie warto\u015bci wynosz\u0105 z tych opowie\u015bci.<\/p>\n<h3 style=\"text-align: justify;\">Gry, quizy i nauka zamkni\u0119te w zabawie<\/h3>\n<p style=\"text-align: justify;\">Organizatorzy zadbali, by \u015bwi\u0119to mia\u0142o wymiar edukacyjny. Konkursy na najlepsz\u0105 charakteryzacj\u0119, quizy rozpoznawania postaci po rekwizytach i cytatach oraz wsp\u00f3lne zabawy anga\u017cowa\u0142y grupy wiekowe, \u0142\u0105cz\u0105c rywalizacj\u0119 z nauk\u0105. Dzieci \u0107wiczy\u0142y pami\u0119\u0107, rozumienie tekstu i umiej\u0119tno\u015b\u0107 wyra\u017cania emocji \u2014 wszystkie te kompetencje wplecione by\u0142y w konstrukcj\u0119 zabaw i zada\u0144.<\/p>\n<h3 style=\"text-align: justify;\">Bajki jako drogowskazy warto\u015bci<\/h3>\n<p style=\"text-align: justify;\">Najwa\u017cniejszym przes\u0142aniem dnia nie by\u0142y jednak kostiumy, lecz przypomnienie o tym, co bajki nios\u0105: warto\u015b\u0107 przyja\u017ani, odwaga wobec trudno\u015bci, empatia wobec s\u0142abszych. Nauczyciele wykorzystali okazj\u0119, by rozmawia\u0107 z uczniami o uniwersalnych przes\u0142aniach literatury dzieci\u0119cej \u2014 o tym, jak bohaterowie radz\u0105 sobie z problemami i czego mog\u0105 nas nauczy\u0107. To by\u0142a lekcja wychowawcza oparta na przyk\u0142adach, kt\u00f3re dzieci rozumiej\u0105 najbardziej naturalnie \u2014 przez zabaw\u0119 i identyfikacj\u0119 z postaciami.<\/p>\n<h3 style=\"text-align: justify;\">Wsp\u00f3lnota, rodzice i szkolna kreatywno\u015b\u0107<\/h3>\n<p style=\"text-align: justify;\">Sukces wydarzenia to tak\u017ce zas\u0142uga rodzic\u00f3w i ca\u0142ej spo\u0142eczno\u015bci szkolnej, kt\u00f3rzy aktywnie wsparli przygotowania \u2014 od szycia stroj\u00f3w po dekoracje klas. Dzi\u0119ki temu dzie\u0144 ten sta\u0142 si\u0119 \u015bwi\u0119tem ca\u0142ej szko\u0142y: nie tylko uczni\u00f3w i nauczycieli, ale te\u017c rodzic\u00f3w, kt\u00f3rzy powr\u00f3cili pami\u0119ci\u0105 do w\u0142asnych dzieci\u0119cych lektur.<\/p>\n<h3 style=\"text-align: justify;\">Co zosta\u0142o po bajkowym dniu?<\/h3>\n<p style=\"text-align: justify;\">Po zdj\u0119ciach, nagrodach i wsp\u00f3lnych konkursach pozosta\u0142 efekt wa\u017cniejszy ni\u017c chwilowa zabawa: wzrost entuzjazmu do czytania, od\u015bwie\u017cone relacje r\u00f3wie\u015bnicze i przypomnienie, \u017ce wyobra\u017ania jest motorem rozwoju. Takie dni ucz\u0105, \u017ce szko\u0142a mo\u017ce by\u0107 miejscem, w kt\u00f3rym wiedza idzie w parze z emocj\u0105, a nauka \u2014 z rado\u015bci\u0105.<\/p>\n<p style=\"text-align: justify;\">Nades\u0142ane. Oprac T.B fot SP3<\/p>\n<p style=\"box-sizing: border-box; margin-top: 0px; margin-bottom: 15px; color: #555555; font-family: Roboto, sans-serif; font-size: 15px; text-align: justify;\"><span style=\"box-sizing: border-box; font-weight: bolder;\">KOMENTARZE<\/span><\/p>\n<p style=\"box-sizing: border-box; margin-top: 0px; margin-bottom: 15px; color: #555555; font-family: Roboto, sans-serif; font-size: 15px; text-align: justify;\"><em style=\"box-sizing: border-box;\">Wydawca portalu nie ponosi odpowiedzialno\u015bci za tre\u015b\u0107 komentarzy zamieszczanych przez u\u017cytkownik\u00f3w. Osoby zamieszczaj\u0105ce wypowiedzi naruszaj\u0105ce prawo lub prawem chronione dobra os\u00f3b trzecich mog\u0105 ponie\u015b\u0107 z tego tytu\u0142u odpowiedzialno\u015b\u0107 karn\u0105 lub cywiln\u0105.<\/em><span style=\"box-sizing: border-box; font-weight: bolder;\"><em style=\"box-sizing: border-box;\">JEDNOCZE\u015aNIE UZYTKOWNICY ZAMIESZCZAJ\u0104C KOMENTARZ OSWIADCZAJ\u0104, \u017bE BIOR\u0104 PE\u0141N\u0104 ODPOWIEDZIALNO\u015a\u0106 ZA TRE\u015aCI UMIESZCZONE PRZEZ SIEBIE<\/em><\/span><\/p>\n<div style=\"padding-bottom:20px; padding-top:10px;\" class=\"hupso-share-buttons\"><!-- Hupso Share Buttons - https:\/\/www.hupso.com\/share\/ --><a class=\"hupso_pop\" href=\"https:\/\/www.hupso.com\/share\/\"><img decoding=\"async\" data-src=\"http:\/\/static.hupso.com\/share\/buttons\/button100x23.png\" style=\"border:0px; width:100; height: 23; \" alt=\"Share Button\" src=\"data:image\/svg+xml;base64,PHN2ZyB3aWR0aD0iMSIgaGVpZ2h0PSIxIiB4bWxucz0iaHR0cDovL3d3dy53My5vcmcvMjAwMC9zdmciPjwvc3ZnPg==\" class=\"lazyload\" \/><\/a><script type=\"text\/javascript\">var hupso_services=new Array(\"Twitter\",\"Facebook\",\"Pinterest\",\"Linkedin\",\"Tumblr\",\"StumbleUpon\",\"Digg\",\"Reddit\",\"Bebo\",\"Delicious\",\"QZone\",\"Renren\",\"Email\");var hupso_icon_type = \"labels\";var hupso_background=\"#3BF8FF\";var hupso_border=\"#FF2B0A\";var hupso_image_folder_url = \"\";var hupso_url=\"\";var hupso_title=\"Bajkowy%20dzie%C5%84%20w%20%E2%80%9ETr%C3%B3jce%E2%80%9D%20%E2%80%94%20kiedy%20szkolne%20korytarze%20zamieni%C5%82y%20si%C4%99%20w%20krain%C4%99%20wyobra%C5%BAni\";<\/script><script type=\"text\/javascript\" src=\"http:\/\/static.hupso.com\/share\/js\/share.js\"><\/script><!-- Hupso Share Buttons --><\/div>","protected":false},"excerpt":{"rendered":"<p>Kiedy rankiem do Szko\u0142y Podstawowej nr 3 w M\u0142awie wszed\u0142 pierwszy poranny dzwonek, nikt ju\u017c nie spodziewa\u0142 si\u0119 zwyk\u0142ego dnia lekcyjnego. Korytarze wype\u0142ni\u0142y si\u0119 kolorem, \u015bmiechem i postaciami z najpi\u0119kniejszych&hellip; <\/p>\n<div style=\"padding-bottom:20px; padding-top:10px;\" class=\"hupso-share-buttons\"><!-- Hupso Share Buttons - https:\/\/www.hupso.com\/share\/ --><a class=\"hupso_pop\" href=\"https:\/\/www.hupso.com\/share\/\"><img data-src=\"http:\/\/static.hupso.com\/share\/buttons\/button100x23.png\" style=\"border:0px; width:100; height: 23; \" alt=\"Share Button\" src=\"data:image\/svg+xml;base64,PHN2ZyB3aWR0aD0iMSIgaGVpZ2h0PSIxIiB4bWxucz0iaHR0cDovL3d3dy53My5vcmcvMjAwMC9zdmciPjwvc3ZnPg==\" class=\"lazyload\" \/><\/a><script type=\"text\/javascript\">var hupso_services=new Array(\"Twitter\",\"Facebook\",\"Pinterest\",\"Linkedin\",\"Tumblr\",\"StumbleUpon\",\"Digg\",\"Reddit\",\"Bebo\",\"Delicious\",\"QZone\",\"Renren\",\"Email\");var hupso_icon_type = \"labels\";var hupso_background=\"#3BF8FF\";var hupso_border=\"#FF2B0A\";var hupso_image_folder_url = \"\";var hupso_url=\"\";var hupso_title=\"Bajkowy%20dzie%C5%84%20w%20%E2%80%9ETr%C3%B3jce%E2%80%9D%20%E2%80%94%20kiedy%20szkolne%20korytarze%20zamieni%C5%82y%20si%C4%99%20w%20krain%C4%99%20wyobra%C5%BAni\";<\/script><script type=\"text\/javascript\" src=\"http:\/\/static.hupso.com\/share\/js\/share.js\"><\/script><!-- Hupso Share Buttons --><\/div>","protected":false},"author":1,"featured_media":11695,"comment_status":"open","ping_status":"open","sticky":false,"template":"","format":"standard","meta":{"_acf_changed":false,"wprm-recipe-roundup-name":"","wprm-recipe-roundup-description":"","footnotes":""},"categories":[19,3,28],"tags":[],"class_list":["post-11694","post","type-post","status-publish","format-standard","has-post-thumbnail","hentry","category-aktualnosci","category-kultura","category-wyd"],"acf":[],"amp_enabled":true,"_links":{"self":[{"href":"http:\/\/portalm\u0142awa.pl\/index.php?rest_route=\/wp\/v2\/posts\/11694","targetHints":{"allow":["GET"]}}],"collection":[{"href":"http:\/\/portalm\u0142awa.pl\/index.php?rest_route=\/wp\/v2\/posts"}],"about":[{"href":"http:\/\/portalm\u0142awa.pl\/index.php?rest_route=\/wp\/v2\/types\/post"}],"author":[{"embeddable":true,"href":"http:\/\/portalm\u0142awa.pl\/index.php?rest_route=\/wp\/v2\/users\/1"}],"replies":[{"embeddable":true,"href":"http:\/\/portalm\u0142awa.pl\/index.php?rest_route=%2Fwp%2Fv2%2Fcomments&post=11694"}],"version-history":[{"count":1,"href":"http:\/\/portalm\u0142awa.pl\/index.php?rest_route=\/wp\/v2\/posts\/11694\/revisions"}],"predecessor-version":[{"id":11696,"href":"http:\/\/portalm\u0142awa.pl\/index.php?rest_route=\/wp\/v2\/posts\/11694\/revisions\/11696"}],"wp:featuredmedia":[{"embeddable":true,"href":"http:\/\/portalm\u0142awa.pl\/index.php?rest_route=\/wp\/v2\/media\/11695"}],"wp:attachment":[{"href":"http:\/\/portalm\u0142awa.pl\/index.php?rest_route=%2Fwp%2Fv2%2Fmedia&parent=11694"}],"wp:term":[{"taxonomy":"category","embeddable":true,"href":"http:\/\/portalm\u0142awa.pl\/index.php?rest_route=%2Fwp%2Fv2%2Fcategories&post=11694"},{"taxonomy":"post_tag","embeddable":true,"href":"http:\/\/portalm\u0142awa.pl\/index.php?rest_route=%2Fwp%2Fv2%2Ftags&post=11694"}],"curies":[{"name":"wp","href":"https:\/\/api.w.org\/{rel}","templated":true}]}}