{"id":11726,"date":"2025-11-15T08:34:12","date_gmt":"2025-11-15T07:34:12","guid":{"rendered":"http:\/\/portalm\u0142awa.pl\/?p=11726"},"modified":"2025-11-15T08:35:18","modified_gmt":"2025-11-15T07:35:18","slug":"tak-to-sie-robi-w-ciechanowie-%e2%9c%8d%ef%b8%8f-kosinski-podpisal-projekt-budzetu-2026-rekordy-ktore-zmieniaja-miasto","status":"publish","type":"post","link":"http:\/\/portalm\u0142awa.pl\/?p=11726","title":{"rendered":"\u201eTak to si\u0119 robi w Ciechanowie\u201d .Prezydent Kosi\u0144ski podpisa\u0142 projekt bud\u017cetu 2026 \u2014 rekordy, kt\u00f3re zmieniaj\u0105 miasto"},"content":{"rendered":"<p style=\"text-align: justify;\"><strong>Ciechan\u00f3w, listopad 2025<\/strong> \u2014 Prezydent Krzysztof Kosi\u0144ski z\u0142o\u017cy\u0142 podpis pod projektem bud\u017cetu miasta na 2026 rok i zapisa\u0142 w nim liczby, kt\u00f3re trudno nazwa\u0107 inaczej ni\u017c odwa\u017cnymi. To dokument, kt\u00f3ry stawia na inwestycje, przyspiesza tempo zmian w przestrzeni miejskiej i trzyma mieszka\u0144c\u00f3w z dala od podwy\u017cek podatk\u00f3w. Je\u015bli szuka\u0107 has\u0142a przewodniego \u2014 brzmi ono: rozw\u00f3j bez bolesnych obci\u0105\u017ce\u0144 dla mieszka\u0144c\u00f3w. Tak to si\u0119 robi w Ciechanowie.<\/p>\n<p style=\"text-align: justify;\">Projekt \u2014 kilka najwa\u017cniejszych liczb (wg materia\u0142u podpisanego dzi\u015b przez prezydenta):<\/p>\n<ul style=\"text-align: justify;\">\n<li><strong>Dochody: 450 mln z\u0142<\/strong> (w tym roku \u2014 ok. 407 mln z\u0142).<\/li>\n<li><strong>Wydatki inwestycyjne: blisko 180 mln z\u0142<\/strong> (rok wcze\u015bniej ~130 mln z\u0142).<\/li>\n<li><strong>Relacja wydatk\u00f3w inwestycyjnych do wydatk\u00f3w og\u00f3\u0142em: &gt;36%<\/strong> (poprzednio 31%).<\/li>\n<li><strong>Nadwy\u017cka operacyjna: 13,3 mln z\u0142<\/strong> (wobec 9,2 mln z\u0142 rok wcze\u015bniej).<\/li>\n<li><strong>Udzia\u0142 \u015brodk\u00f3w zewn\u0119trznych w finansowaniu inwestycji: 73%<\/strong>.<\/li>\n<\/ul>\n<p style=\"text-align: justify;\">To liczby m\u00f3wi\u0105ce jednym g\u0142osem: miasto przechodzi od planowania do realizacji \u2014 wi\u0119cej modernizacji, wi\u0119cej inwestycji drogowych, rewitalizacji i projekt\u00f3w spo\u0142ecznych \u2014 bez zwi\u0119kszania lokalnych podatk\u00f3w. (Informacje pochodz\u0105 z projektu bud\u017cetu przedstawionego przez Prezydenta).<\/p>\n<p style=\"text-align: justify;\"><strong>Dlaczego to istotne? <\/strong><\/p>\n<p style=\"text-align: justify;\">Bo to nie jest zwyk\u0142e \u201ewi\u0119cej pieni\u0119dzy na papierze\u201d. To strategia, kt\u00f3ra \u0142\u0105czy: agresywne si\u0119ganie po zewn\u0119trzne \u017ar\u00f3d\u0142a finansowania, skoncentrowane wydatki inwestycyjne i ostro\u017cne zarz\u0105dzanie bie\u017c\u0105cymi kosztami. Dzi\u0119ki takiemu podej\u015bciu Ciechan\u00f3w mo\u017ce jednocze\u015bnie modernizowa\u0107 infrastruktur\u0119 i nie obci\u0105\u017ca\u0107 portfeli mieszka\u0144c\u00f3w. T\u0119 logik\u0119 prezydent Kosi\u0144ski prezentowa\u0142 ju\u017c wcze\u015bniej, zapowiadaj\u0105c rekordowy program inwestycji w rozmowach z lokalnymi mediami.<\/p>\n<p style=\"text-align: justify;\"><strong>Co oznaczaj\u0105 konkretne pozycje?<\/strong><\/p>\n<ul style=\"text-align: justify;\">\n<li><strong>450 mln z\u0142 dochod\u00f3w<\/strong> to przestrze\u0144, kt\u00f3ra pozwala planowa\u0107 wieloletnie projekty \u2014 budowy, remonty, programy spo\u0142eczne i kontynuacj\u0119 du\u017cych zada\u0144 zapowiadanych wcze\u015bniej. W ubieg\u0142ym roku miasto zainwestowa\u0142o rekordowo ponad 122 mln z\u0142 \u2014 teraz skala ro\u015bnie jeszcze mocniej, co potwierdza ci\u0105g\u0142o\u015b\u0107 polityki inwestycyjnej.<\/li>\n<li><strong>180 mln z\u0142 na inwestycje<\/strong> oznacza przyspieszenie inwestycyjne w infrastruktur\u0119 miejsk\u0105: drogi, przestrzenie publiczne, obiekty u\u017cyteczno\u015bci publicznej i projekty zwi\u0105zane z zielon\u0105 transformacj\u0105 (m.in. projekty ju\u017c wsp\u00f3\u0142finansowane z program\u00f3w krajowych i unijnych). Miasto w ostatnich latach udowodni\u0142o, \u017ce potrafi pozyskiwa\u0107 znacz\u0105ce \u015brodki zewn\u0119trzne \u2014 teraz planuje wykorzysta\u0107 ten mechanizm na szersz\u0105 skal\u0119.<\/li>\n<\/ul>\n<p style=\"text-align: justify;\"><strong>Ryzyko i rozs\u0105dek<\/strong><br \/>\nKa\u017cdy agresywny plan inwestycyjny niesie za sob\u0105 wyzwania \u2014 chodzi o harmonogramy, zdolno\u015b\u0107 do zakontraktowania rob\u00f3t, kontrol\u0119 koszt\u00f3w i utrzymanie p\u0142ynno\u015bci. Projekt pokazuje jednak, \u017ce w Ciechanowie my\u015bl\u0105 r\u00f3wnolegle o trzech rzeczach: intensywnych inwestycjach, wysokim udziale funduszy zewn\u0119trznych (73%) i stabilnej nadwy\u017cce operacyjnej \u2014 czyli buforze na wypadek nieprzewidzianych wydatk\u00f3w. To mix, kt\u00f3ry minimalizuje ryzyko bez rezygnacji z ambicji.<\/p>\n<p style=\"text-align: justify;\"><strong>Polityka fiskalna \u2014 bez niespodzianek dla mieszka\u0144c\u00f3w<\/strong><br \/>\nCo wa\u017cne \u2014 deklaracja brzmi jasno: <strong>podatki i lokalne op\u0142aty pozostaj\u0105 bez zmian<\/strong>. To element, kt\u00f3ry ma pokaza\u0107, \u017ce rozw\u00f3j miasta nie b\u0119dzie odbywa\u0142 si\u0119 kosztem kieszeni mieszka\u0144c\u00f3w. Pozostaje jednak do monitorowania: czy realizacja inwestycji p\u00f3jdzie zgodnie z harmonogramem, czy ceny i koszty wykonawcze nie podnios\u0105 oczekiwa\u0144 finansowych. W przesz\u0142o\u015bci Ciechan\u00f3w wielokrotnie udowadnia\u0142 skuteczno\u015b\u0107 w pozyskiwaniu \u015brodk\u00f3w zewn\u0119trznych i realizacji du\u017cych projekt\u00f3w \u2014 dzi\u015b stawia na eskalacj\u0119 tego modelu.<\/p>\n<p style=\"text-align: justify;\"><strong>Co dalej i czego oczekiwa\u0107?<\/strong><br \/>\nPrzed miastem intensywny rok realizacji: przetargi, podpisywanie um\u00f3w, start bud\u00f3w i pilnowanie jako\u015bci. Dla mieszka\u0144c\u00f3w to realne efekty: nowe drogi, zmodernizowane place, inwestycje w infrastruktur\u0119 spo\u0142eczn\u0105 i miejsk\u0105. Dla w\u0142adz \u2014 test kompetencji wykonawczej i administracyjnej. Dla radnych i opinii publicznej \u2014 materia\u0142 do dyskusji o priorytetach wydatkowych i tempie zmian.<\/p>\n<p style=\"text-align: justify;\"><strong>Na koniec<\/strong> \u2014 s\u0142owo od autora projektu: prezydent Kosi\u0144ski oceni\u0142 ten dokument jako \u201enajlepszy bud\u017cet\u201d w jego dotychczasowej kadencji i zapowiedzia\u0142, \u017ce kolejne miesi\u0105ce b\u0119d\u0105 pracowite, ale efekty maj\u0105 przebija\u0107 wcze\u015bniejsze osi\u0105gni\u0119cia. Je\u015bli liczby zamieni\u0105 si\u0119 w realne inwestycje \u2014 Ciechan\u00f3w mo\u017ce wej\u015b\u0107 w now\u0105 faz\u0119 szybkiej przemiany miejskiej.<\/p>\n<p style=\"text-align: justify;\">\u0179r\u00f3d\u0142o Krzysztof Kosi\u0144ski\u00a0 Oprac T.B fot Krzysztof Kosi\u0144ski<\/p>\n<p style=\"box-sizing: border-box; margin-top: 0px; margin-bottom: 15px; color: #555555; font-family: Roboto, sans-serif; font-size: 15px; text-align: justify;\"><span style=\"box-sizing: border-box; font-weight: bolder;\">KOMENTARZE<\/span><\/p>\n<p style=\"box-sizing: border-box; margin-top: 0px; margin-bottom: 15px; color: #555555; font-family: Roboto, sans-serif; font-size: 15px; text-align: justify;\"><em style=\"box-sizing: border-box;\">Wydawca portalu nie ponosi odpowiedzialno\u015bci za tre\u015b\u0107 komentarzy zamieszczanych przez u\u017cytkownik\u00f3w. Osoby zamieszczaj\u0105ce wypowiedzi naruszaj\u0105ce prawo lub prawem chronione dobra os\u00f3b trzecich mog\u0105 ponie\u015b\u0107 z tego tytu\u0142u odpowiedzialno\u015b\u0107 karn\u0105 lub cywiln\u0105.<\/em><span style=\"box-sizing: border-box; font-weight: bolder;\"><em style=\"box-sizing: border-box;\">JEDNOCZE\u015aNIE UZYTKOWNICY ZAMIESZCZAJ\u0104C KOMENTARZ OSWIADCZAJ\u0104, \u017bE BIOR\u0104 PE\u0141N\u0104 ODPOWIEDZIALNO\u015a\u0106 ZA TRE\u015aCI UMIESZCZONE PRZEZ SIEBIE<\/em><\/span><\/p>\n<p style=\"text-align: justify;\">\n<div style=\"padding-bottom:20px; padding-top:10px;\" class=\"hupso-share-buttons\"><!-- Hupso Share Buttons - https:\/\/www.hupso.com\/share\/ --><a class=\"hupso_pop\" href=\"https:\/\/www.hupso.com\/share\/\"><img decoding=\"async\" data-src=\"http:\/\/static.hupso.com\/share\/buttons\/button100x23.png\" style=\"border:0px; width:100; height: 23; \" alt=\"Share Button\" src=\"data:image\/svg+xml;base64,PHN2ZyB3aWR0aD0iMSIgaGVpZ2h0PSIxIiB4bWxucz0iaHR0cDovL3d3dy53My5vcmcvMjAwMC9zdmciPjwvc3ZnPg==\" class=\"lazyload\" \/><\/a><script type=\"text\/javascript\">var hupso_services=new Array(\"Twitter\",\"Facebook\",\"Pinterest\",\"Linkedin\",\"Tumblr\",\"StumbleUpon\",\"Digg\",\"Reddit\",\"Bebo\",\"Delicious\",\"QZone\",\"Renren\",\"Email\");var hupso_icon_type = \"labels\";var hupso_background=\"#3BF8FF\";var hupso_border=\"#FF2B0A\";var hupso_image_folder_url = \"\";var hupso_url=\"\";var hupso_title=\"%E2%80%9ETak%20to%20si%C4%99%20robi%20w%20Ciechanowie%E2%80%9D%20.Prezydent%20Kosi%C5%84ski%20podpisa%C5%82%20projekt%20bud%C5%BCetu%202026%20%E2%80%94%20rekordy%2C%20kt%C3%B3re%20zmieniaj%C4%85%20miasto\";<\/script><script type=\"text\/javascript\" src=\"http:\/\/static.hupso.com\/share\/js\/share.js\"><\/script><!-- Hupso Share Buttons --><\/div>","protected":false},"excerpt":{"rendered":"<p>Ciechan\u00f3w, listopad 2025 \u2014 Prezydent Krzysztof Kosi\u0144ski z\u0142o\u017cy\u0142 podpis pod projektem bud\u017cetu miasta na 2026 rok i zapisa\u0142 w nim liczby, kt\u00f3re trudno nazwa\u0107 inaczej ni\u017c odwa\u017cnymi. To dokument, kt\u00f3ry&hellip; <\/p>\n<div style=\"padding-bottom:20px; padding-top:10px;\" class=\"hupso-share-buttons\"><!-- Hupso Share Buttons - https:\/\/www.hupso.com\/share\/ --><a class=\"hupso_pop\" href=\"https:\/\/www.hupso.com\/share\/\"><img data-src=\"http:\/\/static.hupso.com\/share\/buttons\/button100x23.png\" style=\"border:0px; width:100; height: 23; \" alt=\"Share Button\" src=\"data:image\/svg+xml;base64,PHN2ZyB3aWR0aD0iMSIgaGVpZ2h0PSIxIiB4bWxucz0iaHR0cDovL3d3dy53My5vcmcvMjAwMC9zdmciPjwvc3ZnPg==\" class=\"lazyload\" \/><\/a><script type=\"text\/javascript\">var hupso_services=new Array(\"Twitter\",\"Facebook\",\"Pinterest\",\"Linkedin\",\"Tumblr\",\"StumbleUpon\",\"Digg\",\"Reddit\",\"Bebo\",\"Delicious\",\"QZone\",\"Renren\",\"Email\");var hupso_icon_type = \"labels\";var hupso_background=\"#3BF8FF\";var hupso_border=\"#FF2B0A\";var hupso_image_folder_url = \"\";var hupso_url=\"\";var hupso_title=\"%E2%80%9ETak%20to%20si%C4%99%20robi%20w%20Ciechanowie%E2%80%9D%20.Prezydent%20Kosi%C5%84ski%20podpisa%C5%82%20projekt%20bud%C5%BCetu%202026%20%E2%80%94%20rekordy%2C%20kt%C3%B3re%20zmieniaj%C4%85%20miasto\";<\/script><script type=\"text\/javascript\" src=\"http:\/\/static.hupso.com\/share\/js\/share.js\"><\/script><!-- Hupso Share Buttons --><\/div>","protected":false},"author":1,"featured_media":11727,"comment_status":"open","ping_status":"open","sticky":false,"template":"","format":"standard","meta":{"_acf_changed":false,"wprm-recipe-roundup-name":"","wprm-recipe-roundup-description":"","footnotes":""},"categories":[19,28],"tags":[],"class_list":["post-11726","post","type-post","status-publish","format-standard","has-post-thumbnail","hentry","category-aktualnosci","category-wyd"],"acf":[],"amp_enabled":true,"_links":{"self":[{"href":"http:\/\/portalm\u0142awa.pl\/index.php?rest_route=\/wp\/v2\/posts\/11726","targetHints":{"allow":["GET"]}}],"collection":[{"href":"http:\/\/portalm\u0142awa.pl\/index.php?rest_route=\/wp\/v2\/posts"}],"about":[{"href":"http:\/\/portalm\u0142awa.pl\/index.php?rest_route=\/wp\/v2\/types\/post"}],"author":[{"embeddable":true,"href":"http:\/\/portalm\u0142awa.pl\/index.php?rest_route=\/wp\/v2\/users\/1"}],"replies":[{"embeddable":true,"href":"http:\/\/portalm\u0142awa.pl\/index.php?rest_route=%2Fwp%2Fv2%2Fcomments&post=11726"}],"version-history":[{"count":2,"href":"http:\/\/portalm\u0142awa.pl\/index.php?rest_route=\/wp\/v2\/posts\/11726\/revisions"}],"predecessor-version":[{"id":11729,"href":"http:\/\/portalm\u0142awa.pl\/index.php?rest_route=\/wp\/v2\/posts\/11726\/revisions\/11729"}],"wp:featuredmedia":[{"embeddable":true,"href":"http:\/\/portalm\u0142awa.pl\/index.php?rest_route=\/wp\/v2\/media\/11727"}],"wp:attachment":[{"href":"http:\/\/portalm\u0142awa.pl\/index.php?rest_route=%2Fwp%2Fv2%2Fmedia&parent=11726"}],"wp:term":[{"taxonomy":"category","embeddable":true,"href":"http:\/\/portalm\u0142awa.pl\/index.php?rest_route=%2Fwp%2Fv2%2Fcategories&post=11726"},{"taxonomy":"post_tag","embeddable":true,"href":"http:\/\/portalm\u0142awa.pl\/index.php?rest_route=%2Fwp%2Fv2%2Ftags&post=11726"}],"curies":[{"name":"wp","href":"https:\/\/api.w.org\/{rel}","templated":true}]}}