{"id":11730,"date":"2025-11-15T19:15:46","date_gmt":"2025-11-15T18:15:46","guid":{"rendered":"http:\/\/portalm\u0142awa.pl\/?p=11730"},"modified":"2025-11-15T19:15:46","modified_gmt":"2025-11-15T18:15:46","slug":"75-lat-pamieci-jak-archiwum-w-mlawie-strzeze-naszej-historii-i-zaprasza-do-wspomnien","status":"publish","type":"post","link":"http:\/\/portalm\u0142awa.pl\/?p=11730","title":{"rendered":"75 lat pami\u0119ci \u2014 jak archiwum w M\u0142awie strze\u017ce naszej historii i zaprasza do wspomnie\u0144"},"content":{"rendered":"<p style=\"text-align: justify;\"><strong>M\u0142awa, 15 listopada 2025<\/strong> \u2014 Dok\u0142adnie 75 lat temu, na ul. Narutowicza 1, zacz\u0119\u0142a si\u0119 opowie\u015b\u0107, kt\u00f3ra do dzi\u015b spaja przesz\u0142o\u015b\u0107 z tera\u017aniejszo\u015bci\u0105. Powsta\u0142e w 1950 roku archiwum w M\u0142awie \u2014 najpierw jako oddzia\u0142 powiatowy Archiwum Akt Nowych, potem samodzielne Powiatowe Archiwum Pa\u0144stwowe, a nast\u0119pnie integralna cz\u0119\u015b\u0107 struktur Wojew\u00f3dzkiego Archiwum Pa\u0144stwowego w Warszawie \u2014 przez trzy \u0107wierci wieku gromadzi, porz\u0105dkuje i udost\u0119pnia dokumenty, fotografie i mapy, kt\u00f3re m\u00f3wi\u0105 o losach miasta i jego mieszka\u0144c\u00f3w.<\/p>\n<p style=\"text-align: justify;\">To historia pe\u0142na zmian: przeprowadzek, reorganizacji, wyzwa\u0144 lokalowych i administracyjnych. To tak\u017ce opowie\u015b\u0107 o ludziach \u2014 archiwistach, darczy\u0144cach, badaczach i zwyk\u0142ych mieszka\u0144cach, kt\u00f3rzy oddawali dokumenty i pami\u0119\u0107, by trwa\u0142a dalej. Dzi\u0119ki ich pracy zbiory sta\u0142y si\u0119 nie tylko magazynem papier\u00f3w, ale instytucj\u0105 \u017cyw\u0105 \u2014 miejscem edukacji, wystaw i spotka\u0144 z histori\u0105 lokaln\u0105.<\/p>\n<p style=\"text-align: justify;\">Spacer mi\u0119dzy rega\u0142ami m\u0142awskiego oddzia\u0142u to podr\u00f3\u017c w czasie. W aktach metrykalnych odnajdujemy \u015bluby i narodziny, w dokumentach samorz\u0105dowych \u2014 \u015blady decyzji, kt\u00f3re kszta\u0142towa\u0142y przestrze\u0144 miasta. Fotografie przypominaj\u0105 ulice, kt\u00f3re kiedy\u015b t\u0119tni\u0142y innym rytmem; mapy pokazuj\u0105, jak zmienia\u0142a si\u0119 tkanka miejska; spu\u015bcizny lokalnych instytucji ods\u0142aniaj\u0105 codzienne \u017cycie sprzed dziesi\u0105tek lat. Ka\u017cdy karton, ka\u017cda jednostka archiwalna ma swoj\u0105 opowie\u015b\u0107 \u2014 i w ka\u017cdej mieszka cz\u0142owiek.<\/p>\n<p style=\"text-align: justify;\">Mimo trudnych moment\u00f3w archiwum przetrwa\u0142o. Przetrwa\u0142o dzi\u0119ki konsekwencji pracownik\u00f3w, wsparciu instytucjonalnemu i \u015bwiadomo\u015bci spo\u0142ecznej, \u017ce pami\u0119\u0107 ma warto\u015b\u0107 nie tylko sentymentaln\u0105, lecz i naukow\u0105. Dzi\u0119ki digitalizacji i udost\u0119pnianiu zasob\u00f3w coraz wi\u0119cej materia\u0142\u00f3w trafia do og\u00f3lnopolskich baz \u2014 szybciej i szerzej dost\u0119pnych dla badaczy i pasjonat\u00f3w.<\/p>\n<p style=\"text-align: justify;\">Z okazji jubileuszu archiwum zach\u0119ca mieszka\u0144c\u00f3w do wsp\u00f3lnego \u015bwi\u0119towania \u2014 nie tylko przez oficjalne uroczysto\u015bci, lecz poprzez udzia\u0142: przesy\u0142ajcie zdj\u0119cia, anegdoty i wspomnienia; zostawiajcie komentarze pod postami, piszcie maile, przychod\u017acie z opowie\u015bciami. To najpi\u0119kniejszy prezent dla instytucji, kt\u00f3rej zadaniem jest gromadzi\u0107 i przekazywa\u0107 pami\u0119\u0107 nast\u0119pcom.<\/p>\n<p style=\"text-align: justify;\">Warto podkre\u015bli\u0107, \u017ce m\u0142awski oddzia\u0142 nale\u017cy do najwcze\u015bniej powo\u0142anych jednostek w strukturze Archiwum Pa\u0144stwowego w Warszawie \u2014 75 lat nieprzerwanej dzia\u0142alno\u015bci to dorobek, kt\u00f3rym mo\u017cna si\u0119 chlubi\u0107. Ale najwi\u0119ksz\u0105 nagrod\u0105 jest nie liczba lat, lecz to, \u017ce dzi\u0119ki archiwum historia M\u0142awy pozostaje \u017cywa i dost\u0119pna \u2014 dla badaczy, rodzin i ka\u017cdego, kto chce pozna\u0107 korzenie swojego miasta.<\/p>\n<p style=\"text-align: justify;\">Na koniec \u2014 zaproszenie: odwied\u017acie archiwum, otw\u00f3rzcie stare szuflady pami\u0119ci i podzielcie si\u0119 tym, co macie. Ka\u017cda fotografia, ka\u017cda kartka i ka\u017cde wspomnienie to cegie\u0142ka w budowie wsp\u00f3lnej to\u017csamo\u015bci.<br \/>\n<strong>75 lat min\u0119\u0142o \u2014 a przed nami kolejne dekady pracy dla pami\u0119ci M\u0142awy.<\/strong><\/p>\n<p style=\"text-align: justify;\">T.B fot D. Wawrzy\u0144ski<\/p>\n<p style=\"box-sizing: border-box; margin-top: 0px; margin-bottom: 15px; color: #555555; font-family: Roboto, sans-serif; font-size: 15px; text-align: justify;\"><span style=\"box-sizing: border-box; font-weight: bolder;\">KOMENTARZE<\/span><\/p>\n<p style=\"box-sizing: border-box; margin-top: 0px; margin-bottom: 15px; color: #555555; font-family: Roboto, sans-serif; font-size: 15px; text-align: justify;\"><em style=\"box-sizing: border-box;\">Wydawca portalu nie ponosi odpowiedzialno\u015bci za tre\u015b\u0107 komentarzy zamieszczanych przez u\u017cytkownik\u00f3w. Osoby zamieszczaj\u0105ce wypowiedzi naruszaj\u0105ce prawo lub prawem chronione dobra os\u00f3b trzecich mog\u0105 ponie\u015b\u0107 z tego tytu\u0142u odpowiedzialno\u015b\u0107 karn\u0105 lub cywiln\u0105.<\/em><span style=\"box-sizing: border-box; font-weight: bolder;\"><em style=\"box-sizing: border-box;\">JEDNOCZE\u015aNIE UZYTKOWNICY ZAMIESZCZAJ\u0104C KOMENTARZ OSWIADCZAJ\u0104, \u017bE BIOR\u0104 PE\u0141N\u0104 ODPOWIEDZIALNO\u015a\u0106 ZA TRE\u015aCI UMIESZCZONE PRZEZ SIEBIE<\/em><\/span><\/p>\n<div style=\"padding-bottom:20px; padding-top:10px;\" class=\"hupso-share-buttons\"><!-- Hupso Share Buttons - https:\/\/www.hupso.com\/share\/ --><a class=\"hupso_pop\" href=\"https:\/\/www.hupso.com\/share\/\"><img decoding=\"async\" data-src=\"http:\/\/static.hupso.com\/share\/buttons\/button100x23.png\" style=\"border:0px; width:100; height: 23; \" alt=\"Share Button\" src=\"data:image\/svg+xml;base64,PHN2ZyB3aWR0aD0iMSIgaGVpZ2h0PSIxIiB4bWxucz0iaHR0cDovL3d3dy53My5vcmcvMjAwMC9zdmciPjwvc3ZnPg==\" class=\"lazyload\" \/><\/a><script type=\"text\/javascript\">var hupso_services=new Array(\"Twitter\",\"Facebook\",\"Pinterest\",\"Linkedin\",\"Tumblr\",\"StumbleUpon\",\"Digg\",\"Reddit\",\"Bebo\",\"Delicious\",\"QZone\",\"Renren\",\"Email\");var hupso_icon_type = \"labels\";var hupso_background=\"#3BF8FF\";var hupso_border=\"#FF2B0A\";var hupso_image_folder_url = \"\";var hupso_url=\"\";var hupso_title=\"75%20lat%20pami%C4%99ci%20%E2%80%94%20jak%20archiwum%20w%20M%C5%82awie%20strze%C5%BCe%20naszej%20historii%20i%20zaprasza%20do%20wspomnie%C5%84\";<\/script><script type=\"text\/javascript\" src=\"http:\/\/static.hupso.com\/share\/js\/share.js\"><\/script><!-- Hupso Share Buttons --><\/div>","protected":false},"excerpt":{"rendered":"<p>M\u0142awa, 15 listopada 2025 \u2014 Dok\u0142adnie 75 lat temu, na ul. Narutowicza 1, zacz\u0119\u0142a si\u0119 opowie\u015b\u0107, kt\u00f3ra do dzi\u015b spaja przesz\u0142o\u015b\u0107 z tera\u017aniejszo\u015bci\u0105. Powsta\u0142e w 1950 roku archiwum w M\u0142awie&hellip; <\/p>\n<div style=\"padding-bottom:20px; padding-top:10px;\" class=\"hupso-share-buttons\"><!-- Hupso Share Buttons - https:\/\/www.hupso.com\/share\/ --><a class=\"hupso_pop\" href=\"https:\/\/www.hupso.com\/share\/\"><img data-src=\"http:\/\/static.hupso.com\/share\/buttons\/button100x23.png\" style=\"border:0px; width:100; height: 23; \" alt=\"Share Button\" src=\"data:image\/svg+xml;base64,PHN2ZyB3aWR0aD0iMSIgaGVpZ2h0PSIxIiB4bWxucz0iaHR0cDovL3d3dy53My5vcmcvMjAwMC9zdmciPjwvc3ZnPg==\" class=\"lazyload\" \/><\/a><script type=\"text\/javascript\">var hupso_services=new Array(\"Twitter\",\"Facebook\",\"Pinterest\",\"Linkedin\",\"Tumblr\",\"StumbleUpon\",\"Digg\",\"Reddit\",\"Bebo\",\"Delicious\",\"QZone\",\"Renren\",\"Email\");var hupso_icon_type = \"labels\";var hupso_background=\"#3BF8FF\";var hupso_border=\"#FF2B0A\";var hupso_image_folder_url = \"\";var hupso_url=\"\";var hupso_title=\"75%20lat%20pami%C4%99ci%20%E2%80%94%20jak%20archiwum%20w%20M%C5%82awie%20strze%C5%BCe%20naszej%20historii%20i%20zaprasza%20do%20wspomnie%C5%84\";<\/script><script type=\"text\/javascript\" src=\"http:\/\/static.hupso.com\/share\/js\/share.js\"><\/script><!-- Hupso Share Buttons --><\/div>","protected":false},"author":1,"featured_media":11731,"comment_status":"open","ping_status":"open","sticky":false,"template":"","format":"standard","meta":{"_acf_changed":false,"wprm-recipe-roundup-name":"","wprm-recipe-roundup-description":"","footnotes":""},"categories":[19,3,28],"tags":[],"class_list":["post-11730","post","type-post","status-publish","format-standard","has-post-thumbnail","hentry","category-aktualnosci","category-kultura","category-wyd"],"acf":[],"amp_enabled":true,"_links":{"self":[{"href":"http:\/\/portalm\u0142awa.pl\/index.php?rest_route=\/wp\/v2\/posts\/11730","targetHints":{"allow":["GET"]}}],"collection":[{"href":"http:\/\/portalm\u0142awa.pl\/index.php?rest_route=\/wp\/v2\/posts"}],"about":[{"href":"http:\/\/portalm\u0142awa.pl\/index.php?rest_route=\/wp\/v2\/types\/post"}],"author":[{"embeddable":true,"href":"http:\/\/portalm\u0142awa.pl\/index.php?rest_route=\/wp\/v2\/users\/1"}],"replies":[{"embeddable":true,"href":"http:\/\/portalm\u0142awa.pl\/index.php?rest_route=%2Fwp%2Fv2%2Fcomments&post=11730"}],"version-history":[{"count":1,"href":"http:\/\/portalm\u0142awa.pl\/index.php?rest_route=\/wp\/v2\/posts\/11730\/revisions"}],"predecessor-version":[{"id":11732,"href":"http:\/\/portalm\u0142awa.pl\/index.php?rest_route=\/wp\/v2\/posts\/11730\/revisions\/11732"}],"wp:featuredmedia":[{"embeddable":true,"href":"http:\/\/portalm\u0142awa.pl\/index.php?rest_route=\/wp\/v2\/media\/11731"}],"wp:attachment":[{"href":"http:\/\/portalm\u0142awa.pl\/index.php?rest_route=%2Fwp%2Fv2%2Fmedia&parent=11730"}],"wp:term":[{"taxonomy":"category","embeddable":true,"href":"http:\/\/portalm\u0142awa.pl\/index.php?rest_route=%2Fwp%2Fv2%2Fcategories&post=11730"},{"taxonomy":"post_tag","embeddable":true,"href":"http:\/\/portalm\u0142awa.pl\/index.php?rest_route=%2Fwp%2Fv2%2Ftags&post=11730"}],"curies":[{"name":"wp","href":"https:\/\/api.w.org\/{rel}","templated":true}]}}