{"id":11766,"date":"2025-11-17T12:00:01","date_gmt":"2025-11-17T11:00:01","guid":{"rendered":"http:\/\/portalm\u0142awa.pl\/?p=11766"},"modified":"2025-11-17T12:00:01","modified_gmt":"2025-11-17T11:00:01","slug":"koncert-mlodych-talentow-w-mlawie-wieczor-ktory-zagra-pelna-gama-emocji","status":"publish","type":"post","link":"http:\/\/portalm\u0142awa.pl\/?p=11766","title":{"rendered":"Koncert m\u0142odych talent\u00f3w w M\u0142awie \u2014 wiecz\u00f3r, kt\u00f3ry zagra pe\u0142n\u0105 gam\u0105 emocji"},"content":{"rendered":"<p style=\"text-align: justify;\">W czwartek, 20 listopada o godz. 17:00, scena PSM I i II stopnia im. A. Krzanowskiego w M\u0142awie zamieni si\u0119 w miejsce, gdzie uczniowska pasja spotka si\u0119 z profesjonalnym warsztatem. W programie koncertu znajd\u0105 si\u0119 popisy klas skrzypiec, wiolonczeli oraz akordeonu \u2014 instrument\u00f3w, kt\u00f3re razem stworz\u0105 nietuzinkow\u0105 mieszank\u0119 barw i nastroj\u00f3w.<\/p>\n<p style=\"text-align: justify;\">To wiecz\u00f3r pokazowy, ale te\u017c prawdziwe artystyczne sprawdziany. M\u0142odzi muzycy zaprezentuj\u0105 repertuar dopracowany pod okiem swoich pedagog\u00f3w: mgr Magdy Micha\u0142ak (skrzypce), mgr Danieli Sobiesiak (wiolonczela) oraz mgr Karola Janika (akordeon). Ich przygotowanie, warsztat i wra\u017cliwo\u015b\u0107 b\u0119d\u0105 podstaw\u0105 wyst\u0119p\u00f3w, kt\u00f3re mog\u0105 zaskoczy\u0107 dojrza\u0142o\u015bci\u0105 wykonawcz\u0105 \u2014 tak cz\u0119sto spotykan\u0105 u uczni\u00f3w dobrze prowadzonej szko\u0142y muzycznej.<\/p>\n<p style=\"text-align: justify;\">Na scenie nie zabraknie te\u017c do\u015bwiadczonych akompaniator\u00f3w: mgr Krzysztofa \u0141ukaszewskiego, dr. Macieja Pajorka oraz mgr Ireneusza Weredy. To gwarancja, \u017ce ka\u017cdy utw\u00f3r zostanie zaprezentowany z pe\u0142nym muzycznym kontekstem \u2014 od subtelnych miniatur po bardziej rozbudowane formy kameralne. Wyst\u0119py solo przeplata\u0107 si\u0119 b\u0119d\u0105 z duetami i ma\u0142ymi zespo\u0142ami, co zapewni r\u00f3\u017cnorodno\u015b\u0107 i utrzyma publiczno\u015b\u0107 w ci\u0105g\u0142ym napi\u0119ciu.<\/p>\n<p style=\"text-align: justify;\">Dla wielu m\u0142odych wykonawc\u00f3w b\u0119dzie to nie tylko debiut sceniczny, ale moment, w kt\u00f3rym zdobyte na lekcjach umiej\u0119tno\u015bci zamieniaj\u0105 si\u0119 w bezpo\u015brednie do\u015bwiadczenie wsp\u00f3lnego muzykowania. To w\u0142a\u015bnie takie chwile kszta\u0142tuj\u0105 charakter artysty \u2014 ucz\u0105 odpowiedzialno\u015bci, pracy z partnerem i odczytywania intencji muzycznych w realnym czasie.<\/p>\n<p style=\"text-align: justify;\">Organizatorzy zapraszaj\u0105 wszystkie pokolenia: rodzic\u00f3w, przyjaci\u00f3\u0142 szko\u0142y, mieszka\u0144c\u00f3w M\u0142awy i mi\u0142o\u015bnik\u00f3w muzyki kameralnej. To okazja, by wesprze\u0107 lokalne talenty i zobaczy\u0107, jak inwestycja w edukacj\u0119 muzyczn\u0105 przynosi konkretny efekt \u2014 energiczny, emocjonalny i cz\u0119sto zaskakuj\u0105co dojrza\u0142y jak na wiek wykonawc\u00f3w.<\/p>\n<p style=\"text-align: justify;\">Ko\u0144cowy akord tego wieczoru mo\u017ce okaza\u0107 si\u0119 pocz\u0105tkiem pi\u0119knej muzycznej drogi dla niejednego z uczni\u00f3w. Przyjd\u017acie, pos\u0142uchajcie i dajcie si\u0119 porwa\u0107 m\u0142odej wirtuozerii \u2014 bo to w\u0142a\u015bnie takie koncerty pokazuj\u0105, \u017ce w M\u0142awie ro\u015bnie nowe pokolenie muzyk\u00f3w gotowych bi\u0107 si\u0119 o swoje miejsce na scenie.<\/p>\n<p>T.B<\/p>\n<p style=\"box-sizing: border-box; margin-top: 0px; margin-bottom: 15px; color: #555555; font-family: Roboto, sans-serif; font-size: 15px; text-align: justify;\"><span style=\"box-sizing: border-box; font-weight: bolder;\">KOMENTARZE<\/span><\/p>\n<p style=\"box-sizing: border-box; margin-top: 0px; margin-bottom: 15px; color: #555555; font-family: Roboto, sans-serif; font-size: 15px; text-align: justify;\"><em style=\"box-sizing: border-box;\">Wydawca portalu nie ponosi odpowiedzialno\u015bci za tre\u015b\u0107 komentarzy zamieszczanych przez u\u017cytkownik\u00f3w. Osoby zamieszczaj\u0105ce wypowiedzi naruszaj\u0105ce prawo lub prawem chronione dobra os\u00f3b trzecich mog\u0105 ponie\u015b\u0107 z tego tytu\u0142u odpowiedzialno\u015b\u0107 karn\u0105 lub cywiln\u0105.<\/em><span style=\"box-sizing: border-box; font-weight: bolder;\"><em style=\"box-sizing: border-box;\">JEDNOCZE\u015aNIE UZYTKOWNICY ZAMIESZCZAJ\u0104C KOMENTARZ OSWIADCZAJ\u0104, \u017bE BIOR\u0104 PE\u0141N\u0104 ODPOWIEDZIALNO\u015a\u0106 ZA TRE\u015aCI UMIESZCZONE PRZEZ SIEBIE<\/em><\/span><\/p>\n<div style=\"padding-bottom:20px; padding-top:10px;\" class=\"hupso-share-buttons\"><!-- Hupso Share Buttons - https:\/\/www.hupso.com\/share\/ --><a class=\"hupso_pop\" href=\"https:\/\/www.hupso.com\/share\/\"><img decoding=\"async\" data-src=\"http:\/\/static.hupso.com\/share\/buttons\/button100x23.png\" style=\"border:0px; width:100; height: 23; \" alt=\"Share Button\" src=\"data:image\/svg+xml;base64,PHN2ZyB3aWR0aD0iMSIgaGVpZ2h0PSIxIiB4bWxucz0iaHR0cDovL3d3dy53My5vcmcvMjAwMC9zdmciPjwvc3ZnPg==\" class=\"lazyload\" \/><\/a><script type=\"text\/javascript\">var hupso_services=new Array(\"Twitter\",\"Facebook\",\"Pinterest\",\"Linkedin\",\"Tumblr\",\"StumbleUpon\",\"Digg\",\"Reddit\",\"Bebo\",\"Delicious\",\"QZone\",\"Renren\",\"Email\");var hupso_icon_type = \"labels\";var hupso_background=\"#3BF8FF\";var hupso_border=\"#FF2B0A\";var hupso_image_folder_url = \"\";var hupso_url=\"\";var hupso_title=\"Koncert%20m%C5%82odych%20talent%C3%B3w%20w%20M%C5%82awie%20%E2%80%94%20wiecz%C3%B3r%2C%20kt%C3%B3ry%20zagra%20pe%C5%82n%C4%85%20gam%C4%85%20emocji\";<\/script><script type=\"text\/javascript\" src=\"http:\/\/static.hupso.com\/share\/js\/share.js\"><\/script><!-- Hupso Share Buttons --><\/div>","protected":false},"excerpt":{"rendered":"<p>W czwartek, 20 listopada o godz. 17:00, scena PSM I i II stopnia im. A. Krzanowskiego w M\u0142awie zamieni si\u0119 w miejsce, gdzie uczniowska pasja spotka si\u0119 z profesjonalnym warsztatem.&hellip; <\/p>\n<div style=\"padding-bottom:20px; padding-top:10px;\" class=\"hupso-share-buttons\"><!-- Hupso Share Buttons - https:\/\/www.hupso.com\/share\/ --><a class=\"hupso_pop\" href=\"https:\/\/www.hupso.com\/share\/\"><img data-src=\"http:\/\/static.hupso.com\/share\/buttons\/button100x23.png\" style=\"border:0px; width:100; height: 23; \" alt=\"Share Button\" src=\"data:image\/svg+xml;base64,PHN2ZyB3aWR0aD0iMSIgaGVpZ2h0PSIxIiB4bWxucz0iaHR0cDovL3d3dy53My5vcmcvMjAwMC9zdmciPjwvc3ZnPg==\" class=\"lazyload\" \/><\/a><script type=\"text\/javascript\">var hupso_services=new Array(\"Twitter\",\"Facebook\",\"Pinterest\",\"Linkedin\",\"Tumblr\",\"StumbleUpon\",\"Digg\",\"Reddit\",\"Bebo\",\"Delicious\",\"QZone\",\"Renren\",\"Email\");var hupso_icon_type = \"labels\";var hupso_background=\"#3BF8FF\";var hupso_border=\"#FF2B0A\";var hupso_image_folder_url = \"\";var hupso_url=\"\";var hupso_title=\"Koncert%20m%C5%82odych%20talent%C3%B3w%20w%20M%C5%82awie%20%E2%80%94%20wiecz%C3%B3r%2C%20kt%C3%B3ry%20zagra%20pe%C5%82n%C4%85%20gam%C4%85%20emocji\";<\/script><script type=\"text\/javascript\" src=\"http:\/\/static.hupso.com\/share\/js\/share.js\"><\/script><!-- Hupso Share Buttons --><\/div>","protected":false},"author":1,"featured_media":11767,"comment_status":"open","ping_status":"open","sticky":false,"template":"","format":"standard","meta":{"_acf_changed":false,"wprm-recipe-roundup-name":"","wprm-recipe-roundup-description":"","footnotes":""},"categories":[19,3,28],"tags":[],"class_list":["post-11766","post","type-post","status-publish","format-standard","has-post-thumbnail","hentry","category-aktualnosci","category-kultura","category-wyd"],"acf":[],"amp_enabled":true,"_links":{"self":[{"href":"http:\/\/portalm\u0142awa.pl\/index.php?rest_route=\/wp\/v2\/posts\/11766","targetHints":{"allow":["GET"]}}],"collection":[{"href":"http:\/\/portalm\u0142awa.pl\/index.php?rest_route=\/wp\/v2\/posts"}],"about":[{"href":"http:\/\/portalm\u0142awa.pl\/index.php?rest_route=\/wp\/v2\/types\/post"}],"author":[{"embeddable":true,"href":"http:\/\/portalm\u0142awa.pl\/index.php?rest_route=\/wp\/v2\/users\/1"}],"replies":[{"embeddable":true,"href":"http:\/\/portalm\u0142awa.pl\/index.php?rest_route=%2Fwp%2Fv2%2Fcomments&post=11766"}],"version-history":[{"count":1,"href":"http:\/\/portalm\u0142awa.pl\/index.php?rest_route=\/wp\/v2\/posts\/11766\/revisions"}],"predecessor-version":[{"id":11768,"href":"http:\/\/portalm\u0142awa.pl\/index.php?rest_route=\/wp\/v2\/posts\/11766\/revisions\/11768"}],"wp:featuredmedia":[{"embeddable":true,"href":"http:\/\/portalm\u0142awa.pl\/index.php?rest_route=\/wp\/v2\/media\/11767"}],"wp:attachment":[{"href":"http:\/\/portalm\u0142awa.pl\/index.php?rest_route=%2Fwp%2Fv2%2Fmedia&parent=11766"}],"wp:term":[{"taxonomy":"category","embeddable":true,"href":"http:\/\/portalm\u0142awa.pl\/index.php?rest_route=%2Fwp%2Fv2%2Fcategories&post=11766"},{"taxonomy":"post_tag","embeddable":true,"href":"http:\/\/portalm\u0142awa.pl\/index.php?rest_route=%2Fwp%2Fv2%2Ftags&post=11766"}],"curies":[{"name":"wp","href":"https:\/\/api.w.org\/{rel}","templated":true}]}}