{"id":11872,"date":"2025-11-21T16:24:21","date_gmt":"2025-11-21T15:24:21","guid":{"rendered":"http:\/\/portalm\u0142awa.pl\/?p=11872"},"modified":"2025-11-21T16:24:21","modified_gmt":"2025-11-21T15:24:21","slug":"mlawskie-powiatowe-forum-aktywnosci-spolecznej-2025-energia-wspolpraca-i-konkretne-rozwiazania-dla-trzeciego-sektora","status":"publish","type":"post","link":"http:\/\/portalm\u0142awa.pl\/?p=11872","title":{"rendered":"M\u0142awskie Powiatowe Forum Aktywno\u015bci Spo\u0142ecznej 2025 \u2014 energia, wsp\u00f3\u0142praca i konkretne rozwi\u0105zania dla trzeciego sektora!"},"content":{"rendered":"<p style=\"text-align: justify;\">W Starostwie Powiatowym w M\u0142awie zn\u00f3w wybrzmia\u0142 g\u0142os organizacji pozarz\u0105dowych. 20 listopada odby\u0142o si\u0119 jedno z najwa\u017cniejszych spotka\u0144 roku dla lokalnego trzeciego sektora \u2014 M\u0142awskie Powiatowe Forum Aktywno\u015bci Spo\u0142ecznej. Wydarzenie, kt\u00f3re po\u0142\u0105czy\u0142o wiedz\u0119 ekspert\u00f3w i do\u015bwiadczenia os\u00f3b pracuj\u0105cych na rzecz spo\u0142eczno\u015bci, pokaza\u0142o, \u017ce w powiecie m\u0142awskim ro\u015bnie silne, \u015bwiadome i aktywne spo\u0142ecze\u0144stwo obywatelskie.<\/p>\n<p style=\"text-align: justify;\">Organizatorami byli Powiat M\u0142awski oraz Stowarzyszenie Radomskie Centrum Przedsi\u0119biorczo\u015bci, a ca\u0142o\u015b\u0107 przygotowa\u0142 Wydzia\u0142 Promocji, Funduszy Pomocowych i Rozwoju, kierowany przez Edyta Wild, przy prowadzeniu spotkania przez Karolin\u0119 T\u0105porowsk\u0105.<\/p>\n<p style=\"text-align: justify;\"><strong>Silny start i wa\u017cne przes\u0142anie<\/strong><\/p>\n<p style=\"text-align: justify;\">Forum otworzy\u0142 Starosta M\u0142awski Witold Okumski, kt\u00f3ry podkre\u015bli\u0142, \u017ce organizacje pozarz\u0105dowe s\u0105 nie tylko uzupe\u0142nieniem dzia\u0142a\u0144 samorz\u0105du, ale cz\u0119sto ich impulsem:<\/p>\n<p style=\"text-align: justify;\">&gt; \u2013 Aktywizacja NGO to jeden z filar\u00f3w budowy spo\u0142ecze\u0144stwa obywatelskiego. Powiat M\u0142awski inwestuje w te dzia\u0142ania znacz\u0105ce \u015brodki, wspieraj\u0105c inicjatywy, kt\u00f3re realnie zmieniaj\u0105 lokaln\u0105 rzeczywisto\u015b\u0107. To niezwykle wa\u017cne, by\u015bmy widzieli potrzeby organizacji i wsp\u00f3lnie budowali przysz\u0142o\u015b\u0107.<\/p>\n<p style=\"text-align: justify;\">Jego s\u0142owa wyznaczy\u0142y ton ca\u0142ego spotkania \u2014 dialog, wsp\u00f3\u0142praca i praktyczne rozwi\u0105zania.<\/p>\n<p style=\"text-align: justify;\">\u00a0<strong>Merytoryczna moc \u2014 sze\u015b\u0107 prelekcji, jedno wsp\u00f3lne przes\u0142anie<\/strong><\/p>\n<p style=\"text-align: justify;\">W trakcie forum poruszono tematyk\u0119, kt\u00f3ra wyznacza kierunek rozwoju trzeciego sektora oraz ekonomii spo\u0142ecznej na najbli\u017csze lata.<\/p>\n<p style=\"text-align: justify;\">\ud83d\udd39 \u201eEkoZmiana \u2013 M\u0142awskie PES na zielonej drodze\u201d<\/p>\n<p style=\"text-align: justify;\">Rafa\u0142 Bart\u0142omiej Panfil pokaza\u0142, jak lokalne podmioty ekonomii spo\u0142ecznej mog\u0105 w\u0142\u0105cza\u0107 si\u0119 w zielon\u0105 transformacj\u0119 i czerpa\u0107 z niej korzy\u015bci.<\/p>\n<p style=\"text-align: justify;\">\ud83d\udd39 \u201ePoznaj ekonomi\u0119 spo\u0142eczn\u0105 z MOWES\u201d<\/p>\n<p style=\"text-align: justify;\">Wojciech Po\u0142ap i Natalia Olszewska przedstawili nowe szanse, narz\u0119dzia i \u015bcie\u017cki wsparcia dla organizacji, kt\u00f3re chc\u0105 si\u0119 rozwija\u0107.<\/p>\n<p style=\"text-align: justify;\">\ud83d\udd39 Fundusze dla NGO od Urz\u0119du Marsza\u0142kowskiego<\/p>\n<p style=\"text-align: justify;\">Anna Ga\u0142czy\u0144ska om\u00f3wi\u0142a najnowsze mo\u017cliwo\u015bci pozyskiwania \u015brodk\u00f3w \u2014 od program\u00f3w spo\u0142ecznych po projekty infrastrukturalne.<\/p>\n<p style=\"text-align: justify;\">\ud83d\udd39 \u201eWsp\u00f3lnota, rozw\u00f3j, przysz\u0142o\u015b\u0107\u201d \u2013 Fundacja Regeneracja<\/p>\n<p style=\"text-align: justify;\">Karolina Konopa zaprezentowa\u0142a efekty dzia\u0142a\u0144 na rzecz lokalnych rodzin i wskaza\u0142a kierunki dalszej pracy.<\/p>\n<p style=\"text-align: justify;\">\ud83d\udd39 \u201eLOWE w M\u0142awie\u201d \u2013 edukacja doros\u0142ych<\/p>\n<p style=\"text-align: justify;\">Natalia Jaroszewska zwr\u00f3ci\u0142a uwag\u0119 na potencja\u0142 uczenia si\u0119 przez ca\u0142e \u017cycie i na to, jak lokalne instytucje mog\u0105 rozwija\u0107 kompetencje mieszka\u0144c\u00f3w.<\/p>\n<p style=\"text-align: justify;\">\ud83d\udd39 Inicjatywy senioralne \u2013 szanse dla 60+<\/p>\n<p style=\"text-align: justify;\">Rafa\u0142 Bart\u0142omiej Panfil przedstawi\u0142 pakiety wsparcia oraz \u201eBony dla senior\u00f3w III\u201d, kt\u00f3re otwieraj\u0105 nowe mo\u017cliwo\u015bci dla organizacji dzia\u0142aj\u0105cych na rzecz os\u00f3b starszych.<\/p>\n<p style=\"text-align: justify;\">\u00a0<strong>Wsp\u00f3lna rozmowa i wsp\u00f3lna przysz\u0142o\u015b\u0107<\/strong><\/p>\n<p style=\"text-align: justify;\">Na zako\u0144czenie odby\u0142a si\u0119 otwarta dyskusja z przedstawicielami NGO, kt\u00f3ra pokaza\u0142a, jak bardzo w powiecie m\u0142awskim potrzebne s\u0105 takie spotkania. Uczestnicy dzielili si\u0119 do\u015bwiadczeniami, pytali o konkretne rozwi\u0105zania i wskazywali kierunki dalszej wsp\u00f3\u0142pracy z Powiatem.<\/p>\n<p style=\"text-align: justify;\">Forum potwierdzi\u0142o jedno: m\u0142awskie organizacje pozarz\u0105dowe s\u0105 aktywne, ambitne i gotowe do dzia\u0142ania \u2014 a powiat tworzy im do tego coraz lepsze warunki.<\/p>\n<p style=\"text-align: justify;\"><strong>Nowa przestrze\u0144 dla NGO \u2013 do\u0142\u0105cz do grupy!<\/strong><\/p>\n<p style=\"text-align: justify;\">Organizatorzy zach\u0119caj\u0105 wszystkie organizacje do do\u0142\u0105czenia do nowej grupy:<\/p>\n<p style=\"text-align: justify;\">&#8211;\u00a0 \u201ePowiat M\u0142awski \u2013 Forum Organizacji Pozarz\u0105dowych\u201d<\/p>\n<p style=\"text-align: justify;\">&#8211; To tam b\u0119d\u0105 publikowane informacje o konkursach, programach wsparcia, grantach i dobrych praktykach.<\/p>\n<p style=\"text-align: justify;\">\u00a0<strong>Podsumowanie<\/strong><\/p>\n<p style=\"text-align: justify;\">Forum sta\u0142o si\u0119 nie tylko miejscem wymiany wiedzy, ale tak\u017ce impulsem do nowych projekt\u00f3w i partnerstw. Pokaza\u0142o, \u017ce trzeci sektor w powiecie m\u0142awskim ma ogromny potencja\u0142, a wsp\u00f3lne dzia\u0142ania potrafi\u0105 przynie\u015b\u0107 konkretne, mierzalne efekty.<\/p>\n<p style=\"text-align: justify;\">To by\u0142 dzie\u0144 pe\u0142en inspiracji \u2014 a przede wszystkim dow\u00f3d na to, \u017ce wsp\u00f3\u0142praca naprawd\u0119 dzia\u0142a.<\/p>\n<p style=\"text-align: justify;\">T.B fot powiatmlawski.pl<\/p>\n<p style=\"text-align: justify;\">KOMENTARZE<\/p>\n<p style=\"text-align: justify;\">Wydawca portalu nie ponosi odpowiedzialno\u015bci za tre\u015b\u0107 komentarzy zamieszczanych przez u\u017cytkownik\u00f3w. Osoby zamieszczaj\u0105ce wypowiedzi naruszaj\u0105ce prawo lub prawem chronione dobra os\u00f3b trzecich mog\u0105 ponie\u015b\u0107 z tego tytu\u0142u odpowiedzialno\u015b\u0107 karn\u0105 lub cywiln\u0105.JEDNOCZE\u015aNIE UZYTKOWNICY ZAMIESZCZAJ\u0104C KOMENTARZ OSWIADCZAJ\u0104, \u017bE BIOR\u0104 PE\u0141N\u0104 ODPOWIEDZIALNO\u015a\u0106 ZA TRE\u015aCI UMIESZCZONE PRZEZ SIEBIE<\/p>\n<div style=\"padding-bottom:20px; padding-top:10px;\" class=\"hupso-share-buttons\"><!-- Hupso Share Buttons - https:\/\/www.hupso.com\/share\/ --><a class=\"hupso_pop\" href=\"https:\/\/www.hupso.com\/share\/\"><img decoding=\"async\" data-src=\"http:\/\/static.hupso.com\/share\/buttons\/button100x23.png\" style=\"border:0px; width:100; height: 23; \" alt=\"Share Button\" src=\"data:image\/svg+xml;base64,PHN2ZyB3aWR0aD0iMSIgaGVpZ2h0PSIxIiB4bWxucz0iaHR0cDovL3d3dy53My5vcmcvMjAwMC9zdmciPjwvc3ZnPg==\" class=\"lazyload\" \/><\/a><script type=\"text\/javascript\">var hupso_services=new Array(\"Twitter\",\"Facebook\",\"Pinterest\",\"Linkedin\",\"Tumblr\",\"StumbleUpon\",\"Digg\",\"Reddit\",\"Bebo\",\"Delicious\",\"QZone\",\"Renren\",\"Email\");var hupso_icon_type = \"labels\";var hupso_background=\"#3BF8FF\";var hupso_border=\"#FF2B0A\";var hupso_image_folder_url = \"\";var hupso_url=\"\";var hupso_title=\"M%C5%82awskie%20Powiatowe%20Forum%20Aktywno%C5%9Bci%20Spo%C5%82ecznej%202025%20%E2%80%94%20energia%2C%20wsp%C3%B3%C5%82praca%20i%20konkretne%20rozwi%C4%85zania%20dla%20trzeciego%20sektora%21\";<\/script><script type=\"text\/javascript\" src=\"http:\/\/static.hupso.com\/share\/js\/share.js\"><\/script><!-- Hupso Share Buttons --><\/div>","protected":false},"excerpt":{"rendered":"<p>W Starostwie Powiatowym w M\u0142awie zn\u00f3w wybrzmia\u0142 g\u0142os organizacji pozarz\u0105dowych. 20 listopada odby\u0142o si\u0119 jedno z najwa\u017cniejszych spotka\u0144 roku dla lokalnego trzeciego sektora \u2014 M\u0142awskie Powiatowe Forum Aktywno\u015bci Spo\u0142ecznej. Wydarzenie,&hellip; <\/p>\n<div style=\"padding-bottom:20px; padding-top:10px;\" class=\"hupso-share-buttons\"><!-- Hupso Share Buttons - https:\/\/www.hupso.com\/share\/ --><a class=\"hupso_pop\" href=\"https:\/\/www.hupso.com\/share\/\"><img data-src=\"http:\/\/static.hupso.com\/share\/buttons\/button100x23.png\" style=\"border:0px; width:100; height: 23; \" alt=\"Share Button\" src=\"data:image\/svg+xml;base64,PHN2ZyB3aWR0aD0iMSIgaGVpZ2h0PSIxIiB4bWxucz0iaHR0cDovL3d3dy53My5vcmcvMjAwMC9zdmciPjwvc3ZnPg==\" class=\"lazyload\" \/><\/a><script type=\"text\/javascript\">var hupso_services=new Array(\"Twitter\",\"Facebook\",\"Pinterest\",\"Linkedin\",\"Tumblr\",\"StumbleUpon\",\"Digg\",\"Reddit\",\"Bebo\",\"Delicious\",\"QZone\",\"Renren\",\"Email\");var hupso_icon_type = \"labels\";var hupso_background=\"#3BF8FF\";var hupso_border=\"#FF2B0A\";var hupso_image_folder_url = \"\";var hupso_url=\"\";var hupso_title=\"M%C5%82awskie%20Powiatowe%20Forum%20Aktywno%C5%9Bci%20Spo%C5%82ecznej%202025%20%E2%80%94%20energia%2C%20wsp%C3%B3%C5%82praca%20i%20konkretne%20rozwi%C4%85zania%20dla%20trzeciego%20sektora%21\";<\/script><script type=\"text\/javascript\" src=\"http:\/\/static.hupso.com\/share\/js\/share.js\"><\/script><!-- Hupso Share Buttons --><\/div>","protected":false},"author":1,"featured_media":11873,"comment_status":"open","ping_status":"open","sticky":false,"template":"","format":"standard","meta":{"_acf_changed":false,"wprm-recipe-roundup-name":"","wprm-recipe-roundup-description":"","footnotes":""},"categories":[19,28],"tags":[],"class_list":["post-11872","post","type-post","status-publish","format-standard","has-post-thumbnail","hentry","category-aktualnosci","category-wyd"],"acf":[],"amp_enabled":true,"_links":{"self":[{"href":"http:\/\/portalm\u0142awa.pl\/index.php?rest_route=\/wp\/v2\/posts\/11872","targetHints":{"allow":["GET"]}}],"collection":[{"href":"http:\/\/portalm\u0142awa.pl\/index.php?rest_route=\/wp\/v2\/posts"}],"about":[{"href":"http:\/\/portalm\u0142awa.pl\/index.php?rest_route=\/wp\/v2\/types\/post"}],"author":[{"embeddable":true,"href":"http:\/\/portalm\u0142awa.pl\/index.php?rest_route=\/wp\/v2\/users\/1"}],"replies":[{"embeddable":true,"href":"http:\/\/portalm\u0142awa.pl\/index.php?rest_route=%2Fwp%2Fv2%2Fcomments&post=11872"}],"version-history":[{"count":1,"href":"http:\/\/portalm\u0142awa.pl\/index.php?rest_route=\/wp\/v2\/posts\/11872\/revisions"}],"predecessor-version":[{"id":11874,"href":"http:\/\/portalm\u0142awa.pl\/index.php?rest_route=\/wp\/v2\/posts\/11872\/revisions\/11874"}],"wp:featuredmedia":[{"embeddable":true,"href":"http:\/\/portalm\u0142awa.pl\/index.php?rest_route=\/wp\/v2\/media\/11873"}],"wp:attachment":[{"href":"http:\/\/portalm\u0142awa.pl\/index.php?rest_route=%2Fwp%2Fv2%2Fmedia&parent=11872"}],"wp:term":[{"taxonomy":"category","embeddable":true,"href":"http:\/\/portalm\u0142awa.pl\/index.php?rest_route=%2Fwp%2Fv2%2Fcategories&post=11872"},{"taxonomy":"post_tag","embeddable":true,"href":"http:\/\/portalm\u0142awa.pl\/index.php?rest_route=%2Fwp%2Fv2%2Ftags&post=11872"}],"curies":[{"name":"wp","href":"https:\/\/api.w.org\/{rel}","templated":true}]}}