{"id":11883,"date":"2025-11-21T20:35:34","date_gmt":"2025-11-21T19:35:34","guid":{"rendered":"http:\/\/portalm\u0142awa.pl\/?p=11883"},"modified":"2025-11-21T20:35:34","modified_gmt":"2025-11-21T19:35:34","slug":"wyjscie-z-klasa-w-powiecie-mlawskim-31-szkol-1-675-uczestnikow-i-nowy-impuls-dla-edukacji-poza-lawka","status":"publish","type":"post","link":"http:\/\/portalm\u0142awa.pl\/?p=11883","title":{"rendered":"\u201eWyj\u015bcie z klas\u0105\u201d w powiecie m\u0142awskim \u2014 31 szk\u00f3\u0142, 1 675 uczestnik\u00f3w i nowy impuls dla edukacji poza \u0142awk\u0105"},"content":{"rendered":"<p style=\"text-align: justify;\">M\u0142awa, 21 listopada 2025 r. \u2014 W sali konferencyjnej Starostwa Powiatowego w M\u0142awie podpisano umowy, kt\u00f3re otwieraj\u0105 przed uczniami z powiatu drzwi do kultury, nauki i warsztat\u00f3w praktycznych. Dzi\u0119ki porozumieniu z Ministerstwem Edukacji, Powiat M\u0142awski otrzyma\u0142 dofinansowanie na realizacj\u0119 przedsi\u0119wzi\u0119cia \u201eWyj\u015bcie z klas\u0105\u201d, a w jego ramach a\u017c 31 szk\u00f3\u0142 z terenu powiatu obejmie program \u2014 \u0142\u0105cznie 1 675 uczestnik\u00f3w. To konkretna, finansowana przez pa\u0144stwo inwestycja w do\u015bwiadczeniow\u0105 edukacj\u0119 m\u0142odych ludzi.<\/p>\n<p style=\"text-align: justify;\"><strong>Wyj\u015b\u0107 z klas\u0105 \u2014 nie symbolicznie, lecz realnie<\/strong><\/p>\n<p style=\"text-align: justify;\">Program \u201eWyj\u015bcie z klas\u0105\u201d to inicjatywa Ministerstwa Edukacji, kt\u00f3rej celem jest uatrakcyjnienie procesu dydaktycznego poprzez jednodniowe wizyty uczni\u00f3w w instytucjach kultury, centrach nauki i plac\u00f3wkach edukacyjnych po\u0142\u0105czone z warsztatami. To nie wycieczka dla samej wycieczki \u2014 to lekcja poza podr\u0119cznikiem, kt\u00f3rej efektem ma by\u0107 rozw\u00f3j kompetencji spo\u0142ecznych, kulturowych i naukowych.<\/p>\n<p style=\"text-align: justify;\">Powiat M\u0142awski formalnie podpisa\u0142 umow\u0119 z MEN 19 listopada 2025 r. \u2014 do dyspozycji lokalnej edukacji trafi 289 126,46 z\u0142 przeznaczone na organizacj\u0119 jednodniowych wyj\u015b\u0107, zakup bilet\u00f3w, warsztaty, przejazdy, wy\u017cywienie i ubezpieczenia. Maksymalna kwota dofinansowania przyznawana jednemu wnioskodawcy wynosi\u0142a 290 000 z\u0142, wi\u0119c przyznane \u015brodki plasuj\u0105 powiat w\u015br\u00f3d gmin i powiat\u00f3w, kt\u00f3re skutecznie pozyska\u0142y \u015brodki na mieszcz\u0105ce si\u0119 w limicie projekty.<\/p>\n<p style=\"text-align: justify;\"><strong>Zasi\u0119g i skala \u2014 od lokalnych szk\u00f3\u0142 po wielkie o\u015brodki kultury<\/strong><\/p>\n<p style=\"text-align: justify;\">W wyniku naboru i naboru uzupe\u0142niaj\u0105cego do projektu zg\u0142oszono szko\u0142y publiczne i niepubliczne z terenu powiatu \u2014 mi\u0119dzy innymi plac\u00f3wki w Stupsku, Bogurzynie, \u0141omi, Szre\u0144sku, M\u0142awie oraz licea i technika z miasta. Uczniowie wi\u0119kszo\u015bci szk\u00f3\u0142 skorzystaj\u0105 z wyj\u015b\u0107 do du\u017cych o\u015brodk\u00f3w: Warszawy, Gda\u0144ska, Torunia czy Olsztyna \u2014 odwiedzaj\u0105c teatry, muzea, centra nauki oraz miejsca pami\u0119ci i dziedzictwa narodowego. To szansa, by dziecko z niewielkiej miejscowo\u015bci zobaczy\u0142o wystaw\u0119 czy spektakl, do kt\u00f3rych dot\u0105d brakowa\u0142o okazji. (Lista szk\u00f3\u0142 zosta\u0142a zatwierdzona przez Powiat M\u0142awski przy podpisywaniu um\u00f3w).<\/p>\n<p style=\"text-align: justify;\"><strong>Dlaczego to ma znaczenie?\u00a0<\/strong><\/p>\n<p style=\"text-align: justify;\">Edukacja do\u015bwiadczeniowa ma warto\u015b\u0107, kt\u00f3r\u0105 trudno zmierzy\u0107 jedynie liczbami. Kr\u00f3tkie wyj\u015bcie do teatru czy warsztat w centrum nauki to bodziec do ciekawo\u015bci, temat do rozmowy w klasie i inspiracja do dalszego poznawania. Dla uczni\u00f3w z mniejszych miejscowo\u015bci takie wizyty bywaj\u0105 pierwszym bezpo\u015brednim kontaktem z kultur\u0105 czy nowoczesn\u0105 nauk\u0105 \u2014 efekt mo\u017ce zaowocowa\u0107 w wyborach edukacyjnych i \u015bcie\u017ckach zawodowych za kilka lat.<\/p>\n<p style=\"text-align: justify;\">Z punktu widzenia samorz\u0105du \u2014 finansowanie takich inicjatyw oznacza r\u00f3wnie\u017c realne wsparcie szk\u00f3\u0142, kt\u00f3re nie zawsze dysponuj\u0105 bud\u017cetem na wyj\u015bcia edukacyjne. Powiat, realizuj\u0105c projekt nie tylko dla szk\u00f3\u0142, kt\u00f3rymi sam zarz\u0105dza, ale tak\u017ce dla plac\u00f3wek spoza swojego bezpo\u015bredniego prowadzenia, pokazuje polityk\u0119 otwarto\u015bci i r\u00f3wnego dost\u0119pu do oferty kulturalno-edukacyjnej.<\/p>\n<p style=\"text-align: justify;\"><strong>Ramy prawne i organizacyjne<\/strong><\/p>\n<p style=\"text-align: justify;\">Zgodnie z zasadami naboru przyj\u0119tymi przez Zarz\u0105d Powiatu M\u0142awskiego (uchwa\u0142a z 23 pa\u017adziernika 2025 r.), wnioskodawcami mog\u0142y by\u0107 powiaty i miasta na prawach powiatu, a do projektu mog\u0142y przyst\u0105pi\u0107 szko\u0142y prowadzone przez jednostk\u0119 samorz\u0105du, jak i plac\u00f3wki nieb\u0119d\u0105ce w jej prowadzeniu, o ile maj\u0105 siedzib\u0119 na terenie danej jednostki \u2014 co pozwoli\u0142o na szerokie obj\u0119cie udzia\u0142em plac\u00f3wek z ca\u0142ego terenu powiatu. Termin i warunki naboru regulowa\u0142y dokumenty dost\u0119pne w urz\u0119dzie oraz na stronach projektowych.<\/p>\n<p style=\"text-align: justify;\"><strong>Wniosek na zako\u0144czenie<\/strong><\/p>\n<p style=\"text-align: justify;\">\u201eWyj\u015bcie z klas\u0105\u201d w powiecie m\u0142awskim to przyk\u0142ad dobrego wykorzystania \u015brodk\u00f3w centralnych na lokalne potrzeby. To tak\u017ce sygna\u0142, \u017ce edukacja nie ogranicza si\u0119 do sal lekcyjnych \u2014 oraz, \u017ce wsp\u00f3\u0142praca pomi\u0119dzy samorz\u0105dem a szko\u0142ami (niezale\u017cnie od organu prowadz\u0105cego) mo\u017ce przynie\u015b\u0107 realne korzy\u015bci. Najwa\u017cniejsze b\u0119dzie teraz sprawne wdro\u017cenie: bezpieczne i inspiruj\u0105ce wyj\u015bcia, kt\u00f3rych efekty zostan\u0105 w pami\u0119ci uczni\u00f3w na d\u0142ugo.<\/p>\n<p style=\"text-align: justify;\">T.B fot powiatmlawski.pl<\/p>\n<p>KOMENTARZE<\/p>\n<p>Wydawca portalu nie ponosi odpowiedzialno\u015bci za tre\u015b\u0107 komentarzy zamieszczanych przez u\u017cytkownik\u00f3w. Osoby zamieszczaj\u0105ce wypowiedzi naruszaj\u0105ce prawo lub prawem chronione dobra os\u00f3b trzecich mog\u0105 ponie\u015b\u0107 z tego tytu\u0142u odpowiedzialno\u015b\u0107 karn\u0105 lub cywiln\u0105.JEDNOCZE\u015aNIE UZYTKOWNICY ZAMIESZCZAJ\u0104C KOMENTARZ OSWIADCZAJ\u0104, \u017bE BIOR\u0104 PE\u0141N\u0104 ODPOWIEDZIALNO\u015a\u0106 ZA TRE\u015aCI UMIESZCZONE PRZEZ SIEBIE<\/p>\n<div style=\"padding-bottom:20px; padding-top:10px;\" class=\"hupso-share-buttons\"><!-- Hupso Share Buttons - https:\/\/www.hupso.com\/share\/ --><a class=\"hupso_pop\" href=\"https:\/\/www.hupso.com\/share\/\"><img decoding=\"async\" data-src=\"http:\/\/static.hupso.com\/share\/buttons\/button100x23.png\" style=\"border:0px; width:100; height: 23; \" alt=\"Share Button\" src=\"data:image\/svg+xml;base64,PHN2ZyB3aWR0aD0iMSIgaGVpZ2h0PSIxIiB4bWxucz0iaHR0cDovL3d3dy53My5vcmcvMjAwMC9zdmciPjwvc3ZnPg==\" class=\"lazyload\" \/><\/a><script type=\"text\/javascript\">var hupso_services=new Array(\"Twitter\",\"Facebook\",\"Pinterest\",\"Linkedin\",\"Tumblr\",\"StumbleUpon\",\"Digg\",\"Reddit\",\"Bebo\",\"Delicious\",\"QZone\",\"Renren\",\"Email\");var hupso_icon_type = \"labels\";var hupso_background=\"#3BF8FF\";var hupso_border=\"#FF2B0A\";var hupso_image_folder_url = \"\";var hupso_url=\"\";var hupso_title=\"%E2%80%9EWyj%C5%9Bcie%20z%20klas%C4%85%E2%80%9D%20w%20powiecie%20m%C5%82awskim%20%E2%80%94%2031%20szk%C3%B3%C5%82%2C%201%20675%20uczestnik%C3%B3w%20i%20nowy%20impuls%20dla%20edukacji%20poza%20%C5%82awk%C4%85\";<\/script><script type=\"text\/javascript\" src=\"http:\/\/static.hupso.com\/share\/js\/share.js\"><\/script><!-- Hupso Share Buttons --><\/div>","protected":false},"excerpt":{"rendered":"<p>M\u0142awa, 21 listopada 2025 r. \u2014 W sali konferencyjnej Starostwa Powiatowego w M\u0142awie podpisano umowy, kt\u00f3re otwieraj\u0105 przed uczniami z powiatu drzwi do kultury, nauki i warsztat\u00f3w praktycznych. Dzi\u0119ki porozumieniu&hellip; <\/p>\n<div style=\"padding-bottom:20px; padding-top:10px;\" class=\"hupso-share-buttons\"><!-- Hupso Share Buttons - https:\/\/www.hupso.com\/share\/ --><a class=\"hupso_pop\" href=\"https:\/\/www.hupso.com\/share\/\"><img data-src=\"http:\/\/static.hupso.com\/share\/buttons\/button100x23.png\" style=\"border:0px; width:100; height: 23; \" alt=\"Share Button\" src=\"data:image\/svg+xml;base64,PHN2ZyB3aWR0aD0iMSIgaGVpZ2h0PSIxIiB4bWxucz0iaHR0cDovL3d3dy53My5vcmcvMjAwMC9zdmciPjwvc3ZnPg==\" class=\"lazyload\" \/><\/a><script type=\"text\/javascript\">var hupso_services=new Array(\"Twitter\",\"Facebook\",\"Pinterest\",\"Linkedin\",\"Tumblr\",\"StumbleUpon\",\"Digg\",\"Reddit\",\"Bebo\",\"Delicious\",\"QZone\",\"Renren\",\"Email\");var hupso_icon_type = \"labels\";var hupso_background=\"#3BF8FF\";var hupso_border=\"#FF2B0A\";var hupso_image_folder_url = \"\";var hupso_url=\"\";var hupso_title=\"%E2%80%9EWyj%C5%9Bcie%20z%20klas%C4%85%E2%80%9D%20w%20powiecie%20m%C5%82awskim%20%E2%80%94%2031%20szk%C3%B3%C5%82%2C%201%20675%20uczestnik%C3%B3w%20i%20nowy%20impuls%20dla%20edukacji%20poza%20%C5%82awk%C4%85\";<\/script><script type=\"text\/javascript\" src=\"http:\/\/static.hupso.com\/share\/js\/share.js\"><\/script><!-- Hupso Share Buttons --><\/div>","protected":false},"author":1,"featured_media":11884,"comment_status":"open","ping_status":"open","sticky":false,"template":"","format":"standard","meta":{"_acf_changed":false,"wprm-recipe-roundup-name":"","wprm-recipe-roundup-description":"","footnotes":""},"categories":[19,28],"tags":[],"class_list":["post-11883","post","type-post","status-publish","format-standard","has-post-thumbnail","hentry","category-aktualnosci","category-wyd"],"acf":[],"amp_enabled":true,"_links":{"self":[{"href":"http:\/\/portalm\u0142awa.pl\/index.php?rest_route=\/wp\/v2\/posts\/11883","targetHints":{"allow":["GET"]}}],"collection":[{"href":"http:\/\/portalm\u0142awa.pl\/index.php?rest_route=\/wp\/v2\/posts"}],"about":[{"href":"http:\/\/portalm\u0142awa.pl\/index.php?rest_route=\/wp\/v2\/types\/post"}],"author":[{"embeddable":true,"href":"http:\/\/portalm\u0142awa.pl\/index.php?rest_route=\/wp\/v2\/users\/1"}],"replies":[{"embeddable":true,"href":"http:\/\/portalm\u0142awa.pl\/index.php?rest_route=%2Fwp%2Fv2%2Fcomments&post=11883"}],"version-history":[{"count":1,"href":"http:\/\/portalm\u0142awa.pl\/index.php?rest_route=\/wp\/v2\/posts\/11883\/revisions"}],"predecessor-version":[{"id":11885,"href":"http:\/\/portalm\u0142awa.pl\/index.php?rest_route=\/wp\/v2\/posts\/11883\/revisions\/11885"}],"wp:featuredmedia":[{"embeddable":true,"href":"http:\/\/portalm\u0142awa.pl\/index.php?rest_route=\/wp\/v2\/media\/11884"}],"wp:attachment":[{"href":"http:\/\/portalm\u0142awa.pl\/index.php?rest_route=%2Fwp%2Fv2%2Fmedia&parent=11883"}],"wp:term":[{"taxonomy":"category","embeddable":true,"href":"http:\/\/portalm\u0142awa.pl\/index.php?rest_route=%2Fwp%2Fv2%2Fcategories&post=11883"},{"taxonomy":"post_tag","embeddable":true,"href":"http:\/\/portalm\u0142awa.pl\/index.php?rest_route=%2Fwp%2Fv2%2Ftags&post=11883"}],"curies":[{"name":"wp","href":"https:\/\/api.w.org\/{rel}","templated":true}]}}