{"id":11886,"date":"2025-11-22T08:54:42","date_gmt":"2025-11-22T07:54:42","guid":{"rendered":"http:\/\/portalm\u0142awa.pl\/?p=11886"},"modified":"2025-11-22T08:57:26","modified_gmt":"2025-11-22T07:57:26","slug":"czujki-dymu-i-co-zainstaluj-dzis-uratuj-jutro","status":"publish","type":"post","link":"http:\/\/portalm\u0142awa.pl\/?p=11886","title":{"rendered":"Czujki dymu i CO \u2014 zainstaluj dzi\u015b, uratuj jutro!"},"content":{"rendered":"<div style=\"text-align: justify;\">\n<p>22 listopada 2024 r. w Dzienniku Ustaw opublikowano rozporz\u0105dzenie Ministra Spraw Wewn\u0119trznych i Administracji, kt\u00f3re wprowadza stopniowy obowi\u0105zek instalacji czujek dymu i tlenku w\u0119gla w budynkach mieszkalnych. To wa\u017cny krok w stron\u0119 zwi\u0119kszenia bezpiecze\u0144stwa w domach i mieszkaniach.<\/p>\n<\/div>\n<div style=\"text-align: justify;\">\n<p>Czujka dymu i czujka tlenku w\u0119gla nie zapobiegaj\u0105 po\u017carom ani awariom urz\u0105dze\u0144 grzewczych, ale sygnalizuj\u0105, \u017ce dzieje si\u0119 co\u015b niebezpiecznego. Daj\u0105 czas \u2013 cz\u0119sto kilkadziesi\u0105t sekund \u2013 na ucieczk\u0119 i wezwanie pomocy.<\/p>\n<\/div>\n<div style=\"text-align: justify;\">\n<p>Urz\u0105dzenia kosztuj\u0105 zwykle kilkadziesi\u0105t z\u0142otych. To jedna z najta\u0144szych inwestycji w bezpiecze\u0144stwo domowe, a przy tym najskuteczniejsza. Dlatego stra\u017cacy apeluj\u0105: nie czekajmy do 2026 czy 2030 roku. Czujk\u0119 mo\u017cna zainstalowa\u0107 w domu ju\u017c dzi\u015b.<\/p>\n<\/div>\n<div style=\"text-align: justify;\">\n<p>Zgodnie z nowymi przepisami:<\/p>\n<\/div>\n<ul style=\"text-align: justify;\">\n<li>do 30 czerwca 2026 r. czujki musz\u0105 znale\u017a\u0107 si\u0119 w pomieszczeniach mieszkalnych wykorzystywanych na cele hotelarskie,<\/li>\n<li>od 1 stycznia 2030 r. obowi\u0105zek obejmie wszystkie lokale mieszkalne, w kt\u00f3rych pali si\u0119 paliwo sta\u0142e, ciek\u0142e lub gazowe,<\/li>\n<li>w przypadku nowo wznoszonych budynk\u00f3w instalacja czujek jest ju\u017c obowi\u0105zkowa od momentu rozpocz\u0119cia inwestycji po og\u0142oszeniu rozporz\u0105dzenia.<\/li>\n<\/ul>\n<div style=\"text-align: justify;\">\n<p>Regulacje s\u0105 roz\u0142o\u017cone w czasie, aby mieszka\u0144cy i w\u0142a\u015bciciele budynk\u00f3w mogli dostosowa\u0107 si\u0119 do wymog\u00f3w. Jednak statystyki stra\u017cy po\u017carnej jednoznacznie pokazuj\u0105, \u017ce zagro\u017cenie po\u017carem lub zatruciem tlenkiem w\u0119gla nie czeka na wej\u015bcie przepis\u00f3w w \u017cycie.<\/p>\n<\/div>\n<div style=\"text-align: justify;\">\n<p>Ponury bilans sezonu grzewczego 2025\/2026<\/p>\n<\/div>\n<div style=\"text-align: justify;\">\n<p>Tylko od 1 pa\u017adziernika do 12 listopada 2025 r. w budynkach mieszkalnych w Polsce dosz\u0142o do:<\/p>\n<\/div>\n<ul style=\"text-align: justify;\">\n<li>2819 po\u017car\u00f3w,<\/li>\n<li>224 os\u00f3b rannych,<\/li>\n<li>43 ofiar \u015bmiertelnych.<\/li>\n<\/ul>\n<div style=\"text-align: justify;\">\n<p>W tym samym czasie stra\u017cacy 443 razy interweniowali z powodu emisji tlenku w\u0119gla.Zatrutych zosta\u0142o 159 os\u00f3b, a 11 zmar\u0142o.<\/p>\n<\/div>\n<div style=\"text-align: justify;\">\n<p>Tragiczny obraz dope\u0142niaj\u0105 po\u017cary sadzy w kominach \u2013 ponad 1000 zdarze\u0144 w zaledwie miesi\u0105c, z kt\u00f3rych ka\u017cde potencjalnie mog\u0142o zako\u0144czy\u0107 si\u0119 katastrof\u0105.<\/p>\n<\/div>\n<div style=\"text-align: justify;\">\n<p>Te liczby rosn\u0105 co roku wraz z rozpocz\u0119ciem sezonu grzewczego. A za ka\u017cd\u0105 z nich stoi konkretna rodzina, konkretne mieszkanie, konkretna historia. Dlatego stra\u017cacy powtarzaj\u0105: czujka to najprostszy spos\u00f3b, aby te liczby zmniejszy\u0107.<\/p>\n<\/div>\n<div style=\"text-align: justify;\">\n<p>Jak zamontowa\u0107 czujk\u0119 dymu i tlenku w\u0119gla, \u017ceby naprawd\u0119 dzia\u0142a\u0142a?<\/p>\n<\/div>\n<div style=\"text-align: justify;\">\n<p>Jakie urz\u0105dzenie wybra\u0107?<\/p>\n<\/div>\n<div style=\"text-align: justify;\">\n<p>\u2022 kupuj tylko czujki z oznaczeniem CE i informacj\u0105 o zgodno\u015bci z normami (EN 14604 \u2013 czujki dymu, EN 50291 \u2013 czujki CO),\u2022 sprawd\u017a czas pracy i rodzaj baterii,\u2022 upewnij si\u0119, \u017ce czujka sygnalizuje s\u0142ab\u0105 bateri\u0119.<\/p>\n<\/div>\n<div style=\"text-align: justify;\">\n<p>Gdzie montowa\u0107 czujki dymu?\u2022 na suficie \u2013 tam gromadzi si\u0119 dym,\u2022 w korytarzach i sypialniach, na ka\u017cdej kondygnacji,\u2022 nie nad kuchenk\u0105 czy w \u0142azience (para = fa\u0142szywe alarmy),\u2022 z dala od okien i kratek wentylacyjnych.<\/p>\n<\/div>\n<div style=\"text-align: justify;\">\n<p>Gdzie zamontowa\u0107 czujk\u0119 tlenku w\u0119gla?\u2022 w pobli\u017cu piec\u00f3w, komink\u00f3w, piecyk\u00f3w gazowych oraz kot\u0142\u00f3w,\u2022 na wysoko\u015bci wzroku, ok. 1\u20133 m od urz\u0105dzenia,\u2022 w pomieszczeniach, gdzie \u015bpi\u0105 domownicy \u2013 zw\u0142aszcza w pobli\u017cu sypialni,\u2022 r\u00f3wnie\u017c z dala od okien, drzwi i kratek wentylacyjnych.<\/p>\n<\/div>\n<div style=\"text-align: justify;\">\n<p>Ile czujek?\u2022 minimum: jedna czujka dymu na ka\u017cd\u0105 kondygnacj\u0119,\u2022 co najmniej jedna czujka tlenku w\u0119gla w cz\u0119\u015bci domu z urz\u0105dzeniami spalaj\u0105cymi paliwo,\u2022 w wi\u0119kszych domach \u2013 dodatkowe czujki w korytarzach i przy sypialniach.<\/p>\n<\/div>\n<div style=\"text-align: justify;\">\n<p>Pami\u0119taj \u2013 zawsze stosuj si\u0119 do instrukcji producenta konkretnego urz\u0105dzenia.<\/p>\n<\/div>\n<div style=\"text-align: justify;\">\n<p>Masz czujk\u0119? Upewnij si\u0119, \u017ce dzia\u0142a<\/p>\n<\/div>\n<div style=\"text-align: justify;\">\n<p>Samo urz\u0105dzenie nie wystarczy \u2013 musi by\u0107 regularnie sprawdzane:<\/p>\n<\/div>\n<ul style=\"text-align: justify;\">\n<li>raz w miesi\u0105cu nacisn\u0105\u0107 przycisk TEST,<\/li>\n<li>reagowa\u0107 na sygna\u0142y s\u0142abej baterii,<\/li>\n<li>co kilka miesi\u0119cy oczy\u015bci\u0107 czujk\u0119 z kurzu,<\/li>\n<li>wymieni\u0107 urz\u0105dzenie na nowe zgodnie z instrukcj\u0105 \u2013 zwykle co 5\u201310 lat.<\/li>\n<\/ul>\n<div style=\"text-align: justify;\">\n<p>Co zrobi\u0107, gdy czujka alarmuje?<\/p>\n<\/div>\n<ol style=\"text-align: justify;\">\n<li>Potraktuj alarm powa\u017cnie \u2013 nie wy\u0142\u0105czaj go \u201ena pr\u00f3b\u0119\u201d.<\/li>\n<li>Ewakuuj domownik\u00f3w.<\/li>\n<li>Je\u015bli mo\u017cesz, otw\u00f3rz okna, by przewietrzy\u0107 pomieszczenie.<\/li>\n<li>Zadzwo\u0144 na numer 112 i poinformuj o podejrzeniu po\u017caru lub emisji tlenku w\u0119gla.<\/li>\n<li>Nie wracaj do \u015brodka, dop\u00f3ki stra\u017cacy nie potwierdz\u0105, \u017ce jest bezpiecznie.<\/li>\n<\/ol>\n<div style=\"text-align: justify;\">\n<p>Bezpiecze\u0144stwo zaczyna si\u0119 od decyzji<\/p>\n<\/div>\n<div>\n<p style=\"text-align: justify;\">Nowe przepisy zwi\u0119ksz\u0105 bezpiecze\u0144stwo w domach w najbli\u017cszych latach. Ale to, czy czujka zadzia\u0142a dzi\u015b, zale\u017cy wy\u0142\u0105cznie od decyzji mieszka\u0144c\u00f3w. Czujka to najprostszy spos\u00f3b, by ochroni\u0107 siebie i bliskich. Na bezpiecze\u0144stwo nie warto czeka\u0107.<\/p>\n<p style=\"text-align: justify;\">Powiatowa Stra\u017c Po\u017carna w M\u0142awie rozpoczyna akcj\u0119 informacyjno-prewencyjn\u0105 22\u201330 listopada. W dniach 24\u201328 listopada stra\u017cacy odwiedz\u0105 szko\u0142y, przedszkola i domy seniora.<\/p>\n<p style=\"text-align: justify;\">asp. Mariusz Luba\u0144ski<\/p>\n<p style=\"text-align: justify;\">Starszy Inspektor Sztabowy<\/p>\n<p style=\"text-align: justify;\">Wydzia\u0142u Operacyjnego<\/p>\n<p style=\"box-sizing: border-box; margin-top: 0px; margin-bottom: 15px; color: #555555; font-family: Roboto, sans-serif; font-size: 15px; text-align: justify;\"><span style=\"box-sizing: border-box; font-weight: bolder;\">KOMENTARZE<\/span><\/p>\n<p style=\"box-sizing: border-box; margin-top: 0px; margin-bottom: 15px; color: #555555; font-family: Roboto, sans-serif; font-size: 15px; text-align: justify;\"><em style=\"box-sizing: border-box;\">Wydawca portalu nie ponosi odpowiedzialno\u015bci za tre\u015b\u0107 komentarzy zamieszczanych przez u\u017cytkownik\u00f3w. Osoby zamieszczaj\u0105ce wypowiedzi naruszaj\u0105ce prawo lub prawem chronione dobra os\u00f3b trzecich mog\u0105 ponie\u015b\u0107 z tego tytu\u0142u odpowiedzialno\u015b\u0107 karn\u0105 lub cywiln\u0105.<\/em><span style=\"box-sizing: border-box; font-weight: bolder;\"><em style=\"box-sizing: border-box;\">JEDNOCZE\u015aNIE UZYTKOWNICY ZAMIESZCZAJ\u0104C KOMENTARZ OSWIADCZAJ\u0104, \u017bE BIOR\u0104 PE\u0141N\u0104 ODPOWIEDZIALNO\u015a\u0106 ZA TRE\u015aCI UMIESZCZONE PRZEZ SIEBIE<br \/>\n<\/em><\/span><\/p>\n<\/div>\n<div style=\"padding-bottom:20px; padding-top:10px;\" class=\"hupso-share-buttons\"><!-- Hupso Share Buttons - https:\/\/www.hupso.com\/share\/ --><a class=\"hupso_pop\" href=\"https:\/\/www.hupso.com\/share\/\"><img decoding=\"async\" data-src=\"http:\/\/static.hupso.com\/share\/buttons\/button100x23.png\" style=\"border:0px; width:100; height: 23; \" alt=\"Share Button\" src=\"data:image\/svg+xml;base64,PHN2ZyB3aWR0aD0iMSIgaGVpZ2h0PSIxIiB4bWxucz0iaHR0cDovL3d3dy53My5vcmcvMjAwMC9zdmciPjwvc3ZnPg==\" class=\"lazyload\" \/><\/a><script type=\"text\/javascript\">var hupso_services=new Array(\"Twitter\",\"Facebook\",\"Pinterest\",\"Linkedin\",\"Tumblr\",\"StumbleUpon\",\"Digg\",\"Reddit\",\"Bebo\",\"Delicious\",\"QZone\",\"Renren\",\"Email\");var hupso_icon_type = \"labels\";var hupso_background=\"#3BF8FF\";var hupso_border=\"#FF2B0A\";var hupso_image_folder_url = \"\";var hupso_url=\"\";var hupso_title=\"Czujki%20dymu%20i%20CO%20%E2%80%94%20zainstaluj%20dzi%C5%9B%2C%20uratuj%20jutro%21\";<\/script><script type=\"text\/javascript\" src=\"http:\/\/static.hupso.com\/share\/js\/share.js\"><\/script><!-- Hupso Share Buttons --><\/div>","protected":false},"excerpt":{"rendered":"<p>22 listopada 2024 r. w Dzienniku Ustaw opublikowano rozporz\u0105dzenie Ministra Spraw Wewn\u0119trznych i Administracji, kt\u00f3re wprowadza stopniowy obowi\u0105zek instalacji czujek dymu i tlenku w\u0119gla w budynkach mieszkalnych. To wa\u017cny krok&hellip; <\/p>\n<div style=\"padding-bottom:20px; padding-top:10px;\" class=\"hupso-share-buttons\"><!-- Hupso Share Buttons - https:\/\/www.hupso.com\/share\/ --><a class=\"hupso_pop\" href=\"https:\/\/www.hupso.com\/share\/\"><img data-src=\"http:\/\/static.hupso.com\/share\/buttons\/button100x23.png\" style=\"border:0px; width:100; height: 23; \" alt=\"Share Button\" src=\"data:image\/svg+xml;base64,PHN2ZyB3aWR0aD0iMSIgaGVpZ2h0PSIxIiB4bWxucz0iaHR0cDovL3d3dy53My5vcmcvMjAwMC9zdmciPjwvc3ZnPg==\" class=\"lazyload\" \/><\/a><script type=\"text\/javascript\">var hupso_services=new Array(\"Twitter\",\"Facebook\",\"Pinterest\",\"Linkedin\",\"Tumblr\",\"StumbleUpon\",\"Digg\",\"Reddit\",\"Bebo\",\"Delicious\",\"QZone\",\"Renren\",\"Email\");var hupso_icon_type = \"labels\";var hupso_background=\"#3BF8FF\";var hupso_border=\"#FF2B0A\";var hupso_image_folder_url = \"\";var hupso_url=\"\";var hupso_title=\"Czujki%20dymu%20i%20CO%20%E2%80%94%20zainstaluj%20dzi%C5%9B%2C%20uratuj%20jutro%21\";<\/script><script type=\"text\/javascript\" src=\"http:\/\/static.hupso.com\/share\/js\/share.js\"><\/script><!-- Hupso Share Buttons --><\/div>","protected":false},"author":1,"featured_media":11888,"comment_status":"open","ping_status":"open","sticky":false,"template":"","format":"standard","meta":{"_acf_changed":false,"wprm-recipe-roundup-name":"","wprm-recipe-roundup-description":"","footnotes":""},"categories":[19,5,28],"tags":[],"class_list":["post-11886","post","type-post","status-publish","format-standard","has-post-thumbnail","hentry","category-aktualnosci","category-na-sygnale","category-wyd"],"acf":[],"amp_enabled":true,"_links":{"self":[{"href":"http:\/\/portalm\u0142awa.pl\/index.php?rest_route=\/wp\/v2\/posts\/11886","targetHints":{"allow":["GET"]}}],"collection":[{"href":"http:\/\/portalm\u0142awa.pl\/index.php?rest_route=\/wp\/v2\/posts"}],"about":[{"href":"http:\/\/portalm\u0142awa.pl\/index.php?rest_route=\/wp\/v2\/types\/post"}],"author":[{"embeddable":true,"href":"http:\/\/portalm\u0142awa.pl\/index.php?rest_route=\/wp\/v2\/users\/1"}],"replies":[{"embeddable":true,"href":"http:\/\/portalm\u0142awa.pl\/index.php?rest_route=%2Fwp%2Fv2%2Fcomments&post=11886"}],"version-history":[{"count":3,"href":"http:\/\/portalm\u0142awa.pl\/index.php?rest_route=\/wp\/v2\/posts\/11886\/revisions"}],"predecessor-version":[{"id":11891,"href":"http:\/\/portalm\u0142awa.pl\/index.php?rest_route=\/wp\/v2\/posts\/11886\/revisions\/11891"}],"wp:featuredmedia":[{"embeddable":true,"href":"http:\/\/portalm\u0142awa.pl\/index.php?rest_route=\/wp\/v2\/media\/11888"}],"wp:attachment":[{"href":"http:\/\/portalm\u0142awa.pl\/index.php?rest_route=%2Fwp%2Fv2%2Fmedia&parent=11886"}],"wp:term":[{"taxonomy":"category","embeddable":true,"href":"http:\/\/portalm\u0142awa.pl\/index.php?rest_route=%2Fwp%2Fv2%2Fcategories&post=11886"},{"taxonomy":"post_tag","embeddable":true,"href":"http:\/\/portalm\u0142awa.pl\/index.php?rest_route=%2Fwp%2Fv2%2Ftags&post=11886"}],"curies":[{"name":"wp","href":"https:\/\/api.w.org\/{rel}","templated":true}]}}