{"id":11925,"date":"2025-11-24T17:03:53","date_gmt":"2025-11-24T16:03:53","guid":{"rendered":"http:\/\/portalm\u0142awa.pl\/?p=11925"},"modified":"2025-11-24T17:03:53","modified_gmt":"2025-11-24T16:03:53","slug":"mazowieckie-straznice-2025-osp-pieglowo-zyskala-nowy-standard","status":"publish","type":"post","link":"http:\/\/portalm\u0142awa.pl\/?p=11925","title":{"rendered":"Mazowieckie Stra\u017cnice 2025: OSP Pieg\u0142owo zyska\u0142a nowy standard!"},"content":{"rendered":"<p style=\"text-align: justify;\">W Gminie Szyd\u0142owo bezpiecze\u0144stwo mieszka\u0144c\u00f3w i sprawno\u015b\u0107 stra\u017cak\u00f3w ochotnik\u00f3w sta\u0142y si\u0119 priorytetem dzi\u0119ki programowi <strong>\u201eMazowieckie Stra\u017cnice OSP \u2013 edycja 2025\u201d<\/strong>. Z dum\u0105 informujemy, \u017ce jednostka <strong>OSP Pieg\u0142owo<\/strong> zako\u0144czy\u0142a modernizacj\u0119 swojej stra\u017cnicy, wnosz\u0105c now\u0105 jako\u015b\u0107 do lokalnej ochrony przeciwpo\u017carowej.<\/p>\n<p style=\"text-align: justify;\">W ramach realizowanego zadania wykonano <strong>kompleksow\u0105 napraw\u0119 bramy gara\u017cowej<\/strong> oraz <strong>wymian\u0119 drzwi wej\u015bciowych<\/strong>. Te prace, cho\u0107 wydaj\u0105 si\u0119 drobne, maj\u0105 ogromne znaczenie \u2013 zapewniaj\u0105 stra\u017cakom ochotnikom szybki i bezpieczny dost\u0119p do sprz\u0119tu, a mieszka\u0144com \u2013 gwarancj\u0119 sprawnej reakcji w sytuacjach zagro\u017cenia.<\/p>\n<p style=\"text-align: justify;\">Ca\u0142kowity koszt inwestycji wyni\u00f3s\u0142 <strong>21 000 z\u0142<\/strong>, a \u015brodki na ten cel w ca\u0142o\u015bci pochodzi\u0142y z bud\u017cetu <strong>Samorz\u0105du Wojew\u00f3dztwa Mazowieckiego<\/strong>. Dzi\u0119ki temu modernizacja nie obci\u0105\u017cy\u0142a lokalnej spo\u0142eczno\u015bci, a jednostka zyska\u0142a trwa\u0142e i nowoczesne rozwi\u0105zania infrastrukturalne.<\/p>\n<p style=\"text-align: justify;\">Program \u201eMazowieckie Stra\u017cnice\u201d to nie tylko inwestycja w sprz\u0119t i budynki, ale przede wszystkim w <strong>bezpiecze\u0144stwo mieszka\u0144c\u00f3w i gotowo\u015b\u0107 bojow\u0105 stra\u017cak\u00f3w<\/strong>. Dzi\u0119ki takim dzia\u0142aniom OSP Pieg\u0142owo mo\u017ce dzia\u0142a\u0107 sprawnie, profesjonalnie i\u2026 gotowa na ka\u017cde wyzwanie.<\/p>\n<p style=\"text-align: justify;\"><strong>OSP Pieg\u0142owo \u2013 zawsze na stra\u017cy bezpiecze\u0144stwa Gminy Szyd\u0142owo!<\/strong><\/p>\n<p style=\"text-align: justify;\">#MazowszePomaga #ProgramyWsparcia #Solidarno\u015b\u0107Mazowiecka #OSP #Bezpiecze\u0144stwo<\/p>\n<p style=\"text-align: justify;\">T.B fot UG Szyd\u0142owo<\/p>\n<p style=\"box-sizing: border-box; margin-top: 0px; margin-bottom: 15px; color: #555555; font-family: Roboto, sans-serif; font-size: 15px; text-align: justify;\"><span style=\"box-sizing: border-box; font-weight: bolder;\">KOMENTARZE<\/span><\/p>\n<p style=\"box-sizing: border-box; margin-top: 0px; margin-bottom: 15px; color: #555555; font-family: Roboto, sans-serif; font-size: 15px; text-align: justify;\"><em style=\"box-sizing: border-box;\">Wydawca portalu nie ponosi odpowiedzialno\u015bci za tre\u015b\u0107 komentarzy zamieszczanych przez u\u017cytkownik\u00f3w. Osoby zamieszczaj\u0105ce wypowiedzi naruszaj\u0105ce prawo lub prawem chronione dobra os\u00f3b trzecich mog\u0105 ponie\u015b\u0107 z tego tytu\u0142u odpowiedzialno\u015b\u0107 karn\u0105 lub cywiln\u0105.<\/em><span style=\"box-sizing: border-box; font-weight: bolder;\"><em style=\"box-sizing: border-box;\">JEDNOCZE\u015aNIE UZYTKOWNICY ZAMIESZCZAJ\u0104C KOMENTARZ OSWIADCZAJ\u0104, \u017bE BIOR\u0104 PE\u0141N\u0104 ODPOWIEDZIALNO\u015a\u0106 ZA TRE\u015aCI UMIESZCZONE PRZEZ SIEBIE<\/em><\/span><\/p>\n<p style=\"text-align: justify;\">\n<div style=\"padding-bottom:20px; padding-top:10px;\" class=\"hupso-share-buttons\"><!-- Hupso Share Buttons - https:\/\/www.hupso.com\/share\/ --><a class=\"hupso_pop\" href=\"https:\/\/www.hupso.com\/share\/\"><img decoding=\"async\" data-src=\"http:\/\/static.hupso.com\/share\/buttons\/button100x23.png\" style=\"border:0px; width:100; height: 23; \" alt=\"Share Button\" src=\"data:image\/svg+xml;base64,PHN2ZyB3aWR0aD0iMSIgaGVpZ2h0PSIxIiB4bWxucz0iaHR0cDovL3d3dy53My5vcmcvMjAwMC9zdmciPjwvc3ZnPg==\" class=\"lazyload\" \/><\/a><script type=\"text\/javascript\">var hupso_services=new Array(\"Twitter\",\"Facebook\",\"Pinterest\",\"Linkedin\",\"Tumblr\",\"StumbleUpon\",\"Digg\",\"Reddit\",\"Bebo\",\"Delicious\",\"QZone\",\"Renren\",\"Email\");var hupso_icon_type = \"labels\";var hupso_background=\"#3BF8FF\";var hupso_border=\"#FF2B0A\";var hupso_image_folder_url = \"\";var hupso_url=\"\";var hupso_title=\"Mazowieckie%20Stra%C5%BCnice%202025%3A%20OSP%20Pieg%C5%82owo%20zyska%C5%82a%20nowy%20standard%21\";<\/script><script type=\"text\/javascript\" src=\"http:\/\/static.hupso.com\/share\/js\/share.js\"><\/script><!-- Hupso Share Buttons --><\/div>","protected":false},"excerpt":{"rendered":"<p>W Gminie Szyd\u0142owo bezpiecze\u0144stwo mieszka\u0144c\u00f3w i sprawno\u015b\u0107 stra\u017cak\u00f3w ochotnik\u00f3w sta\u0142y si\u0119 priorytetem dzi\u0119ki programowi \u201eMazowieckie Stra\u017cnice OSP \u2013 edycja 2025\u201d. Z dum\u0105 informujemy, \u017ce jednostka OSP Pieg\u0142owo zako\u0144czy\u0142a modernizacj\u0119 swojej&hellip; <\/p>\n<div style=\"padding-bottom:20px; padding-top:10px;\" class=\"hupso-share-buttons\"><!-- Hupso Share Buttons - https:\/\/www.hupso.com\/share\/ --><a class=\"hupso_pop\" href=\"https:\/\/www.hupso.com\/share\/\"><img data-src=\"http:\/\/static.hupso.com\/share\/buttons\/button100x23.png\" style=\"border:0px; width:100; height: 23; \" alt=\"Share Button\" src=\"data:image\/svg+xml;base64,PHN2ZyB3aWR0aD0iMSIgaGVpZ2h0PSIxIiB4bWxucz0iaHR0cDovL3d3dy53My5vcmcvMjAwMC9zdmciPjwvc3ZnPg==\" class=\"lazyload\" \/><\/a><script type=\"text\/javascript\">var hupso_services=new Array(\"Twitter\",\"Facebook\",\"Pinterest\",\"Linkedin\",\"Tumblr\",\"StumbleUpon\",\"Digg\",\"Reddit\",\"Bebo\",\"Delicious\",\"QZone\",\"Renren\",\"Email\");var hupso_icon_type = \"labels\";var hupso_background=\"#3BF8FF\";var hupso_border=\"#FF2B0A\";var hupso_image_folder_url = \"\";var hupso_url=\"\";var hupso_title=\"Mazowieckie%20Stra%C5%BCnice%202025%3A%20OSP%20Pieg%C5%82owo%20zyska%C5%82a%20nowy%20standard%21\";<\/script><script type=\"text\/javascript\" src=\"http:\/\/static.hupso.com\/share\/js\/share.js\"><\/script><!-- Hupso Share Buttons --><\/div>","protected":false},"author":1,"featured_media":11926,"comment_status":"open","ping_status":"open","sticky":false,"template":"","format":"standard","meta":{"_acf_changed":false,"wprm-recipe-roundup-name":"","wprm-recipe-roundup-description":"","footnotes":""},"categories":[19,506,28],"tags":[],"class_list":["post-11925","post","type-post","status-publish","format-standard","has-post-thumbnail","hentry","category-aktualnosci","category-pow","category-wyd"],"acf":[],"amp_enabled":true,"_links":{"self":[{"href":"http:\/\/portalm\u0142awa.pl\/index.php?rest_route=\/wp\/v2\/posts\/11925","targetHints":{"allow":["GET"]}}],"collection":[{"href":"http:\/\/portalm\u0142awa.pl\/index.php?rest_route=\/wp\/v2\/posts"}],"about":[{"href":"http:\/\/portalm\u0142awa.pl\/index.php?rest_route=\/wp\/v2\/types\/post"}],"author":[{"embeddable":true,"href":"http:\/\/portalm\u0142awa.pl\/index.php?rest_route=\/wp\/v2\/users\/1"}],"replies":[{"embeddable":true,"href":"http:\/\/portalm\u0142awa.pl\/index.php?rest_route=%2Fwp%2Fv2%2Fcomments&post=11925"}],"version-history":[{"count":1,"href":"http:\/\/portalm\u0142awa.pl\/index.php?rest_route=\/wp\/v2\/posts\/11925\/revisions"}],"predecessor-version":[{"id":11927,"href":"http:\/\/portalm\u0142awa.pl\/index.php?rest_route=\/wp\/v2\/posts\/11925\/revisions\/11927"}],"wp:featuredmedia":[{"embeddable":true,"href":"http:\/\/portalm\u0142awa.pl\/index.php?rest_route=\/wp\/v2\/media\/11926"}],"wp:attachment":[{"href":"http:\/\/portalm\u0142awa.pl\/index.php?rest_route=%2Fwp%2Fv2%2Fmedia&parent=11925"}],"wp:term":[{"taxonomy":"category","embeddable":true,"href":"http:\/\/portalm\u0142awa.pl\/index.php?rest_route=%2Fwp%2Fv2%2Fcategories&post=11925"},{"taxonomy":"post_tag","embeddable":true,"href":"http:\/\/portalm\u0142awa.pl\/index.php?rest_route=%2Fwp%2Fv2%2Ftags&post=11925"}],"curies":[{"name":"wp","href":"https:\/\/api.w.org\/{rel}","templated":true}]}}