{"id":11986,"date":"2025-11-26T16:16:52","date_gmt":"2025-11-26T15:16:52","guid":{"rendered":"http:\/\/portalm\u0142awa.pl\/?p=11986"},"modified":"2025-11-26T16:16:52","modified_gmt":"2025-11-26T15:16:52","slug":"pol-wieku-aktywnosci-i-serca-dla-seniorow-jak-mlawa-swietowala-jubileusz-pzeir","status":"publish","type":"post","link":"http:\/\/portalm\u0142awa.pl\/?p=11986","title":{"rendered":"P\u00f3\u0142 wieku aktywno\u015bci i serca dla senior\u00f3w \u2014 jak M\u0142awa \u015bwi\u0119towa\u0142a jubileusz PZEiR"},"content":{"rendered":"<p style=\"text-align: justify;\">W \u015brod\u0119, 26 listopada 2025 roku, Miejski Dom Kultury w M\u0142awie wype\u0142ni\u0142 si\u0119 brawami, wspomnieniami i wzruszeniami \u2014 m\u0142awski oddzia\u0142 Polskiego Zwi\u0105zku Emeryt\u00f3w i Rencist\u00f3w \u015bwi\u0119towa\u0142 swoje 50-lecie. To by\u0142 wiecz\u00f3r refleksji nad przesz\u0142o\u015bci\u0105, podzi\u0119kowa\u0144 dla najbardziej zas\u0142u\u017conych i mocnego sygna\u0142u, \u017ce dzia\u0142alno\u015b\u0107 na rzecz senior\u00f3w wci\u0105\u017c jest priorytetem lokalnej spo\u0142eczno\u015bci.<\/p>\n<p style=\"text-align: justify;\">Uroczysto\u015b\u0107 zgromadzi\u0142a licznych cz\u0142onk\u00f3w zwi\u0105zku oraz przedstawicieli w\u0142adz samorz\u0105dowych \u2014 w imieniu miasta g\u0142os zabra\u0142 II zast\u0119pca burmistrza Mariusz Szczechowicz, kt\u00f3ry z\u0142o\u017cy\u0142 gratulacje i podkre\u015bli\u0142, \u017ce troska o senior\u00f3w to inwestycja w przysz\u0142o\u015b\u0107 spo\u0142eczno\u015bci.<\/p>\n<p style=\"text-align: justify;\">Centralnym punktem wieczoru by\u0142y wyr\u00f3\u017cnienia \u2014 dyplomy i podzi\u0119kowania trafi\u0142y do os\u00f3b, kt\u00f3re przez lata budowa\u0142y i piel\u0119gnowa\u0142y dzia\u0142alno\u015b\u0107 PZER w M\u0142awie. By\u0142y to chwile pe\u0142ne emocji: wspomnienia z powojennych lat, opowie\u015bci o pierwszych spotkaniach klubu i dumne spojrzenia na efekty p\u00f3\u0142 wieku pracy spo\u0142ecznej. To tak\u017ce przypomnienie, \u017ce to nie tylko struktura organizacyjna, lecz przede wszystkim ludzie i relacje.<\/p>\n<p style=\"text-align: justify;\">Organizacja jubileuszu nie odby\u0142a si\u0119 w pr\u00f3\u017cni \u2014 samorz\u0105d powiatu r\u00f3wnie\u017c wspar\u0142 obchody. Dokumenty urz\u0119dowe wskazuj\u0105, \u017ce Powiat M\u0142awski przyzna\u0142 PZER \u015brodki na organizacj\u0119 jubileuszu, co podkre\u015bla zaanga\u017cowanie instytucji publicznych w promowanie aktywno\u015bci senior\u00f3w. Dzi\u0119ki takim gestom lokalne inicjatywy mog\u0105 pokaza\u0107 szerokiej publiczno\u015bci swoj\u0105 prac\u0119 i zyska\u0107 potrzebne wsparcie logistyczne.<\/p>\n<p style=\"text-align: justify;\">Rola Miejskiego Domu Kultury w tym przedsi\u0119wzi\u0119ciu by\u0142a nie do przecenienia \u2014 to w\u0142a\u015bnie tam seniorzy mieli mo\u017cliwo\u015b\u0107 zaprezentowa\u0107 swoje osi\u0105gni\u0119cia, przyj\u0105\u0107 gratulacje i spotka\u0107 si\u0119 z m\u0142odszymi pokoleniami. Dom Kultury konsekwentnie rozwija ofert\u0119 dla senior\u00f3w \u2014 od warsztat\u00f3w po wydarzenia kulturalne \u2014 tworz\u0105c przestrze\u0144, w kt\u00f3rej do\u015bwiadczenie i pasja mog\u0105 znale\u017a\u0107 wyraz.<\/p>\n<p style=\"text-align: justify;\">Patrz\u0105c szerzej, jubileusz PZER w M\u0142awie to nie tylko \u015bwi\u0119to organizacji, lecz dow\u00f3d na to, \u017ce lokalna polityka spo\u0142eczna dzia\u0142a: gdy urz\u0105d miasta, powiat i instytucje kultury wsp\u00f3\u0142pracuj\u0105, seniorzy zyskuj\u0105 realne mo\u017cliwo\u015bci aktywnego \u017cycia publicznego. To zach\u0119ta dla kolejnych pokole\u0144 do budowania wi\u0119zi mi\u0119dzypokoleniowych i przekazywania do\u015bwiadcze\u0144, kt\u00f3re s\u0105 nieocenione dla to\u017csamo\u015bci miasta.<\/p>\n<p style=\"text-align: justify;\">Na koniec \u2014 przes\u0142anie p\u0142yn\u0105ce z sali Miejskiego Domu Kultury jest proste, lecz wa\u017cne: p\u00f3\u0142 wieku dzia\u0142ania to dorobek, kt\u00f3ry trzeba piel\u0119gnowa\u0107. Polski Zwi\u0105zek Emeryt\u00f3w i Rencist\u00f3w w M\u0142awie pokaza\u0142, \u017ce organizacje senioralne potrafi\u0105 \u0142\u0105czy\u0107, inspirowa\u0107 i zmienia\u0107 miasto na lepsze. Niech ten jubileusz b\u0119dzie pocz\u0105tkiem kolejnych inicjatyw, kt\u00f3re jeszcze mocniej w\u0142\u0105cz\u0105 osoby starsze w \u017cycie kulturalne i spo\u0142eczne M\u0142awy.<\/p>\n<p style=\"text-align: justify;\">T.B fot MM<\/p>\n<p style=\"text-align: justify;\">KOMENTARZE<\/p>\n<p style=\"text-align: justify;\">Wydawca portalu nie ponosi odpowiedzialno\u015bci za tre\u015b\u0107 komentarzy zamieszczanych przez u\u017cytkownik\u00f3w. Osoby zamieszczaj\u0105ce wypowiedzi naruszaj\u0105ce prawo lub prawem chronione dobra os\u00f3b trzecich mog\u0105 ponie\u015b\u0107 z tego tytu\u0142u odpowiedzialno\u015b\u0107 karn\u0105 lub cywiln\u0105.JEDNOCZE\u015aNIE UZYTKOWNICY ZAMIESZCZAJ\u0104C KOMENTARZ OSWIADCZAJ\u0104, \u017bE BIOR\u0104 PE\u0141N\u0104 ODPOWIEDZIALNO\u015a\u0106 ZA TRE\u015aCI UMIESZCZONE PRZEZ SIEBIE<\/p>\n<div style=\"padding-bottom:20px; padding-top:10px;\" class=\"hupso-share-buttons\"><!-- Hupso Share Buttons - https:\/\/www.hupso.com\/share\/ --><a class=\"hupso_pop\" href=\"https:\/\/www.hupso.com\/share\/\"><img decoding=\"async\" data-src=\"http:\/\/static.hupso.com\/share\/buttons\/button100x23.png\" style=\"border:0px; width:100; height: 23; \" alt=\"Share Button\" src=\"data:image\/svg+xml;base64,PHN2ZyB3aWR0aD0iMSIgaGVpZ2h0PSIxIiB4bWxucz0iaHR0cDovL3d3dy53My5vcmcvMjAwMC9zdmciPjwvc3ZnPg==\" class=\"lazyload\" \/><\/a><script type=\"text\/javascript\">var hupso_services=new Array(\"Twitter\",\"Facebook\",\"Pinterest\",\"Linkedin\",\"Tumblr\",\"StumbleUpon\",\"Digg\",\"Reddit\",\"Bebo\",\"Delicious\",\"QZone\",\"Renren\",\"Email\");var hupso_icon_type = \"labels\";var hupso_background=\"#3BF8FF\";var hupso_border=\"#FF2B0A\";var hupso_image_folder_url = \"\";var hupso_url=\"\";var hupso_title=\"P%C3%B3%C5%82%20wieku%20aktywno%C5%9Bci%20i%20serca%20dla%20senior%C3%B3w%20%E2%80%94%20jak%20M%C5%82awa%20%C5%9Bwi%C4%99towa%C5%82a%20jubileusz%20PZEiR\";<\/script><script type=\"text\/javascript\" src=\"http:\/\/static.hupso.com\/share\/js\/share.js\"><\/script><!-- Hupso Share Buttons --><\/div>","protected":false},"excerpt":{"rendered":"<p>W \u015brod\u0119, 26 listopada 2025 roku, Miejski Dom Kultury w M\u0142awie wype\u0142ni\u0142 si\u0119 brawami, wspomnieniami i wzruszeniami \u2014 m\u0142awski oddzia\u0142 Polskiego Zwi\u0105zku Emeryt\u00f3w i Rencist\u00f3w \u015bwi\u0119towa\u0142 swoje 50-lecie. To by\u0142&hellip; <\/p>\n<div style=\"padding-bottom:20px; padding-top:10px;\" class=\"hupso-share-buttons\"><!-- Hupso Share Buttons - https:\/\/www.hupso.com\/share\/ --><a class=\"hupso_pop\" href=\"https:\/\/www.hupso.com\/share\/\"><img data-src=\"http:\/\/static.hupso.com\/share\/buttons\/button100x23.png\" style=\"border:0px; width:100; height: 23; \" alt=\"Share Button\" src=\"data:image\/svg+xml;base64,PHN2ZyB3aWR0aD0iMSIgaGVpZ2h0PSIxIiB4bWxucz0iaHR0cDovL3d3dy53My5vcmcvMjAwMC9zdmciPjwvc3ZnPg==\" class=\"lazyload\" \/><\/a><script type=\"text\/javascript\">var hupso_services=new Array(\"Twitter\",\"Facebook\",\"Pinterest\",\"Linkedin\",\"Tumblr\",\"StumbleUpon\",\"Digg\",\"Reddit\",\"Bebo\",\"Delicious\",\"QZone\",\"Renren\",\"Email\");var hupso_icon_type = \"labels\";var hupso_background=\"#3BF8FF\";var hupso_border=\"#FF2B0A\";var hupso_image_folder_url = \"\";var hupso_url=\"\";var hupso_title=\"P%C3%B3%C5%82%20wieku%20aktywno%C5%9Bci%20i%20serca%20dla%20senior%C3%B3w%20%E2%80%94%20jak%20M%C5%82awa%20%C5%9Bwi%C4%99towa%C5%82a%20jubileusz%20PZEiR\";<\/script><script type=\"text\/javascript\" src=\"http:\/\/static.hupso.com\/share\/js\/share.js\"><\/script><!-- Hupso Share Buttons --><\/div>","protected":false},"author":1,"featured_media":11987,"comment_status":"open","ping_status":"open","sticky":false,"template":"","format":"standard","meta":{"_acf_changed":false,"wprm-recipe-roundup-name":"","wprm-recipe-roundup-description":"","footnotes":""},"categories":[19,3,28],"tags":[],"class_list":["post-11986","post","type-post","status-publish","format-standard","has-post-thumbnail","hentry","category-aktualnosci","category-kultura","category-wyd"],"acf":[],"amp_enabled":true,"_links":{"self":[{"href":"http:\/\/portalm\u0142awa.pl\/index.php?rest_route=\/wp\/v2\/posts\/11986","targetHints":{"allow":["GET"]}}],"collection":[{"href":"http:\/\/portalm\u0142awa.pl\/index.php?rest_route=\/wp\/v2\/posts"}],"about":[{"href":"http:\/\/portalm\u0142awa.pl\/index.php?rest_route=\/wp\/v2\/types\/post"}],"author":[{"embeddable":true,"href":"http:\/\/portalm\u0142awa.pl\/index.php?rest_route=\/wp\/v2\/users\/1"}],"replies":[{"embeddable":true,"href":"http:\/\/portalm\u0142awa.pl\/index.php?rest_route=%2Fwp%2Fv2%2Fcomments&post=11986"}],"version-history":[{"count":1,"href":"http:\/\/portalm\u0142awa.pl\/index.php?rest_route=\/wp\/v2\/posts\/11986\/revisions"}],"predecessor-version":[{"id":11988,"href":"http:\/\/portalm\u0142awa.pl\/index.php?rest_route=\/wp\/v2\/posts\/11986\/revisions\/11988"}],"wp:featuredmedia":[{"embeddable":true,"href":"http:\/\/portalm\u0142awa.pl\/index.php?rest_route=\/wp\/v2\/media\/11987"}],"wp:attachment":[{"href":"http:\/\/portalm\u0142awa.pl\/index.php?rest_route=%2Fwp%2Fv2%2Fmedia&parent=11986"}],"wp:term":[{"taxonomy":"category","embeddable":true,"href":"http:\/\/portalm\u0142awa.pl\/index.php?rest_route=%2Fwp%2Fv2%2Fcategories&post=11986"},{"taxonomy":"post_tag","embeddable":true,"href":"http:\/\/portalm\u0142awa.pl\/index.php?rest_route=%2Fwp%2Fv2%2Ftags&post=11986"}],"curies":[{"name":"wp","href":"https:\/\/api.w.org\/{rel}","templated":true}]}}