{"id":11989,"date":"2025-11-26T17:09:44","date_gmt":"2025-11-26T16:09:44","guid":{"rendered":"http:\/\/portalm\u0142awa.pl\/?p=11989"},"modified":"2025-11-26T17:09:44","modified_gmt":"2025-11-26T16:09:44","slug":"mlodziez-przejmuje-stery-ii-sesja-mlodziezowej-rady-powiatu-mlawskiego-pokazala-ambicje-i-konkretne-plany","status":"publish","type":"post","link":"http:\/\/portalm\u0142awa.pl\/?p=11989","title":{"rendered":"M\u0142odzie\u017c przejmuje stery \u2014 II Sesja M\u0142odzie\u017cowej Rady Powiatu M\u0142awskiego pokaza\u0142a ambicj\u0119 i konkretne plany"},"content":{"rendered":"<p style=\"text-align: justify;\">Wczoraj (25 listopada 2025 r.) w sali konferencyjnej Starostwa Powiatowego w M\u0142awie odby\u0142a si\u0119 II Sesja M\u0142odzie\u017cowej Rady Powiatu M\u0142awskiego \u2014 spotkanie, kt\u00f3re pokaza\u0142o, \u017ce nowo wybrana rada nie chce by\u0107 tylko symbolicznym cia\u0142em, lecz realnym partnerem samorz\u0105du w pracy dla m\u0142odzie\u017cy i ca\u0142ego powiatu.<\/p>\n<p style=\"text-align: justify;\"><strong>Od WO\u015aP po \u201eMapa Marze\u0144\u201d \u2014 program pe\u0142en inicjatyw<\/strong><\/p>\n<p style=\"text-align: justify;\">Porz\u0105dek obrad by\u0142 konkretny i ambitny: m\u0142odzi radni debatowali o uczestnictwie w Wielkiej Orkiestrze \u015awi\u0105tecznej Pomocy i o zaanga\u017cowaniu w akcj\u0119 \u201eSzlachetna Paczka\u201d, omawiali wsp\u00f3\u0142prac\u0119 z lokalnym Towarzystwem Mi\u0142o\u015bnik\u00f3w Tw\u00f3rczo\u015bci Tekli B\u0105darzewskiej oraz przedstawiali pomys\u0142y proekologiczne pod szyldem \u201ePowiat EKO\u201d. Na sesji zaprezentowano te\u017c koncepcj\u0119 projektu \u201eMapa Marze\u0144 Powiatu M\u0142awskiego\u201d \u2014 narz\u0119dzia, kt\u00f3re ma pom\u00f3c m\u0142odym zdiagnozowa\u0107 potrzeby i priorytety lokalnej m\u0142odzie\u017cy.<\/p>\n<p style=\"text-align: justify;\"><strong>Sport, kultura i bud\u017cet od m\u0142odych \u2014 inicjatywy, kt\u00f3re mog\u0105 szybko ruszy\u0107<\/strong><\/p>\n<p style=\"text-align: justify;\">Radni przedyskutowali propozycj\u0119 powo\u0142ania Powiatowej M\u0142odzie\u017cowej Rady Sportu oraz zarys Powiatowego Festiwalu M\u0142odzie\u017cowego \u2014 projekt\u00f3w, kt\u00f3re \u0142\u0105cz\u0105 aktywno\u015b\u0107 fizyczn\u0105, tw\u00f3rczo\u015b\u0107 i integracj\u0119 mi\u0119dzypokoleniow\u0105. Om\u00f3wiono r\u00f3wnie\u017c za\u0142o\u017cenia Powiatowego Bud\u017cetu M\u0142odzie\u017cowego oraz programy profilaktyczne planowane na rok bud\u017cetowy 2026 \u2014 to dow\u00f3d, \u017ce m\u0142odzie\u017c chce wp\u0142ywa\u0107 r\u00f3wnie\u017c na finanse i polityk\u0119 zdrowotno-profilaktyczn\u0105 na poziomie powiatu. (Szczeg\u00f3\u0142y punkt\u00f3w programu podane przez organizator\u00f3w sesji).<\/p>\n<p style=\"text-align: justify;\"><strong>Nowy radny, nowe zobowi\u0105zania \u2014 \u015blubowanie i energia do dzia\u0142ania<\/strong><\/p>\n<p style=\"text-align: justify;\">W trakcie sesji swoje uroczyste \u015blubowanie z\u0142o\u017cy\u0142 radny Igor Wysocki \u2014 symboliczny moment, kt\u00f3ry dope\u0142ni\u0142 sk\u0142ad rady i przypomnia\u0142, \u017ce przed m\u0142odymi przedstawicielami stoi trzyletnia kadencja pe\u0142na pracy dla r\u00f3wie\u015bnik\u00f3w. Wy\u0142oniony w pa\u017adziernikowych wyborach sk\u0142ad rady oraz pierwsze kroki (inauguracja, wyb\u00f3r prezydium, warsztaty szkoleniowe) pokazuj\u0105, \u017ce proces budowania m\u0142odzie\u017cowego samorz\u0105du przebiega konsekwentnie.<\/p>\n<p style=\"text-align: justify;\"><strong>Wsparcie i wsp\u00f3\u0142praca \u2014 finansowanie i partnerzy lokalni<\/strong><\/p>\n<p style=\"text-align: justify;\">Warto podkre\u015bli\u0107, \u017ce \u201ePowo\u0142anie M\u0142odzie\u017cowej Rady Powiatu M\u0142awskiego\u201d zosta\u0142o wsp\u00f3\u0142finansowane ze \u015brodk\u00f3w Samorz\u0105du Wojew\u00f3dztwa Mazowieckiego \u2014 to wa\u017cny element, kt\u00f3ry zapewnia nie tylko formalne wsparcie, ale i realne \u015brodki na szkolenia, warsztaty i dzia\u0142ania inicjowane przez m\u0142odzie\u017c. Rada ma te\u017c partner\u00f3w w lokalnych instytucjach: starostwo, Miejski Dom Kultury i organizacje pozarz\u0105dowe deklaruj\u0105 ch\u0119\u0107 wsp\u00f3\u0142pracy przy realizacji projekt\u00f3w radnych.<\/p>\n<p style=\"text-align: justify;\"><strong>Ekologia jako priorytet \u2014 \u201ePowiat EKO\u201d wpisany w lokalny plan<\/strong><\/p>\n<p style=\"text-align: justify;\">Rozmowy o \u201ePowiat EKO\u201d wpisuj\u0105 si\u0119 w d\u0142u\u017csz\u0105 strategi\u0119 powiatu i miasta dotycz\u0105c\u0105 ochrony \u015brodowiska \u2014 dokumenty planistyczne i programy (m.in. Program Ochrony \u015arodowiska dla Miasta i Powiatu) wskazuj\u0105 na konieczno\u015b\u0107 dzia\u0142a\u0144 edukacyjnych, termomodernizacji i walki z nisk\u0105 emisj\u0105. Zaanga\u017cowanie m\u0142odzie\u017cy w te tematy daje nadziej\u0119 na tw\u00f3rcze kampanie i konkretne efekty w kolejnych latach.<\/p>\n<p style=\"text-align: justify;\"><strong>Dlaczego to ma znaczenie?\u00a0<\/strong><\/p>\n<p style=\"text-align: justify;\">M\u0142odzie\u017cowa Rada ma potencja\u0142, by sta\u0107 si\u0119 mostem mi\u0119dzy administracj\u0105 a szko\u0142ami \u2014 zw\u0142aszcza je\u015bli przyjmie model dzia\u0142a\u0144, w kt\u00f3rym pomys\u0142y s\u0105 szybko testowane (mini-projekty, bud\u017cet partycypacyjny) i mierzone realnymi efektami. Projekty takie jak \u201eMapa Marze\u0144\u201d czy Festiwal M\u0142odzie\u017cowy mog\u0105 by\u0107 zar\u00f3wno narz\u0119dziem diagnostycznym, jak i platform\u0105 wsp\u00f3\u0142pracy, je\u015bli tylko rada zadba o przejrzyste kryteria selekcji pomys\u0142\u00f3w i otwart\u0105 komunikacj\u0119 z mieszka\u0144cami.<\/p>\n<p style=\"text-align: justify;\"><strong>Zako\u0144czenie \u2014 wezwanie do wsp\u00f3\u0142pracy<\/strong><\/p>\n<p style=\"text-align: justify;\">II Sesja pokaza\u0142a, \u017ce m\u0142odzi radni maj\u0105 pomys\u0142y, energi\u0119 i wsparcie \u2014 teraz trzeba odwagi, by przej\u015b\u0107 od deklaracji do wdro\u017ce\u0144. Apel do mieszka\u0144c\u00f3w, organizacji pozarz\u0105dowych i instytucji: obserwujcie dzia\u0142ania M\u0142odzie\u017cowej Rady, zg\u0142aszajcie partnerstwa i dawajcie m\u0142odym przestrze\u0144 do pr\u00f3bowania nowych rozwi\u0105za\u0144. To ich przysz\u0142o\u015b\u0107 \u2014 a ich pomys\u0142y maj\u0105 moc zmienia\u0107 powiat ju\u017c dzi\u015b.<\/p>\n<p style=\"text-align: justify;\">T.B fot powiatmlawski.pl<\/p>\n<p style=\"text-align: justify;\">KOMENTARZE<\/p>\n<p style=\"text-align: justify;\">Wydawca portalu nie ponosi odpowiedzialno\u015bci za tre\u015b\u0107 komentarzy zamieszczanych przez u\u017cytkownik\u00f3w. Osoby zamieszczaj\u0105ce wypowiedzi naruszaj\u0105ce prawo lub prawem chronione dobra os\u00f3b trzecich mog\u0105 ponie\u015b\u0107 z tego tytu\u0142u odpowiedzialno\u015b\u0107 karn\u0105 lub cywiln\u0105.JEDNOCZE\u015aNIE UZYTKOWNICY ZAMIESZCZAJ\u0104C KOMENTARZ OSWIADCZAJ\u0104, \u017bE BIOR\u0104 PE\u0141N\u0104 ODPOWIEDZIALNO\u015a\u0106 ZA TRE\u015aCI UMIESZCZONE PRZEZ SIEBIE<\/p>\n<div style=\"padding-bottom:20px; padding-top:10px;\" class=\"hupso-share-buttons\"><!-- Hupso Share Buttons - https:\/\/www.hupso.com\/share\/ --><a class=\"hupso_pop\" href=\"https:\/\/www.hupso.com\/share\/\"><img decoding=\"async\" data-src=\"http:\/\/static.hupso.com\/share\/buttons\/button100x23.png\" style=\"border:0px; width:100; height: 23; \" alt=\"Share Button\" src=\"data:image\/svg+xml;base64,PHN2ZyB3aWR0aD0iMSIgaGVpZ2h0PSIxIiB4bWxucz0iaHR0cDovL3d3dy53My5vcmcvMjAwMC9zdmciPjwvc3ZnPg==\" class=\"lazyload\" \/><\/a><script type=\"text\/javascript\">var hupso_services=new Array(\"Twitter\",\"Facebook\",\"Pinterest\",\"Linkedin\",\"Tumblr\",\"StumbleUpon\",\"Digg\",\"Reddit\",\"Bebo\",\"Delicious\",\"QZone\",\"Renren\",\"Email\");var hupso_icon_type = \"labels\";var hupso_background=\"#3BF8FF\";var hupso_border=\"#FF2B0A\";var hupso_image_folder_url = \"\";var hupso_url=\"\";var hupso_title=\"M%C5%82odzie%C5%BC%20przejmuje%20stery%20%E2%80%94%20II%20Sesja%20M%C5%82odzie%C5%BCowej%20Rady%20Powiatu%20M%C5%82awskiego%20pokaza%C5%82a%20ambicj%C4%99%20i%20konkretne%20plany\";<\/script><script type=\"text\/javascript\" src=\"http:\/\/static.hupso.com\/share\/js\/share.js\"><\/script><!-- Hupso Share Buttons --><\/div>","protected":false},"excerpt":{"rendered":"<p>Wczoraj (25 listopada 2025 r.) w sali konferencyjnej Starostwa Powiatowego w M\u0142awie odby\u0142a si\u0119 II Sesja M\u0142odzie\u017cowej Rady Powiatu M\u0142awskiego \u2014 spotkanie, kt\u00f3re pokaza\u0142o, \u017ce nowo wybrana rada nie chce&hellip; <\/p>\n<div style=\"padding-bottom:20px; padding-top:10px;\" class=\"hupso-share-buttons\"><!-- Hupso Share Buttons - https:\/\/www.hupso.com\/share\/ --><a class=\"hupso_pop\" href=\"https:\/\/www.hupso.com\/share\/\"><img data-src=\"http:\/\/static.hupso.com\/share\/buttons\/button100x23.png\" style=\"border:0px; width:100; height: 23; \" alt=\"Share Button\" src=\"data:image\/svg+xml;base64,PHN2ZyB3aWR0aD0iMSIgaGVpZ2h0PSIxIiB4bWxucz0iaHR0cDovL3d3dy53My5vcmcvMjAwMC9zdmciPjwvc3ZnPg==\" class=\"lazyload\" \/><\/a><script type=\"text\/javascript\">var hupso_services=new Array(\"Twitter\",\"Facebook\",\"Pinterest\",\"Linkedin\",\"Tumblr\",\"StumbleUpon\",\"Digg\",\"Reddit\",\"Bebo\",\"Delicious\",\"QZone\",\"Renren\",\"Email\");var hupso_icon_type = \"labels\";var hupso_background=\"#3BF8FF\";var hupso_border=\"#FF2B0A\";var hupso_image_folder_url = \"\";var hupso_url=\"\";var hupso_title=\"M%C5%82odzie%C5%BC%20przejmuje%20stery%20%E2%80%94%20II%20Sesja%20M%C5%82odzie%C5%BCowej%20Rady%20Powiatu%20M%C5%82awskiego%20pokaza%C5%82a%20ambicj%C4%99%20i%20konkretne%20plany\";<\/script><script type=\"text\/javascript\" src=\"http:\/\/static.hupso.com\/share\/js\/share.js\"><\/script><!-- Hupso Share Buttons --><\/div>","protected":false},"author":1,"featured_media":11990,"comment_status":"open","ping_status":"open","sticky":false,"template":"","format":"standard","meta":{"_acf_changed":false,"wprm-recipe-roundup-name":"","wprm-recipe-roundup-description":"","footnotes":""},"categories":[19,28],"tags":[],"class_list":["post-11989","post","type-post","status-publish","format-standard","has-post-thumbnail","hentry","category-aktualnosci","category-wyd"],"acf":[],"amp_enabled":true,"_links":{"self":[{"href":"http:\/\/portalm\u0142awa.pl\/index.php?rest_route=\/wp\/v2\/posts\/11989","targetHints":{"allow":["GET"]}}],"collection":[{"href":"http:\/\/portalm\u0142awa.pl\/index.php?rest_route=\/wp\/v2\/posts"}],"about":[{"href":"http:\/\/portalm\u0142awa.pl\/index.php?rest_route=\/wp\/v2\/types\/post"}],"author":[{"embeddable":true,"href":"http:\/\/portalm\u0142awa.pl\/index.php?rest_route=\/wp\/v2\/users\/1"}],"replies":[{"embeddable":true,"href":"http:\/\/portalm\u0142awa.pl\/index.php?rest_route=%2Fwp%2Fv2%2Fcomments&post=11989"}],"version-history":[{"count":1,"href":"http:\/\/portalm\u0142awa.pl\/index.php?rest_route=\/wp\/v2\/posts\/11989\/revisions"}],"predecessor-version":[{"id":11991,"href":"http:\/\/portalm\u0142awa.pl\/index.php?rest_route=\/wp\/v2\/posts\/11989\/revisions\/11991"}],"wp:featuredmedia":[{"embeddable":true,"href":"http:\/\/portalm\u0142awa.pl\/index.php?rest_route=\/wp\/v2\/media\/11990"}],"wp:attachment":[{"href":"http:\/\/portalm\u0142awa.pl\/index.php?rest_route=%2Fwp%2Fv2%2Fmedia&parent=11989"}],"wp:term":[{"taxonomy":"category","embeddable":true,"href":"http:\/\/portalm\u0142awa.pl\/index.php?rest_route=%2Fwp%2Fv2%2Fcategories&post=11989"},{"taxonomy":"post_tag","embeddable":true,"href":"http:\/\/portalm\u0142awa.pl\/index.php?rest_route=%2Fwp%2Fv2%2Ftags&post=11989"}],"curies":[{"name":"wp","href":"https:\/\/api.w.org\/{rel}","templated":true}]}}