{"id":11992,"date":"2025-11-26T19:36:52","date_gmt":"2025-11-26T18:36:52","guid":{"rendered":"http:\/\/portalm\u0142awa.pl\/?p=11992"},"modified":"2025-11-26T19:36:52","modified_gmt":"2025-11-26T18:36:52","slug":"nowy-oddech-dla-gminy-szydlowo-ponad-2-km-nowej-sieci-wodociagowej-do-konca-grudnia-2025","status":"publish","type":"post","link":"http:\/\/portalm\u0142awa.pl\/?p=11992","title":{"rendered":"Nowy oddech dla Gminy Szyd\u0142owo \u2014 ponad 2 km nowej sieci wodoci\u0105gowej do ko\u0144ca grudnia 2025"},"content":{"rendered":"<p style=\"text-align: justify;\">W gminie Szyd\u0142owo rusza inwestycja, kt\u00f3ra w praktyczny spos\u00f3b ma poprawi\u0107 codzienny komfort \u017cycia mieszka\u0144c\u00f3w. Po rozstrzygni\u0119ciu przetargu i podpisaniu umowy przyszed\u0142 czas na konkret: budow\u0119 rozdzielczej sieci wodoci\u0105gowej obejmuj\u0105cej Szyd\u0142owo oraz pobliskie miejscowo\u015bci \u2014 Garlino, Now\u0105 i Star\u0105 S\u0142awog\u00f3r\u0119 oraz Szyd\u0142\u00f3wek.<\/p>\n<p style=\"text-align: justify;\">Przetarg og\u0142oszono 9 pa\u017adziernika 2025 r. Do rywalizacji przyst\u0105pi\u0142y trzy firmy \u2014 najkorzystniejsz\u0105 ofert\u0119 z\u0142o\u017cy\u0142a ostro\u0142\u0119cka sp\u00f3\u0142ka Mserwis24 sp. z o.o.. Formalno\u015bci sfinalizowano 20 listopada 2025 r., kiedy to w Szyd\u0142owie podpisano umow\u0119: gmin\u0119 reprezentowa\u0142a W\u00f3jt Jolanta Karpi\u0144ska i skarbnik Bo\u017cena Szczepa\u0144ska, kontrahenta \u2014 prezes zarz\u0105du Mserwis24, Pan Marcin \u017byznowski.<\/p>\n<p style=\"text-align: justify;\"><strong>Zakres prac dzieli si\u0119 na dwie cz\u0119\u015bci.<\/strong> W Cz\u0119\u015bci I przewidziano budow\u0119 oko\u0142o 670 m sieci rozdzielczej w Szyd\u0142owie. Cz\u0119\u015b\u0107 II to oko\u0142o 1 450 m sieci rozdzielczej wraz z przy\u0142\u0105czami w Garlinie, Nowej S\u0142awog\u00f3rze, Starej S\u0142awog\u00f3rze i Szyd\u0142\u00f3wku. \u0141\u0105cznie \u2014 ponad 2 km nowych rur, kt\u00f3re maj\u0105 zminimalizowa\u0107 ryzyko przerw i awarii oraz u\u0142atwi\u0107 dost\u0119p do wodoci\u0105gu tam, gdzie dot\u0105d by\u0142 on utrudniony.<\/p>\n<p style=\"text-align: justify;\"><strong>Koszt inwestycji to 607 688,88 z\u0142 brutto.<\/strong> \u015arodki pochodz\u0105 z uzupe\u0142nienia subwencji og\u00f3lnej przekazanej przez Ministerstwo Finans\u00f3w \u2014 funduszu dedykowanego wsparciu samorz\u0105dowych inwestycji w zakresie wodoci\u0105g\u00f3w i zaopatrzenia w wod\u0119. <strong>Termin wykonania prac wyznaczono do 26 grudnia 2025 r.<\/strong><\/p>\n<p style=\"text-align: justify;\"><strong>Co to oznacza dla mieszka\u0144c\u00f3w? <\/strong><\/p>\n<p style=\"text-align: justify;\">Przede wszystkim stabilniejsze dostawy wody, mniejsze prawdopodobie\u0144stwo przerw i awarii, a tak\u017ce szansa na pod\u0142\u0105czenie kolejnych gospodarstw do sieci bez konieczno\u015bci kosztownych indywidualnych rozwi\u0105za\u0144. Nowa infrastruktura to te\u017c lepsze warunki dla lokalnych przedsi\u0119biorstw i rolnictwa \u2014 kr\u00f3tsze przestoje i pewniejszy dost\u0119p do podstawowego medium.<\/p>\n<p style=\"text-align: justify;\">W nadchodz\u0105cych tygodniach warto zacz\u0105\u0107 obserwowa\u0107 komunikaty urz\u0119du gminy: tam b\u0119d\u0105 publikowane harmonogramy prac, informacje o ewentualnych utrudnieniach drogowych, zasady wykonania przy\u0142\u0105czy oraz terminy odbior\u00f3w. To wa\u017cne \u2014 bo cho\u0107 rury to technika, to powodzenie projektu mierzy si\u0119 wygod\u0105 mieszka\u0144c\u00f3w i minimalizacj\u0105 niedogodno\u015bci podczas realizacji.<\/p>\n<p style=\"text-align: justify;\">Ta inwestycja wpisuje si\u0119 w szerszy trend modernizacji infrastruktury gminnej \u2014 krok po kroku Szyd\u0142owo wzmacnia swoj\u0105 podstaw\u0119 techniczn\u0105. Dla mieszka\u0144c\u00f3w oznacza to realn\u0105 popraw\u0119 jako\u015bci \u017cycia ju\u017c w ci\u0105gu najbli\u017cszych tygodni.<\/p>\n<p style=\"text-align: justify;\">#GminaSzyd\u0142owo #Wodoci\u0105gi #Inwestycje #Mserwis24 #Bezpiecze\u0144stwoWodne<\/p>\n<p style=\"text-align: justify;\">T.B\u00a0 fot UG Szyd\u0142owo<\/p>\n<p style=\"text-align: justify;\">KOMENTARZE<\/p>\n<p style=\"text-align: justify;\">Wydawca portalu nie ponosi odpowiedzialno\u015bci za tre\u015b\u0107 komentarzy zamieszczanych przez u\u017cytkownik\u00f3w. Osoby zamieszczaj\u0105ce wypowiedzi naruszaj\u0105ce prawo lub prawem chronione dobra os\u00f3b trzecich mog\u0105 ponie\u015b\u0107 z tego tytu\u0142u odpowiedzialno\u015b\u0107 karn\u0105 lub cywiln\u0105.JEDNOCZE\u015aNIE UZYTKOWNICY ZAMIESZCZAJ\u0104C KOMENTARZ OSWIADCZAJ\u0104, \u017bE BIOR\u0104 PE\u0141N\u0104 ODPOWIEDZIALNO\u015a\u0106 ZA TRE\u015aCI UMIESZCZONE PRZEZ SIEBIE<\/p>\n<div style=\"padding-bottom:20px; padding-top:10px;\" class=\"hupso-share-buttons\"><!-- Hupso Share Buttons - https:\/\/www.hupso.com\/share\/ --><a class=\"hupso_pop\" href=\"https:\/\/www.hupso.com\/share\/\"><img decoding=\"async\" data-src=\"http:\/\/static.hupso.com\/share\/buttons\/button100x23.png\" style=\"border:0px; width:100; height: 23; \" alt=\"Share Button\" src=\"data:image\/svg+xml;base64,PHN2ZyB3aWR0aD0iMSIgaGVpZ2h0PSIxIiB4bWxucz0iaHR0cDovL3d3dy53My5vcmcvMjAwMC9zdmciPjwvc3ZnPg==\" class=\"lazyload\" \/><\/a><script type=\"text\/javascript\">var hupso_services=new Array(\"Twitter\",\"Facebook\",\"Pinterest\",\"Linkedin\",\"Tumblr\",\"StumbleUpon\",\"Digg\",\"Reddit\",\"Bebo\",\"Delicious\",\"QZone\",\"Renren\",\"Email\");var hupso_icon_type = \"labels\";var hupso_background=\"#3BF8FF\";var hupso_border=\"#FF2B0A\";var hupso_image_folder_url = \"\";var hupso_url=\"\";var hupso_title=\"Nowy%20oddech%20dla%20Gminy%20Szyd%C5%82owo%20%E2%80%94%20ponad%202%20km%20nowej%20sieci%20wodoci%C4%85gowej%20do%20ko%C5%84ca%20grudnia%202025\";<\/script><script type=\"text\/javascript\" src=\"http:\/\/static.hupso.com\/share\/js\/share.js\"><\/script><!-- Hupso Share Buttons --><\/div>","protected":false},"excerpt":{"rendered":"<p>W gminie Szyd\u0142owo rusza inwestycja, kt\u00f3ra w praktyczny spos\u00f3b ma poprawi\u0107 codzienny komfort \u017cycia mieszka\u0144c\u00f3w. Po rozstrzygni\u0119ciu przetargu i podpisaniu umowy przyszed\u0142 czas na konkret: budow\u0119 rozdzielczej sieci wodoci\u0105gowej obejmuj\u0105cej&hellip; <\/p>\n<div style=\"padding-bottom:20px; padding-top:10px;\" class=\"hupso-share-buttons\"><!-- Hupso Share Buttons - https:\/\/www.hupso.com\/share\/ --><a class=\"hupso_pop\" href=\"https:\/\/www.hupso.com\/share\/\"><img data-src=\"http:\/\/static.hupso.com\/share\/buttons\/button100x23.png\" style=\"border:0px; width:100; height: 23; \" alt=\"Share Button\" src=\"data:image\/svg+xml;base64,PHN2ZyB3aWR0aD0iMSIgaGVpZ2h0PSIxIiB4bWxucz0iaHR0cDovL3d3dy53My5vcmcvMjAwMC9zdmciPjwvc3ZnPg==\" class=\"lazyload\" \/><\/a><script type=\"text\/javascript\">var hupso_services=new Array(\"Twitter\",\"Facebook\",\"Pinterest\",\"Linkedin\",\"Tumblr\",\"StumbleUpon\",\"Digg\",\"Reddit\",\"Bebo\",\"Delicious\",\"QZone\",\"Renren\",\"Email\");var hupso_icon_type = \"labels\";var hupso_background=\"#3BF8FF\";var hupso_border=\"#FF2B0A\";var hupso_image_folder_url = \"\";var hupso_url=\"\";var hupso_title=\"Nowy%20oddech%20dla%20Gminy%20Szyd%C5%82owo%20%E2%80%94%20ponad%202%20km%20nowej%20sieci%20wodoci%C4%85gowej%20do%20ko%C5%84ca%20grudnia%202025\";<\/script><script type=\"text\/javascript\" src=\"http:\/\/static.hupso.com\/share\/js\/share.js\"><\/script><!-- Hupso Share Buttons --><\/div>","protected":false},"author":1,"featured_media":11993,"comment_status":"open","ping_status":"open","sticky":false,"template":"","format":"standard","meta":{"_acf_changed":false,"wprm-recipe-roundup-name":"","wprm-recipe-roundup-description":"","footnotes":""},"categories":[19,506,28],"tags":[],"class_list":["post-11992","post","type-post","status-publish","format-standard","has-post-thumbnail","hentry","category-aktualnosci","category-pow","category-wyd"],"acf":[],"amp_enabled":true,"_links":{"self":[{"href":"http:\/\/portalm\u0142awa.pl\/index.php?rest_route=\/wp\/v2\/posts\/11992","targetHints":{"allow":["GET"]}}],"collection":[{"href":"http:\/\/portalm\u0142awa.pl\/index.php?rest_route=\/wp\/v2\/posts"}],"about":[{"href":"http:\/\/portalm\u0142awa.pl\/index.php?rest_route=\/wp\/v2\/types\/post"}],"author":[{"embeddable":true,"href":"http:\/\/portalm\u0142awa.pl\/index.php?rest_route=\/wp\/v2\/users\/1"}],"replies":[{"embeddable":true,"href":"http:\/\/portalm\u0142awa.pl\/index.php?rest_route=%2Fwp%2Fv2%2Fcomments&post=11992"}],"version-history":[{"count":1,"href":"http:\/\/portalm\u0142awa.pl\/index.php?rest_route=\/wp\/v2\/posts\/11992\/revisions"}],"predecessor-version":[{"id":11994,"href":"http:\/\/portalm\u0142awa.pl\/index.php?rest_route=\/wp\/v2\/posts\/11992\/revisions\/11994"}],"wp:featuredmedia":[{"embeddable":true,"href":"http:\/\/portalm\u0142awa.pl\/index.php?rest_route=\/wp\/v2\/media\/11993"}],"wp:attachment":[{"href":"http:\/\/portalm\u0142awa.pl\/index.php?rest_route=%2Fwp%2Fv2%2Fmedia&parent=11992"}],"wp:term":[{"taxonomy":"category","embeddable":true,"href":"http:\/\/portalm\u0142awa.pl\/index.php?rest_route=%2Fwp%2Fv2%2Fcategories&post=11992"},{"taxonomy":"post_tag","embeddable":true,"href":"http:\/\/portalm\u0142awa.pl\/index.php?rest_route=%2Fwp%2Fv2%2Ftags&post=11992"}],"curies":[{"name":"wp","href":"https:\/\/api.w.org\/{rel}","templated":true}]}}