{"id":12005,"date":"2025-11-26T22:57:19","date_gmt":"2025-11-26T21:57:19","guid":{"rendered":"http:\/\/portalm\u0142awa.pl\/?p=12005"},"modified":"2025-11-26T22:57:48","modified_gmt":"2025-11-26T21:57:48","slug":"jak-w-swietle-wspolczesnych-zagrozen-zbudowac-stabilna-rodzine-sedzia-anna-maria-wesolowska-gosciem-spotkania-w-podkrajewie","status":"publish","type":"post","link":"http:\/\/portalm\u0142awa.pl\/?p=12005","title":{"rendered":"\u201eJak w \u015bwietle wsp\u00f3\u0142czesnych zagro\u017ce\u0144 zbudowa\u0107 stabiln\u0105 rodzin\u0119?\u201d \u2014 S\u0119dzia Anna Maria Weso\u0142owska go\u015bciem spotkania w Podkrajewie"},"content":{"rendered":"<p style=\"text-align: justify;\">Ju\u017c 27 listopada 2025 r., o godz. 16:00 w Sali Wiejskiej w Podkrajewie odb\u0119dzie si\u0119 jedno z wa\u017cniejszych lokalnych wydarze\u0144 ko\u0144ca roku: spotkanie po\u015bwi\u0119cone budowaniu bezpiecze\u0144stwa i trwa\u0142o\u015bci rodzin, kt\u00f3re poprowadzi jedna z najbardziej rozpoznawalnych postaci polskiego wymiaru sprawiedliwo\u015bci \u2014 s\u0119dzia Anna Maria Weso\u0142owska. Organizatorzy \u2014 Gminny O\u015brodek Pomocy Spo\u0142ecznej w Wi\u015bniewie we wsp\u00f3\u0142pracy z Urz\u0119dem Gminy \u2014 w\u0142\u0105czaj\u0105 t\u0119 inicjatyw\u0119 w obchody Kampanii Bia\u0142ej Wst\u0105\u017cki, stawiaj\u0105cej problem przemocy wobec kobiet i budowania odpowiedzialnych relacji w centrum uwagi.<\/p>\n<p style=\"text-align: justify;\"><strong>Dlaczego warto przyj\u015b\u0107?<\/strong><\/p>\n<p style=\"text-align: justify;\">To nie b\u0119dzie wyk\u0142ad z podium \u2014 to spotkanie z osob\u0105, kt\u00f3ra przez dekady \u0142\u0105czy\u0142a prac\u0119 s\u0119dziowsk\u0105 z dzia\u0142alno\u015bci\u0105 edukacyjn\u0105. Anna Maria Weso\u0142owska, s\u0119dzia w stanie spoczynku, znana publiczno\u015bci m.in. z program\u00f3w telewizyjnych popularyzuj\u0105cych prawo, ma na koncie wieloletnie orzekanie w sprawach karnych, zaanga\u017cowanie w ochron\u0119 ofiar oraz edukacj\u0119 m\u0142odzie\u017cy w zakresie praw i bezpiecze\u0144stwa. Jej do\u015bwiadczenie pozwala spojrze\u0107 na rodzin\u0119 przez pryzmat prawa, profilaktyki i praktycznych rozwi\u0105za\u0144 \u2014 a tak\u0105 w\u0142a\u015bnie perspektyw\u0119 organizatorzy chc\u0105 zaprosi\u0107 do lokalnej dyskusji.<\/p>\n<p style=\"text-align: justify;\"><strong>Kampania Bia\u0142ej Wst\u0105\u017cki \u2014 kontekst i znaczenie<\/strong><\/p>\n<p style=\"text-align: justify;\">Spotkanie odbywa si\u0119 w ramach Kampanii Bia\u0142ej Wst\u0105\u017cki \u2014 mi\u0119dzynarodowej inicjatywy, kt\u00f3ra mobilizuje spo\u0142eczno\u015b\u0107 (a szczeg\u00f3lnie m\u0119\u017cczyzn) do sprzeciwu wobec przemocy wobec kobiet i promuje odpowiedzialne zachowania w relacjach. W Polsce kampania ma lokalne ods\u0142ony i wydarzenia edukacyjne wpisuj\u0105ce si\u0119 w szerszy cykl \u201e16 dni przeciw przemocy ze wzgl\u0119du na p\u0142e\u0107\u201d \u2014 to moment na otwart\u0105 rozmow\u0119 o zagro\u017ceniach i o tym, jak im przeciwdzia\u0142a\u0107.<\/p>\n<p style=\"text-align: justify;\"><strong>Forum pyta\u0144 \u2014 anonimowo i bez wstydu<\/strong><\/p>\n<p style=\"text-align: justify;\">Organizatorzy daj\u0105 uczestnikom wyj\u0105tkow\u0105 mo\u017cliwo\u015b\u0107: zadania pytania do s\u0119dzi Weso\u0142owskiej anonimowo. W Urz\u0119dzie Gminy w Wi\u015bniewie oraz w ka\u017cdej szkole podstawowej na terenie gminy udost\u0119pniono specjalne skrzynki na pytania \u2014 rozwi\u0105zanie proste, dyskretne i skuteczne. To szansa, by poruszy\u0107 nawet najbardziej intymne lub trudne wprost kwestie dotycz\u0105ce przemocy, odpowiedzialno\u015bci, praw dziecka czy sposob\u00f3w budowania trwa\u0142ych relacji. Informacja o mechanizmie zbierania pyta\u0144 oraz zaproszenie na spotkanie zosta\u0142a ju\u017c podana lokalnie \u2014 m.in. przez organizacje spo\u0142eczne i Ko\u0142o Gospody\u0144 Wiejskich.<\/p>\n<p style=\"text-align: justify;\"><strong>Co us\u0142yszymy \u2014 tematy, kt\u00f3re mog\u0105 pa\u015b\u0107<\/strong><\/p>\n<p style=\"text-align: justify;\">Organizatorzy pytaj\u0105 wprost: \u201e<strong>Jak w \u015bwietle wsp\u00f3\u0142czesnych zagro\u017ce\u0144 zbudowa\u0107 stabiln\u0105 rodzin\u0119?\u201d<\/strong> \u2014 ale to pytanie otwarte: mo\u017cna spodziewa\u0107 si\u0119, \u017ce rozmowa obejmie:<\/p>\n<p style=\"text-align: justify;\">&#8211; praktyczne sposoby zapobiegania przemocy w rodzinie i mechanizmy wsparcia;<\/p>\n<p style=\"text-align: justify;\">&#8211; role prawne i prewencyjne instytucji (od policji przez pomoc spo\u0142eczn\u0105 po s\u0105dy);<\/p>\n<p style=\"text-align: justify;\">&#8211; wychowanie w erze medi\u00f3w spo\u0142eczno\u015bciowych i zagro\u017ce\u0144 dla m\u0142odzie\u017cy;<\/p>\n<p style=\"text-align: justify;\">&#8211; budowanie relacji opartych na szacunku i odpowiedzialno\u015bci.<\/p>\n<p style=\"text-align: justify;\">Nie zabraknie przyk\u0142ad\u00f3w i wskaz\u00f3wek, bo to w\u0142a\u015bnie przez praktyk\u0119 i konkretne procedury ludziom \u0142atwiej jest odnale\u017a\u0107 pomoc i zrozumienie.<\/p>\n<p style=\"text-align: justify;\"><strong>Gdzie i kiedy \u2014 szczeg\u00f3\u0142y organizacyjne<\/strong><\/p>\n<p style=\"text-align: justify;\"><strong>Miejsce:<\/strong> Sala Wiejska w Podkrajewie (Gmina Wi\u015bniewo).<\/p>\n<p style=\"text-align: justify;\"><strong>Data i godzina<\/strong>: 27 listopada 2025 r., godz. 16:00.<\/p>\n<p style=\"text-align: justify;\"><strong>Organizator:<\/strong> Gminny O\u015brodek Pomocy Spo\u0142ecznej w Wi\u015bniewie we wsp\u00f3\u0142pracy z Urz\u0119dem Gminy oraz lokalnymi organizacjami, w ramach Kampanii Bia\u0142ej Wst\u0105\u017cki.<\/p>\n<p style=\"text-align: justify;\">Dok\u0142adne dane kontaktowe GOPS mo\u017cna znale\u017a\u0107 w Biuletynie Informacji Publicznej Gminy Wi\u015bniewo.<\/p>\n<p style=\"text-align: justify;\"><strong>Apel organizatora<\/strong><\/p>\n<p style=\"text-align: justify;\">To jedna z tych okazji, kiedy lokalna spo\u0142eczno\u015b\u0107 mo\u017ce porozmawia\u0107 z ekspertem najwy\u017cszej pr\u00f3by \u2014 bez hierarchii, za to z konkretnymi odpowiedziami. Organizatorzy zach\u0119caj\u0105: przyjd\u017a, pos\u0142uchaj, zapytaj (r\u00f3wnie\u017c anonimowo) \u2014 nie b\u00f3j si\u0119 poruszy\u0107 trudnych temat\u00f3w. To mo\u017ce by\u0107 pierwszy krok do realnej zmiany w rodzinie i otoczeniu.<\/p>\n<p style=\"text-align: justify;\">Przyjd\u017a i we\u017a udzia\u0142 w rozmowie, kt\u00f3ra dotyczy nas wszystkich. Bo bezpiecze\u0144stwo rodziny zaczyna si\u0119 od odwagi, by rozmawia\u0107 i szuka\u0107 wsparcia.<\/p>\n<p style=\"text-align: justify;\">T.B<\/p>\n<p style=\"text-align: justify;\">KOMENTARZE<\/p>\n<p style=\"text-align: justify;\">Wydawca portalu nie ponosi odpowiedzialno\u015bci za tre\u015b\u0107 komentarzy zamieszczanych przez u\u017cytkownik\u00f3w. Osoby zamieszczaj\u0105ce wypowiedzi naruszaj\u0105ce prawo lub prawem chronione dobra os\u00f3b trzecich mog\u0105 ponie\u015b\u0107 z tego tytu\u0142u odpowiedzialno\u015b\u0107 karn\u0105 lub cywiln\u0105.JEDNOCZE\u015aNIE UZYTKOWNICY ZAMIESZCZAJ\u0104C KOMENTARZ OSWIADCZAJ\u0104, \u017bE BIOR\u0104 PE\u0141N\u0104 ODPOWIEDZIALNO\u015a\u0106 ZA TRE\u015aCI UMIESZCZONE PRZEZ SIEBIE<\/p>\n<div style=\"padding-bottom:20px; padding-top:10px;\" class=\"hupso-share-buttons\"><!-- Hupso Share Buttons - https:\/\/www.hupso.com\/share\/ --><a class=\"hupso_pop\" href=\"https:\/\/www.hupso.com\/share\/\"><img decoding=\"async\" data-src=\"http:\/\/static.hupso.com\/share\/buttons\/button100x23.png\" style=\"border:0px; width:100; height: 23; \" alt=\"Share Button\" src=\"data:image\/svg+xml;base64,PHN2ZyB3aWR0aD0iMSIgaGVpZ2h0PSIxIiB4bWxucz0iaHR0cDovL3d3dy53My5vcmcvMjAwMC9zdmciPjwvc3ZnPg==\" class=\"lazyload\" \/><\/a><script type=\"text\/javascript\">var hupso_services=new Array(\"Twitter\",\"Facebook\",\"Pinterest\",\"Linkedin\",\"Tumblr\",\"StumbleUpon\",\"Digg\",\"Reddit\",\"Bebo\",\"Delicious\",\"QZone\",\"Renren\",\"Email\");var hupso_icon_type = \"labels\";var hupso_background=\"#3BF8FF\";var hupso_border=\"#FF2B0A\";var hupso_image_folder_url = \"\";var hupso_url=\"\";var hupso_title=\"%E2%80%9EJak%20w%20%C5%9Bwietle%20wsp%C3%B3%C5%82czesnych%20zagro%C5%BCe%C5%84%20zbudowa%C4%87%20stabiln%C4%85%20rodzin%C4%99%3F%E2%80%9D%20%E2%80%94%20S%C4%99dzia%20Anna%20Maria%20Weso%C5%82owska%20go%C5%9Bciem%20spotkania%20w%20Podkrajewie\";<\/script><script type=\"text\/javascript\" src=\"http:\/\/static.hupso.com\/share\/js\/share.js\"><\/script><!-- Hupso Share Buttons --><\/div>","protected":false},"excerpt":{"rendered":"<p>Ju\u017c 27 listopada 2025 r., o godz. 16:00 w Sali Wiejskiej w Podkrajewie odb\u0119dzie si\u0119 jedno z wa\u017cniejszych lokalnych wydarze\u0144 ko\u0144ca roku: spotkanie po\u015bwi\u0119cone budowaniu bezpiecze\u0144stwa i trwa\u0142o\u015bci rodzin, kt\u00f3re&hellip; <\/p>\n<div style=\"padding-bottom:20px; padding-top:10px;\" class=\"hupso-share-buttons\"><!-- Hupso Share Buttons - https:\/\/www.hupso.com\/share\/ --><a class=\"hupso_pop\" href=\"https:\/\/www.hupso.com\/share\/\"><img data-src=\"http:\/\/static.hupso.com\/share\/buttons\/button100x23.png\" style=\"border:0px; width:100; height: 23; \" alt=\"Share Button\" src=\"data:image\/svg+xml;base64,PHN2ZyB3aWR0aD0iMSIgaGVpZ2h0PSIxIiB4bWxucz0iaHR0cDovL3d3dy53My5vcmcvMjAwMC9zdmciPjwvc3ZnPg==\" class=\"lazyload\" \/><\/a><script type=\"text\/javascript\">var hupso_services=new Array(\"Twitter\",\"Facebook\",\"Pinterest\",\"Linkedin\",\"Tumblr\",\"StumbleUpon\",\"Digg\",\"Reddit\",\"Bebo\",\"Delicious\",\"QZone\",\"Renren\",\"Email\");var hupso_icon_type = \"labels\";var hupso_background=\"#3BF8FF\";var hupso_border=\"#FF2B0A\";var hupso_image_folder_url = \"\";var hupso_url=\"\";var hupso_title=\"%E2%80%9EJak%20w%20%C5%9Bwietle%20wsp%C3%B3%C5%82czesnych%20zagro%C5%BCe%C5%84%20zbudowa%C4%87%20stabiln%C4%85%20rodzin%C4%99%3F%E2%80%9D%20%E2%80%94%20S%C4%99dzia%20Anna%20Maria%20Weso%C5%82owska%20go%C5%9Bciem%20spotkania%20w%20Podkrajewie\";<\/script><script type=\"text\/javascript\" src=\"http:\/\/static.hupso.com\/share\/js\/share.js\"><\/script><!-- Hupso Share Buttons --><\/div>","protected":false},"author":1,"featured_media":12006,"comment_status":"open","ping_status":"open","sticky":false,"template":"","format":"standard","meta":{"_acf_changed":false,"wprm-recipe-roundup-name":"","wprm-recipe-roundup-description":"","footnotes":""},"categories":[19,506,28,696,6],"tags":[],"class_list":["post-12005","post","type-post","status-publish","format-standard","has-post-thumbnail","hentry","category-aktualnosci","category-pow","category-wyd","category-zaproszenia","category-zapro-szenia"],"acf":[],"amp_enabled":true,"_links":{"self":[{"href":"http:\/\/portalm\u0142awa.pl\/index.php?rest_route=\/wp\/v2\/posts\/12005","targetHints":{"allow":["GET"]}}],"collection":[{"href":"http:\/\/portalm\u0142awa.pl\/index.php?rest_route=\/wp\/v2\/posts"}],"about":[{"href":"http:\/\/portalm\u0142awa.pl\/index.php?rest_route=\/wp\/v2\/types\/post"}],"author":[{"embeddable":true,"href":"http:\/\/portalm\u0142awa.pl\/index.php?rest_route=\/wp\/v2\/users\/1"}],"replies":[{"embeddable":true,"href":"http:\/\/portalm\u0142awa.pl\/index.php?rest_route=%2Fwp%2Fv2%2Fcomments&post=12005"}],"version-history":[{"count":1,"href":"http:\/\/portalm\u0142awa.pl\/index.php?rest_route=\/wp\/v2\/posts\/12005\/revisions"}],"predecessor-version":[{"id":12007,"href":"http:\/\/portalm\u0142awa.pl\/index.php?rest_route=\/wp\/v2\/posts\/12005\/revisions\/12007"}],"wp:featuredmedia":[{"embeddable":true,"href":"http:\/\/portalm\u0142awa.pl\/index.php?rest_route=\/wp\/v2\/media\/12006"}],"wp:attachment":[{"href":"http:\/\/portalm\u0142awa.pl\/index.php?rest_route=%2Fwp%2Fv2%2Fmedia&parent=12005"}],"wp:term":[{"taxonomy":"category","embeddable":true,"href":"http:\/\/portalm\u0142awa.pl\/index.php?rest_route=%2Fwp%2Fv2%2Fcategories&post=12005"},{"taxonomy":"post_tag","embeddable":true,"href":"http:\/\/portalm\u0142awa.pl\/index.php?rest_route=%2Fwp%2Fv2%2Ftags&post=12005"}],"curies":[{"name":"wp","href":"https:\/\/api.w.org\/{rel}","templated":true}]}}