{"id":12024,"date":"2025-11-27T22:22:05","date_gmt":"2025-11-27T21:22:05","guid":{"rendered":"http:\/\/portalm\u0142awa.pl\/?p=12024"},"modified":"2025-11-27T22:22:05","modified_gmt":"2025-11-27T21:22:05","slug":"mistrzowie-innego-myslenia-final-powiatowego-konkursu-mysl-inaczej-przyciagnal-mlode-umysly-i-emocje","status":"publish","type":"post","link":"http:\/\/portalm\u0142awa.pl\/?p=12024","title":{"rendered":"Mistrzowie innego my\u015blenia \u2014 fina\u0142 powiatowego konkursu \u201eMY\u015aL INACZEJ\u201d przyci\u0105gn\u0105\u0142 m\u0142ode umys\u0142y i emocje"},"content":{"rendered":"<p style=\"text-align: justify;\">W \u015brod\u0119 26 listopada Szko\u0142a Podstawowa im. Marsza\u0142ka J\u00f3zefa Pi\u0142sudskiego w Wieczfni Ko\u015bcielnej zamieni\u0142a si\u0119 w aren\u0119 logicznej rywalizacji. Fina\u0142owa edycja Powiatowego Konkursu Logicznego My\u015bl Inaczej pokaza\u0142a, \u017ce my\u015blenie poza schematem potrafi by\u0107 widowiskowe, emocjonuj\u0105ce i\u2026 zara\u017aliwe. Przez ca\u0142y dzie\u0144 sala wype\u0142nia\u0142y skupione twarze, szeptane kalkulacje i b\u0142yski w oczach \u2014 tam, gdzie zadanie wymaga\u0142o wi\u0119cej ni\u017c wiedzy, wymaga\u0142o odwagi my\u015ble\u0107 inaczej.<\/p>\n<p style=\"text-align: justify;\"><strong>Dwa etapy, jedna idea \u2014 my\u015ble\u0107 szybciej i inaczej<\/strong><\/p>\n<p style=\"text-align: justify;\">Fina\u0142 by\u0142 dwustopniowy: najpierw test pe\u0142en zada\u0144 logicznych \u2014 \u0142amig\u0142\u00f3wki, wnioskowanie, sekwencje \u2014 a potem cz\u0119\u015b\u0107 praktyczna, w kt\u00f3rej liczy\u0142a si\u0119 zr\u0119czno\u015b\u0107 umys\u0142u i r\u0105k. Tangram, \u0142amig\u0142\u00f3wki z zapa\u0142kami, metalowe zabawki do roz\u0142\u0105czenia \u2014 ka\u017cde z zada\u0144 wymaga\u0142o innego zestawu umiej\u0119tno\u015bci. I chocia\u017c formu\u0142a by\u0142a r\u00f3\u017cnorodna, \u0142\u0105czy\u0142a je jedna cecha: trzeba by\u0142o my\u015ble\u0107 inaczej.<\/p>\n<p style=\"text-align: justify;\"><strong>R\u00f3wna walka i dramatyczna dogrywka<\/strong><\/p>\n<p style=\"text-align: justify;\">Po zaci\u0119tej rywalizacji organizatorzy stan\u0119li przed problemem luksusu \u2014 trzech zawodnik\u00f3w mia\u0142o identyczny wynik. Konieczna by\u0142a dogrywka, kt\u00f3ra jeszcze bardziej podkr\u0119ci\u0142a atmosfer\u0119: bicie serc przy stole z tangramem, nerwowe spojrzenia przy zadaniach manualnych i lawina my\u015bli, kt\u00f3ra w kilka sekund musia\u0142a znale\u017a\u0107 rozwi\u0105zanie. Takie chwile tworz\u0105 pami\u0119\u0107 \u2014 i w\u0142a\u015bnie takie chwile zadecydowa\u0142y o podium.<\/p>\n<p style=\"text-align: justify;\"><strong>Laureaci \u2014 m\u0142odzie\u0144cza pomys\u0142owo\u015b\u0107 nagrodzona<\/strong><\/p>\n<p style=\"text-align: justify;\"><strong>Poznajmy zwyci\u0119zc\u00f3w pierwszej edycji konkursu:<\/strong><\/p>\n<p style=\"text-align: justify;\">\ud83e\udd47 Sebastian Zakobielski \u2014 Szko\u0142a Podstawowa w G\u0142u\u017cku \u2014 triumfator pierwszej edycji. Jego zwyci\u0119stwo to dow\u00f3d na to, \u017ce logiczne my\u015blenie w parze ze spokojem daje zwyci\u0119stwo w najbardziej newralgicznych momentach.<\/p>\n<p style=\"text-align: justify;\">\ud83e\udd48 Oliwia Marchlewicz \u2014 Szko\u0142a Podstawowa w Wieczfni Ko\u015bcielnej \u2014 znakomita postawa przed w\u0142asn\u0105 publiczno\u015bci\u0105.<\/p>\n<p style=\"text-align: justify;\">\ud83e\udd49 Aleksandra Krystkiewicz \u2014 Szko\u0142a Podstawowa nr 6 w M\u0142awie \u2014 solidno\u015b\u0107, precyzja i wyobra\u017ania.<\/p>\n<p style=\"text-align: justify;\"><strong>Wyr\u00f3\u017cnienia otrzymali:<\/strong><\/p>\n<p style=\"text-align: justify;\">\ud83c\udfc5 Krzysztof Wa\u015bniewski (SP Wieczfnia Ko\u015bcielna)<\/p>\n<p style=\"text-align: justify;\">\ud83c\udfc5 Mateusz Krystkiewicz (SP nr 6, M\u0142awa)<\/p>\n<p style=\"text-align: justify;\">\ud83c\udfc5 Zuzanna Go\u0142\u0119biowska (SP G\u0142u\u017cek)<\/p>\n<p style=\"text-align: justify;\">\ud83c\udfc5 B\u0142a\u017cej Lemanek (SP Zawady)<\/p>\n<p style=\"text-align: justify;\">\ud83c\udfc5 Martyna K\u0119dzierska (SP Uniszki Zawadzkie)<\/p>\n<p style=\"text-align: justify;\"><strong>Nagrody, podzi\u0119kowania i lokalne wsparcie<\/strong><\/p>\n<p style=\"text-align: justify;\">Laureaci odebrali pami\u0105tkowe statuetki, dyplomy i vouchery do nowego interaktywnego centrum rozrywki Planeta Gier w M\u0142awie \u2014 nagrody, kt\u00f3re \u0142\u0105cz\u0105 warto\u015b\u0107 edukacyjn\u0105 z dobr\u0105 zabaw\u0105. Dodatkowo zwyci\u0119zca, Sebastian, wywalczy\u0142 dla swojej szko\u0142y voucher o warto\u015bci 1000 z\u0142 \u2014 inwestycja, kt\u00f3ra mo\u017ce zapali\u0107 nowe iskry ciekawo\u015bci w szkolnych pracowniach.<\/p>\n<p style=\"text-align: justify;\">Nagrody wr\u0119czali gospodarze i samorz\u0105dowcy: pani Renata Maciak-Zi\u00f3\u0142kowska, dyrektor SP w Wieczfni Ko\u015bcielnej, pani Hanna Bojarska, W\u00f3jt Gminy Wieczfnia Ko\u015bcielna pan Mariusz G\u0119bala, sekretarz gminy pani Joanna M\u00f3rawska oraz przewodnicz\u0105cy Rady Gminy pan Tomasz Turowski. To pokazuje, \u017ce lokalne \u015brodowisko stawia na rozw\u00f3j kompetencji XXI wieku \u2014 kreatywno\u015b\u0107, logiczne my\u015blenie i umiej\u0119tno\u015b\u0107 rozwi\u0105zywania problem\u00f3w.<\/p>\n<p style=\"text-align: justify;\"><strong>Dzi\u0119kujemy nauczycielom \u2014 prawdziwi trenerzy my\u015blenia<\/strong><\/p>\n<p style=\"text-align: justify;\">Organizatorzy szczeg\u00f3lnie podzi\u0119kowali nauczycielom matematyki, kt\u00f3rzy przygotowali uczni\u00f3w do konkursu. To dzi\u0119ki ich zaanga\u017cowaniu dzieci mia\u0142y narz\u0119dzia, by rozwija\u0107 talent i odwag\u0119 intelektualn\u0105. Wymienione nazwiska \u2014 m.in. pani Sylwia Zaborowska, pani Beata Klimek, pani Aleksandra Chrostowska, pani Anna Trzcia\u0142kowska, pani Monika Zasina, pani Milena Bogulas i pani Wioletta Sta\u0144czak \u2014 to ludzie, kt\u00f3rzy tworz\u0105 intelektualne fundamenty przysz\u0142ych sukces\u00f3w.<\/p>\n<p style=\"text-align: justify;\"><strong>Organizatorzy i patronat \u2014 lokalne partnerstwo na rzecz edukacji<\/strong><\/p>\n<p style=\"text-align: justify;\">Konkurs zorganizowa\u0142y Stowarzyszenie FLY HIGH i Stowarzyszenie Joker M\u0142awa przy wsp\u00f3\u0142pracy ze Szko\u0142\u0105 Podstawow\u0105 w Wieczfni Ko\u015bcielnej. Patronat honorowy obj\u0119li Powiatowy O\u015brodek Doskonalenia Nauczycieli oraz w\u0142adze gminy Wieczfnia Ko\u015bcielna. Projekt uzyska\u0142 dofinansowanie z bud\u017cetu Samorz\u0105du Wojew\u00f3dztwa Mazowieckiego w ramach \u201eWarto uczy\u0107 si\u0119 m\u0105drze i skutecznie\u201d \u2014 to przyk\u0142ad, jak \u015brodki publiczne mog\u0105 realnie wspiera\u0107 lokalne inicjatywy edukacyjne.<\/p>\n<p style=\"text-align: justify;\"><strong>Co dalej?<\/strong><\/p>\n<p style=\"text-align: justify;\">Pierwsza edycja \u201eMy\u015bl Inaczej\u201d pokaza\u0142a ogromny potencja\u0142 w\u015br\u00f3d uczni\u00f3w powiatu m\u0142awskiego. Organizatorzy ju\u017c zapowiadaj\u0105 ch\u0119\u0107 kontynuacji \u2014 a uczestnicy wracaj\u0105 do szk\u00f3\u0142 nie tylko z nagrodami, ale z do\u015bwiadczeniem, kt\u00f3re zaprocentuje w przysz\u0142o\u015bci. Takie wydarzenia buduj\u0105 kultur\u0119 my\u015blenia i ucz\u0105, \u017ce droga do rozwi\u0105zania cz\u0119sto wiedzie bokiem \u2014 przez pomys\u0142, odwag\u0119 i cierpliwo\u015b\u0107.<\/p>\n<p style=\"text-align: justify;\">Gratulacje dla wszystkich uczestnik\u00f3w, opiekun\u00f3w i organizator\u00f3w. Niech to b\u0119dzie dopiero pocz\u0105tek \u2014 bo im wi\u0119cej takich inicjatyw, tym wi\u0119cej m\u0142odych ludzi gotowych my\u015ble\u0107 inaczej i zmienia\u0107 \u015bwiat.<\/p>\n<p style=\"text-align: justify;\">T.B fot Stowarzyszenie FLY HIGH<\/p>\n<p style=\"text-align: justify;\">KOMENTARZE<\/p>\n<p style=\"text-align: justify;\">Wydawca portalu nie ponosi odpowiedzialno\u015bci za tre\u015b\u0107 komentarzy zamieszczanych przez u\u017cytkownik\u00f3w. Osoby zamieszczaj\u0105ce wypowiedzi naruszaj\u0105ce prawo lub prawem chronione dobra os\u00f3b trzecich mog\u0105 ponie\u015b\u0107 z tego tytu\u0142u odpowiedzialno\u015b\u0107 karn\u0105 lub cywiln\u0105.JEDNOCZE\u015aNIE UZYTKOWNICY ZAMIESZCZAJ\u0104C KOMENTARZ OSWIADCZAJ\u0104, \u017bE BIOR\u0104 PE\u0141N\u0104 ODPOWIEDZIALNO\u015a\u0106 ZA TRE\u015aCI UMIESZCZONE PRZEZ SIEBIE<\/p>\n<div style=\"padding-bottom:20px; padding-top:10px;\" class=\"hupso-share-buttons\"><!-- Hupso Share Buttons - https:\/\/www.hupso.com\/share\/ --><a class=\"hupso_pop\" href=\"https:\/\/www.hupso.com\/share\/\"><img decoding=\"async\" data-src=\"http:\/\/static.hupso.com\/share\/buttons\/button100x23.png\" style=\"border:0px; width:100; height: 23; \" alt=\"Share Button\" src=\"data:image\/svg+xml;base64,PHN2ZyB3aWR0aD0iMSIgaGVpZ2h0PSIxIiB4bWxucz0iaHR0cDovL3d3dy53My5vcmcvMjAwMC9zdmciPjwvc3ZnPg==\" class=\"lazyload\" \/><\/a><script type=\"text\/javascript\">var hupso_services=new Array(\"Twitter\",\"Facebook\",\"Pinterest\",\"Linkedin\",\"Tumblr\",\"StumbleUpon\",\"Digg\",\"Reddit\",\"Bebo\",\"Delicious\",\"QZone\",\"Renren\",\"Email\");var hupso_icon_type = \"labels\";var hupso_background=\"#3BF8FF\";var hupso_border=\"#FF2B0A\";var hupso_image_folder_url = \"\";var hupso_url=\"\";var hupso_title=\"Mistrzowie%20innego%20my%C5%9Blenia%20%E2%80%94%20fina%C5%82%20powiatowego%20konkursu%20%E2%80%9EMY%C5%9AL%20INACZEJ%E2%80%9D%20przyci%C4%85gn%C4%85%C5%82%20m%C5%82ode%20umys%C5%82y%20i%20emocje\";<\/script><script type=\"text\/javascript\" src=\"http:\/\/static.hupso.com\/share\/js\/share.js\"><\/script><!-- Hupso Share Buttons --><\/div>","protected":false},"excerpt":{"rendered":"<p>W \u015brod\u0119 26 listopada Szko\u0142a Podstawowa im. Marsza\u0142ka J\u00f3zefa Pi\u0142sudskiego w Wieczfni Ko\u015bcielnej zamieni\u0142a si\u0119 w aren\u0119 logicznej rywalizacji. Fina\u0142owa edycja Powiatowego Konkursu Logicznego My\u015bl Inaczej pokaza\u0142a, \u017ce my\u015blenie poza&hellip; <\/p>\n<div style=\"padding-bottom:20px; padding-top:10px;\" class=\"hupso-share-buttons\"><!-- Hupso Share Buttons - https:\/\/www.hupso.com\/share\/ --><a class=\"hupso_pop\" href=\"https:\/\/www.hupso.com\/share\/\"><img data-src=\"http:\/\/static.hupso.com\/share\/buttons\/button100x23.png\" style=\"border:0px; width:100; height: 23; \" alt=\"Share Button\" src=\"data:image\/svg+xml;base64,PHN2ZyB3aWR0aD0iMSIgaGVpZ2h0PSIxIiB4bWxucz0iaHR0cDovL3d3dy53My5vcmcvMjAwMC9zdmciPjwvc3ZnPg==\" class=\"lazyload\" \/><\/a><script type=\"text\/javascript\">var hupso_services=new Array(\"Twitter\",\"Facebook\",\"Pinterest\",\"Linkedin\",\"Tumblr\",\"StumbleUpon\",\"Digg\",\"Reddit\",\"Bebo\",\"Delicious\",\"QZone\",\"Renren\",\"Email\");var hupso_icon_type = \"labels\";var hupso_background=\"#3BF8FF\";var hupso_border=\"#FF2B0A\";var hupso_image_folder_url = \"\";var hupso_url=\"\";var hupso_title=\"Mistrzowie%20innego%20my%C5%9Blenia%20%E2%80%94%20fina%C5%82%20powiatowego%20konkursu%20%E2%80%9EMY%C5%9AL%20INACZEJ%E2%80%9D%20przyci%C4%85gn%C4%85%C5%82%20m%C5%82ode%20umys%C5%82y%20i%20emocje\";<\/script><script type=\"text\/javascript\" src=\"http:\/\/static.hupso.com\/share\/js\/share.js\"><\/script><!-- Hupso Share Buttons --><\/div>","protected":false},"author":1,"featured_media":12025,"comment_status":"open","ping_status":"open","sticky":false,"template":"","format":"standard","meta":{"_acf_changed":false,"wprm-recipe-roundup-name":"","wprm-recipe-roundup-description":"","footnotes":""},"categories":[19,506,28],"tags":[],"class_list":["post-12024","post","type-post","status-publish","format-standard","has-post-thumbnail","hentry","category-aktualnosci","category-pow","category-wyd"],"acf":[],"amp_enabled":true,"_links":{"self":[{"href":"http:\/\/portalm\u0142awa.pl\/index.php?rest_route=\/wp\/v2\/posts\/12024","targetHints":{"allow":["GET"]}}],"collection":[{"href":"http:\/\/portalm\u0142awa.pl\/index.php?rest_route=\/wp\/v2\/posts"}],"about":[{"href":"http:\/\/portalm\u0142awa.pl\/index.php?rest_route=\/wp\/v2\/types\/post"}],"author":[{"embeddable":true,"href":"http:\/\/portalm\u0142awa.pl\/index.php?rest_route=\/wp\/v2\/users\/1"}],"replies":[{"embeddable":true,"href":"http:\/\/portalm\u0142awa.pl\/index.php?rest_route=%2Fwp%2Fv2%2Fcomments&post=12024"}],"version-history":[{"count":1,"href":"http:\/\/portalm\u0142awa.pl\/index.php?rest_route=\/wp\/v2\/posts\/12024\/revisions"}],"predecessor-version":[{"id":12026,"href":"http:\/\/portalm\u0142awa.pl\/index.php?rest_route=\/wp\/v2\/posts\/12024\/revisions\/12026"}],"wp:featuredmedia":[{"embeddable":true,"href":"http:\/\/portalm\u0142awa.pl\/index.php?rest_route=\/wp\/v2\/media\/12025"}],"wp:attachment":[{"href":"http:\/\/portalm\u0142awa.pl\/index.php?rest_route=%2Fwp%2Fv2%2Fmedia&parent=12024"}],"wp:term":[{"taxonomy":"category","embeddable":true,"href":"http:\/\/portalm\u0142awa.pl\/index.php?rest_route=%2Fwp%2Fv2%2Fcategories&post=12024"},{"taxonomy":"post_tag","embeddable":true,"href":"http:\/\/portalm\u0142awa.pl\/index.php?rest_route=%2Fwp%2Fv2%2Ftags&post=12024"}],"curies":[{"name":"wp","href":"https:\/\/api.w.org\/{rel}","templated":true}]}}