{"id":12086,"date":"2025-12-02T15:44:04","date_gmt":"2025-12-02T14:44:04","guid":{"rendered":"http:\/\/portalm\u0142awa.pl\/?p=12086"},"modified":"2025-12-02T15:51:52","modified_gmt":"2025-12-02T14:51:52","slug":"wigilia-miejska-w-mlawie-wieczor-ktory-scali-miasto-muzyka-modlitwa-i-wspolnym-stolem","status":"publish","type":"post","link":"http:\/\/portalm\u0142awa.pl\/?p=12086","title":{"rendered":"Wigilia Miejska w M\u0142awie \u2014 wiecz\u00f3r, kt\u00f3ry scali miasto muzyk\u0105, modlitw\u0105 i wsp\u00f3lnym sto\u0142em"},"content":{"rendered":"<p style=\"text-align: justify;\">Grudzie\u0144 w M\u0142awie nabiera tempa \u2014 w niedziel\u0119, 14 grudnia 2025 r., miasto zaprasza na wyj\u0105tkowy wiecz\u00f3r, w kt\u00f3rym \u015bwi\u0105teczna muzyka, duchowe prze\u017cycie i lokalna go\u015bcinno\u015b\u0107 spotkaj\u0105 si\u0119 pod jednym dachem. O godz. 17:00 w ko\u015bciele pw. Matki Bo\u017cej Kr\u00f3lowej Polski zabrzmi\u0105 d\u017awi\u0119ki w mistrzowskim wykonaniu ch\u00f3ru Pueri et Puellae Cantores Plocenses \u2014 zespo\u0142u znanego z precyzji i wyj\u0105tkowej wra\u017cliwo\u015bci na muzyk\u0119 sakraln\u0105. To idealny pocz\u0105tek wieczoru, kt\u00f3ry poprowadzi nas od artystycznej zadumy do wsp\u00f3lnotowego sto\u0142u.<\/p>\n<p style=\"text-align: justify;\">Po koncercie nast\u0105pi Msza \u015awi\u0119ta \u2014 moment refleksji i duchowego przygotowania do \u015bwi\u0105t. A gdy ostatnie akordy ucichn\u0105, o godz. 19:00 rozpocznie si\u0119 tradycyjna Wigilia Miejska z degustacj\u0105 potraw wigilijnych przygotowanych przez lokalnych restaurator\u00f3w. To nie tylko kulinarna podr\u00f3\u017c po smakach regionu, ale przede wszystkim okazja, by usi\u0105\u015b\u0107 razem \u2014 z s\u0105siadami, znajomymi i nieznajomymi, kt\u00f3rzy tego wieczoru staj\u0105 si\u0119 cz\u0119\u015bci\u0105 jednej, du\u017cej rodziny.<\/p>\n<p style=\"text-align: justify;\">Wydarzenie ma wyra\u017any, spo\u0142eczny charakter \u2014 odbywa si\u0119 w ramach Miejskiego Programu Profilaktyki i Rozwi\u0105zywania Problem\u00f3w Alkoholowych oraz Przeciwdzia\u0142ania Narkomanii. Organizatorzy podkre\u015blaj\u0105, \u017ce Wigilia Miejska to inicjatywa \u0142\u0105cz\u0105ca integracj\u0119 z odpowiedzialnym sp\u0119dzaniem czasu, promuj\u0105ca zdrowe i bezpieczne formy \u015bwi\u0119towania. Patronat nad wydarzeniem obj\u0119li przedstawiciele miasta oraz lokalne struktury ko\u015bcielne \u2014 dow\u00f3d na to, \u017ce ta inicjatywa powsta\u0142a z my\u015bl\u0105 o ca\u0142ej spo\u0142eczno\u015bci.<\/p>\n<p style=\"text-align: justify;\"><strong>Dlaczego warto przyj\u015b\u0107? <\/strong><\/p>\n<p style=\"text-align: justify;\">Bo to wiecz\u00f3r, kt\u00f3ry \u0142\u0105czy kilka warto\u015bci w jednym programie: wysmakowan\u0105 muzyk\u0119 ch\u00f3raln\u0105, duchowo\u015b\u0107 Mszy \u015awi\u0119tej i radosne, s\u0105siedzkie spotkanie przy wigilijnych potrawach. To tak\u017ce okazja, by wspiera\u0107 lokalnych restaurator\u00f3w i tw\u00f3rc\u00f3w, kt\u00f3rzy przygotowuj\u0105 menu na t\u0119 wyj\u0105tkow\u0105 noc. Dla rodzin z dzie\u0107mi b\u0119dzie to pi\u0119kny, bezpieczny spos\u00f3b na rozpocz\u0119cie \u015bwi\u0105tecznego czasu; dla senior\u00f3w \u2014 moment spotkania i rozmowy; dla wszystkich \u2014 chwila zatrzymania w biegu codzienno\u015bci.<\/p>\n<p style=\"text-align: justify;\"><strong>Praktycznie:<\/strong> koncert rozpoczyna si\u0119 o 17:00 w ko\u015bciele pw. Matki Bo\u017cej Kr\u00f3lowej Polski, Msza planowana jest na 18:00, a Wigilia Miejska i degustacja \u2014 o 19:00. Warto przyj\u015b\u0107 nieco wcze\u015bniej, by zaj\u0105\u0107 miejsce i w pe\u0142ni uczestniczy\u0107 w kolejnych etapach wieczoru. Organizatorzy prosz\u0105 o kultur\u0119 i szacunek wobec wyst\u0119puj\u0105cych i uczestnik\u00f3w \u2014 to wydarzenie dla ca\u0142ej spo\u0142eczno\u015bci.<\/p>\n<p style=\"text-align: justify;\"><strong>Wigilia Miejska<\/strong> to przypomnienie, \u017ce \u015bwi\u0119ta maj\u0105 moc zbli\u017cania ludzi. W mie\u015bcie, gdzie tradycja spotyka si\u0119 z kreatywno\u015bci\u0105, ten grudniowy wiecz\u00f3r mo\u017ce sta\u0107 si\u0119 jednym z tych wydarze\u0144, kt\u00f3re na d\u0142ugo zostan\u0105 w pami\u0119ci \u2014 jako okazja do wsp\u00f3lnego \u015bpiewu, modlitwy i dzielenia si\u0119. Zapro\u015bcie rodzin\u0119, s\u0105siad\u00f3w, przyjd\u017acie z dobrym nastrojem \u2014 M\u0142awa staje przy wigilijnym stole i m\u00f3wi: b\u0105d\u017amy razem.<\/p>\n<p style=\"text-align: justify;\">T.B<\/p>\n<p style=\"text-align: justify;\">KOMENTARZE<\/p>\n<p style=\"text-align: justify;\">Wydawca portalu nie ponosi odpowiedzialno\u015bci za tre\u015b\u0107 komentarzy zamieszczanych przez u\u017cytkownik\u00f3w. Osoby zamieszczaj\u0105ce wypowiedzi naruszaj\u0105ce prawo lub prawem chronione dobra os\u00f3b trzecich mog\u0105 ponie\u015b\u0107 z tego tytu\u0142u odpowiedzialno\u015b\u0107 karn\u0105 lub cywiln\u0105.JEDNOCZE\u015aNIE UZYTKOWNICY ZAMIESZCZAJ\u0104C KOMENTARZ OSWIADCZAJ\u0104, \u017bE BIOR\u0104 PE\u0141N\u0104 ODPOWIEDZIALNO\u015a\u0106 ZA TRE\u015aCI UMIESZCZONE PRZEZ SIEBIE<\/p>\n<div style=\"padding-bottom:20px; padding-top:10px;\" class=\"hupso-share-buttons\"><!-- Hupso Share Buttons - https:\/\/www.hupso.com\/share\/ --><a class=\"hupso_pop\" href=\"https:\/\/www.hupso.com\/share\/\"><img decoding=\"async\" data-src=\"http:\/\/static.hupso.com\/share\/buttons\/button100x23.png\" style=\"border:0px; width:100; height: 23; \" alt=\"Share Button\" src=\"data:image\/svg+xml;base64,PHN2ZyB3aWR0aD0iMSIgaGVpZ2h0PSIxIiB4bWxucz0iaHR0cDovL3d3dy53My5vcmcvMjAwMC9zdmciPjwvc3ZnPg==\" class=\"lazyload\" \/><\/a><script type=\"text\/javascript\">var hupso_services=new Array(\"Twitter\",\"Facebook\",\"Pinterest\",\"Linkedin\",\"Tumblr\",\"StumbleUpon\",\"Digg\",\"Reddit\",\"Bebo\",\"Delicious\",\"QZone\",\"Renren\",\"Email\");var hupso_icon_type = \"labels\";var hupso_background=\"#3BF8FF\";var hupso_border=\"#FF2B0A\";var hupso_image_folder_url = \"\";var hupso_url=\"\";var hupso_title=\"Wigilia%20Miejska%20w%20M%C5%82awie%20%E2%80%94%20wiecz%C3%B3r%2C%20kt%C3%B3ry%20scali%20miasto%20muzyk%C4%85%2C%20modlitw%C4%85%20i%20wsp%C3%B3lnym%20sto%C5%82em\";<\/script><script type=\"text\/javascript\" src=\"http:\/\/static.hupso.com\/share\/js\/share.js\"><\/script><!-- Hupso Share Buttons --><\/div>","protected":false},"excerpt":{"rendered":"<p>Grudzie\u0144 w M\u0142awie nabiera tempa \u2014 w niedziel\u0119, 14 grudnia 2025 r., miasto zaprasza na wyj\u0105tkowy wiecz\u00f3r, w kt\u00f3rym \u015bwi\u0105teczna muzyka, duchowe prze\u017cycie i lokalna go\u015bcinno\u015b\u0107 spotkaj\u0105 si\u0119 pod jednym&hellip; <\/p>\n<div style=\"padding-bottom:20px; padding-top:10px;\" class=\"hupso-share-buttons\"><!-- Hupso Share Buttons - https:\/\/www.hupso.com\/share\/ --><a class=\"hupso_pop\" href=\"https:\/\/www.hupso.com\/share\/\"><img data-src=\"http:\/\/static.hupso.com\/share\/buttons\/button100x23.png\" style=\"border:0px; width:100; height: 23; \" alt=\"Share Button\" src=\"data:image\/svg+xml;base64,PHN2ZyB3aWR0aD0iMSIgaGVpZ2h0PSIxIiB4bWxucz0iaHR0cDovL3d3dy53My5vcmcvMjAwMC9zdmciPjwvc3ZnPg==\" class=\"lazyload\" \/><\/a><script type=\"text\/javascript\">var hupso_services=new Array(\"Twitter\",\"Facebook\",\"Pinterest\",\"Linkedin\",\"Tumblr\",\"StumbleUpon\",\"Digg\",\"Reddit\",\"Bebo\",\"Delicious\",\"QZone\",\"Renren\",\"Email\");var hupso_icon_type = \"labels\";var hupso_background=\"#3BF8FF\";var hupso_border=\"#FF2B0A\";var hupso_image_folder_url = \"\";var hupso_url=\"\";var hupso_title=\"Wigilia%20Miejska%20w%20M%C5%82awie%20%E2%80%94%20wiecz%C3%B3r%2C%20kt%C3%B3ry%20scali%20miasto%20muzyk%C4%85%2C%20modlitw%C4%85%20i%20wsp%C3%B3lnym%20sto%C5%82em\";<\/script><script type=\"text\/javascript\" src=\"http:\/\/static.hupso.com\/share\/js\/share.js\"><\/script><!-- Hupso Share Buttons --><\/div>","protected":false},"author":1,"featured_media":12088,"comment_status":"open","ping_status":"open","sticky":false,"template":"","format":"standard","meta":{"_acf_changed":false,"wprm-recipe-roundup-name":"","wprm-recipe-roundup-description":"","footnotes":""},"categories":[19,3,28],"tags":[],"class_list":["post-12086","post","type-post","status-publish","format-standard","has-post-thumbnail","hentry","category-aktualnosci","category-kultura","category-wyd"],"acf":[],"amp_enabled":true,"_links":{"self":[{"href":"http:\/\/portalm\u0142awa.pl\/index.php?rest_route=\/wp\/v2\/posts\/12086","targetHints":{"allow":["GET"]}}],"collection":[{"href":"http:\/\/portalm\u0142awa.pl\/index.php?rest_route=\/wp\/v2\/posts"}],"about":[{"href":"http:\/\/portalm\u0142awa.pl\/index.php?rest_route=\/wp\/v2\/types\/post"}],"author":[{"embeddable":true,"href":"http:\/\/portalm\u0142awa.pl\/index.php?rest_route=\/wp\/v2\/users\/1"}],"replies":[{"embeddable":true,"href":"http:\/\/portalm\u0142awa.pl\/index.php?rest_route=%2Fwp%2Fv2%2Fcomments&post=12086"}],"version-history":[{"count":1,"href":"http:\/\/portalm\u0142awa.pl\/index.php?rest_route=\/wp\/v2\/posts\/12086\/revisions"}],"predecessor-version":[{"id":12087,"href":"http:\/\/portalm\u0142awa.pl\/index.php?rest_route=\/wp\/v2\/posts\/12086\/revisions\/12087"}],"wp:featuredmedia":[{"embeddable":true,"href":"http:\/\/portalm\u0142awa.pl\/index.php?rest_route=\/wp\/v2\/media\/12088"}],"wp:attachment":[{"href":"http:\/\/portalm\u0142awa.pl\/index.php?rest_route=%2Fwp%2Fv2%2Fmedia&parent=12086"}],"wp:term":[{"taxonomy":"category","embeddable":true,"href":"http:\/\/portalm\u0142awa.pl\/index.php?rest_route=%2Fwp%2Fv2%2Fcategories&post=12086"},{"taxonomy":"post_tag","embeddable":true,"href":"http:\/\/portalm\u0142awa.pl\/index.php?rest_route=%2Fwp%2Fv2%2Ftags&post=12086"}],"curies":[{"name":"wp","href":"https:\/\/api.w.org\/{rel}","templated":true}]}}