{"id":12089,"date":"2025-12-02T16:19:22","date_gmt":"2025-12-02T15:19:22","guid":{"rendered":"http:\/\/portalm\u0142awa.pl\/?p=12089"},"modified":"2025-12-02T16:49:32","modified_gmt":"2025-12-02T15:49:32","slug":"konfederacja-i-temida-ida-do-sadu-mlawa-na-barykadach-w-sprawie-podwyzek-za-smieci","status":"publish","type":"post","link":"http:\/\/portalm\u0142awa.pl\/?p=12089","title":{"rendered":"Konfederacja i \u201eTemida\u201d id\u0105 do s\u0105du. M\u0142awa na barykadach w sprawie podwy\u017cek za \u015bmieci"},"content":{"rendered":"<p style=\"text-align: justify;\">Dzi\u015b w ratuszu zapad\u0142 ruch, kt\u00f3ry mo\u017ce zmieni\u0107 spos\u00f3b, w jaki p\u0142acimy za odpady: lokalny oddzia\u0142 Konfederacji wraz ze Stowarzyszeniem Prawa \u201eTemida\u201d oficjalnie zaskar\u017cyli do Wojew\u00f3dzkiego S\u0105du Administracyjnego decyzj\u0119 dotycz\u0105c\u0105 podwy\u017cek op\u0142at za gospodarowanie odpadami oraz sposobu ich naliczania \u2014 czyli rezygnacji z powi\u0105zania op\u0142aty z faktycznym zu\u017cyciem wody. To sygna\u0142, \u017ce mieszka\u0144cy M\u0142awy nie zamierzaj\u0105 biernie akceptowa\u0107 decyzji, kt\u00f3re ich dotykaj\u0105 w portfelach.<\/p>\n<p style=\"text-align: justify;\"><strong>Leciwy problem w nowej ods\u0142onie<\/strong><\/p>\n<p style=\"text-align: justify;\">Sp\u00f3r o op\u0142aty za \u015bmieci to nie jest lokalny incydent \u2014 to od lat gor\u0105cy temat w ca\u0142ej Polsce. Dla mieszka\u0144c\u00f3w M\u0142awy sprawa nabiera ostro\u015bci, bo nowe regulacje oznaczaj\u0105 realne zwi\u0119kszenie wydatk\u00f3w gospodarstw domowych i \u2014 co by\u0107 mo\u017ce wa\u017cniejsze \u2014 uproszczenie systemu naliczania, kt\u00f3re wielu uznaje za niesprawiedliwe. Zw\u0142aszcza osoby oszcz\u0119dzaj\u0105ce wod\u0119 lub prowadz\u0105ce gospodarstwa jednoosobowe wskazuj\u0105, \u017ce utrata zwi\u0105zku op\u0142aty z konsumpcj\u0105 pozbawia mechanizmu proporcjonalno\u015bci.<\/p>\n<p style=\"text-align: justify;\"><strong>Z ratusza do s\u0105du \u2014 skarga przygotowana spo\u0142ecznie<\/strong><\/p>\n<p style=\"text-align: justify;\">Dzia\u0142ania Konfederacji i \u201eTemidy\u201d nie pojawi\u0142y si\u0119 znik\u0105d. To efekt wielotygodniowych rozm\u00f3w z mieszka\u0144cami, zbi\u00f3rki podpis\u00f3w i analizy prawnej. Organizatorzy zapowiadaj\u0105, \u017ce w najbli\u017cszy poniedzia\u0142ek ujawni\u0105 pe\u0142ny tekst zaskar\u017cenia \u2014 krok ku maksymalnej transparentno\u015bci i zaproszeniu spo\u0142ecze\u0144stwa do zapoznania si\u0119 z argumentami prawnymi, na kt\u00f3rych oparta zosta\u0142a skarga.<\/p>\n<p style=\"text-align: justify;\"><strong>Co zarzucaj\u0105 inicjatorzy?<\/strong><\/p>\n<p style=\"text-align: justify;\"><strong>G\u0142\u00f3wne zarzuty s\u0105 dwa i oba maj\u0105 znaczenie praktyczne:<\/strong><\/p>\n<p style=\"text-align: justify;\"><strong>Podwy\u017cki cen za odpady komunalne <\/strong>\u2014 wzrost stawki to konkretny ci\u0119\u017car dla bud\u017cet\u00f3w domowych; dla niekt\u00f3rych rodzin mo\u017ce to oznacza\u0107 trudniejsze \u017cycie codzienne.<\/p>\n<p style=\"text-align: justify;\"><strong>Spos\u00f3b naliczania<\/strong> \u2014 odej\u015bcie od uwzgl\u0119dniania zu\u017cycia wody odbierane jest jako dzia\u0142anie odbieraj\u0105ce sprawiedliwo\u015b\u0107 rozlicze\u0144: osoby oszcz\u0119dzaj\u0105ce wod\u0119 mia\u0142y dot\u0105d finansow\u0105 zach\u0119t\u0119 do ekologicznych nawyk\u00f3w; teraz zostaj\u0105 obci\u0105\u017cone na r\u00f3wni z wi\u0119kszymi konsumentami.<\/p>\n<p style=\"text-align: justify;\"><strong>Co mo\u017ce zrobi\u0107 s\u0105d \u2014 i co to oznacza dla mieszka\u0144c\u00f3w<\/strong><\/p>\n<p style=\"text-align: justify;\">WSA ma przed sob\u0105 r\u00f3\u017cne mo\u017cliwo\u015bci: oddalenie skargi, uwzgl\u0119dnienie jej w ca\u0142o\u015bci lub w cz\u0119\u015bci, a tak\u017ce nakazanie organom samorz\u0105dowym ponownego rozpatrzenia uchwa\u0142y. Ka\u017cdy z tych wariant\u00f3w niesie inn\u0105 konsekwencj\u0119 dla finans\u00f3w mieszka\u0144c\u00f3w i przysz\u0142ych rozwi\u0105za\u0144 samorz\u0105dowych. Bez wzgl\u0119du na orzeczenie, sprawa mo\u017ce trafi\u0107 dalej \u2014 do NSA \u2014 i sta\u0107 si\u0119 przyczynkiem do szerszej debaty o modelach finansowania gospodarki odpadami.<\/p>\n<p style=\"text-align: justify;\"><strong>Spo\u0142eczny wymiar sporu<\/strong><\/p>\n<p style=\"text-align: justify;\">Ta sprawa to co\u015b wi\u0119cej ni\u017c prawnicza batalia \u2014 to test relacji mi\u0119dzy mieszka\u0144cem a samorz\u0105dem. Z jednej strony s\u0105 argumenty fiskalne i organizacyjne w\u0142adz; z drugiej \u2014 poczucie niesprawiedliwo\u015bci i brak dialogu. Zbieranie podpis\u00f3w i aktywno\u015b\u0107 obywatelska pokazuj\u0105, \u017ce mieszka\u0144cy oczekuj\u0105 transparentno\u015bci, racjonalnych wylicze\u0144 i mechanizm\u00f3w, kt\u00f3re chroni\u0105 mniej zamo\u017cne i oszcz\u0119dne gospodarstwa.<\/p>\n<p style=\"text-align: justify;\"><strong>Na koniec \u2014 o co naprawd\u0119 chodzi<\/strong><\/p>\n<p style=\"text-align: justify;\">W grze s\u0105 nie tylko z\u0142ot\u00f3wki \u2014 chodzi o zaufanie: do organ\u00f3w miasta, do procedur i do tego, \u017ce polityka lokalna uwzgl\u0119dnia g\u0142os mieszka\u0144c\u00f3w. Zaskar\u017cenie do WSA to symboliczny i praktyczny gest: obywatelski sprzeciw przeciwko temu, co postrzegane jest jako niesprawiedliwe. W najbli\u017cszych tygodniach warto uwa\u017cnie obserwowa\u0107 rozw\u00f3j wydarze\u0144 \u2014 i korzysta\u0107 z publikowanych dokument\u00f3w, by wyrobi\u0107 sobie w\u0142asne zdanie o tym, jak powinno wygl\u0105da\u0107 uczciwe finansowanie us\u0142ug komunalnych w M\u0142awie.<\/p>\n<p style=\"text-align: justify;\">T.B<\/p>\n<p style=\"text-align: justify;\">KOMENTARZE<\/p>\n<p style=\"text-align: justify;\">Wydawca portalu nie ponosi odpowiedzialno\u015bci za tre\u015b\u0107 komentarzy zamieszczanych przez u\u017cytkownik\u00f3w. Osoby zamieszczaj\u0105ce wypowiedzi naruszaj\u0105ce prawo lub prawem chronione dobra os\u00f3b trzecich mog\u0105 ponie\u015b\u0107 z tego tytu\u0142u odpowiedzialno\u015b\u0107 karn\u0105 lub cywiln\u0105.JEDNOCZE\u015aNIE UZYTKOWNICY ZAMIESZCZAJ\u0104C KOMENTARZ OSWIADCZAJ\u0104, \u017bE BIOR\u0104 PE\u0141N\u0104 ODPOWIEDZIALNO\u015a\u0106 ZA TRE\u015aCI UMIESZCZONE PRZEZ SIEBIE<\/p>\n<div style=\"padding-bottom:20px; padding-top:10px;\" class=\"hupso-share-buttons\"><!-- Hupso Share Buttons - https:\/\/www.hupso.com\/share\/ --><a class=\"hupso_pop\" href=\"https:\/\/www.hupso.com\/share\/\"><img decoding=\"async\" data-src=\"http:\/\/static.hupso.com\/share\/buttons\/button100x23.png\" style=\"border:0px; width:100; height: 23; \" alt=\"Share Button\" src=\"data:image\/svg+xml;base64,PHN2ZyB3aWR0aD0iMSIgaGVpZ2h0PSIxIiB4bWxucz0iaHR0cDovL3d3dy53My5vcmcvMjAwMC9zdmciPjwvc3ZnPg==\" class=\"lazyload\" \/><\/a><script type=\"text\/javascript\">var hupso_services=new Array(\"Twitter\",\"Facebook\",\"Pinterest\",\"Linkedin\",\"Tumblr\",\"StumbleUpon\",\"Digg\",\"Reddit\",\"Bebo\",\"Delicious\",\"QZone\",\"Renren\",\"Email\");var hupso_icon_type = \"labels\";var hupso_background=\"#3BF8FF\";var hupso_border=\"#FF2B0A\";var hupso_image_folder_url = \"\";var hupso_url=\"\";var hupso_title=\"Konfederacja%20i%20%E2%80%9ETemida%E2%80%9D%20id%C4%85%20do%20s%C4%85du.%20M%C5%82awa%20na%20barykadach%20w%20sprawie%20podwy%C5%BCek%20za%20%C5%9Bmieci\";<\/script><script type=\"text\/javascript\" src=\"http:\/\/static.hupso.com\/share\/js\/share.js\"><\/script><!-- Hupso Share Buttons --><\/div>","protected":false},"excerpt":{"rendered":"<p>Dzi\u015b w ratuszu zapad\u0142 ruch, kt\u00f3ry mo\u017ce zmieni\u0107 spos\u00f3b, w jaki p\u0142acimy za odpady: lokalny oddzia\u0142 Konfederacji wraz ze Stowarzyszeniem Prawa \u201eTemida\u201d oficjalnie zaskar\u017cyli do Wojew\u00f3dzkiego S\u0105du Administracyjnego decyzj\u0119 dotycz\u0105c\u0105&hellip; <\/p>\n<div style=\"padding-bottom:20px; padding-top:10px;\" class=\"hupso-share-buttons\"><!-- Hupso Share Buttons - https:\/\/www.hupso.com\/share\/ --><a class=\"hupso_pop\" href=\"https:\/\/www.hupso.com\/share\/\"><img data-src=\"http:\/\/static.hupso.com\/share\/buttons\/button100x23.png\" style=\"border:0px; width:100; height: 23; \" alt=\"Share Button\" src=\"data:image\/svg+xml;base64,PHN2ZyB3aWR0aD0iMSIgaGVpZ2h0PSIxIiB4bWxucz0iaHR0cDovL3d3dy53My5vcmcvMjAwMC9zdmciPjwvc3ZnPg==\" class=\"lazyload\" \/><\/a><script type=\"text\/javascript\">var hupso_services=new Array(\"Twitter\",\"Facebook\",\"Pinterest\",\"Linkedin\",\"Tumblr\",\"StumbleUpon\",\"Digg\",\"Reddit\",\"Bebo\",\"Delicious\",\"QZone\",\"Renren\",\"Email\");var hupso_icon_type = \"labels\";var hupso_background=\"#3BF8FF\";var hupso_border=\"#FF2B0A\";var hupso_image_folder_url = \"\";var hupso_url=\"\";var hupso_title=\"Konfederacja%20i%20%E2%80%9ETemida%E2%80%9D%20id%C4%85%20do%20s%C4%85du.%20M%C5%82awa%20na%20barykadach%20w%20sprawie%20podwy%C5%BCek%20za%20%C5%9Bmieci\";<\/script><script type=\"text\/javascript\" src=\"http:\/\/static.hupso.com\/share\/js\/share.js\"><\/script><!-- Hupso Share Buttons --><\/div>","protected":false},"author":1,"featured_media":12091,"comment_status":"open","ping_status":"open","sticky":false,"template":"","format":"standard","meta":{"_acf_changed":false,"wprm-recipe-roundup-name":"","wprm-recipe-roundup-description":"","footnotes":""},"categories":[19,28],"tags":[],"class_list":["post-12089","post","type-post","status-publish","format-standard","has-post-thumbnail","hentry","category-aktualnosci","category-wyd"],"acf":[],"amp_enabled":true,"_links":{"self":[{"href":"http:\/\/portalm\u0142awa.pl\/index.php?rest_route=\/wp\/v2\/posts\/12089","targetHints":{"allow":["GET"]}}],"collection":[{"href":"http:\/\/portalm\u0142awa.pl\/index.php?rest_route=\/wp\/v2\/posts"}],"about":[{"href":"http:\/\/portalm\u0142awa.pl\/index.php?rest_route=\/wp\/v2\/types\/post"}],"author":[{"embeddable":true,"href":"http:\/\/portalm\u0142awa.pl\/index.php?rest_route=\/wp\/v2\/users\/1"}],"replies":[{"embeddable":true,"href":"http:\/\/portalm\u0142awa.pl\/index.php?rest_route=%2Fwp%2Fv2%2Fcomments&post=12089"}],"version-history":[{"count":1,"href":"http:\/\/portalm\u0142awa.pl\/index.php?rest_route=\/wp\/v2\/posts\/12089\/revisions"}],"predecessor-version":[{"id":12090,"href":"http:\/\/portalm\u0142awa.pl\/index.php?rest_route=\/wp\/v2\/posts\/12089\/revisions\/12090"}],"wp:featuredmedia":[{"embeddable":true,"href":"http:\/\/portalm\u0142awa.pl\/index.php?rest_route=\/wp\/v2\/media\/12091"}],"wp:attachment":[{"href":"http:\/\/portalm\u0142awa.pl\/index.php?rest_route=%2Fwp%2Fv2%2Fmedia&parent=12089"}],"wp:term":[{"taxonomy":"category","embeddable":true,"href":"http:\/\/portalm\u0142awa.pl\/index.php?rest_route=%2Fwp%2Fv2%2Fcategories&post=12089"},{"taxonomy":"post_tag","embeddable":true,"href":"http:\/\/portalm\u0142awa.pl\/index.php?rest_route=%2Fwp%2Fv2%2Ftags&post=12089"}],"curies":[{"name":"wp","href":"https:\/\/api.w.org\/{rel}","templated":true}]}}