{"id":12092,"date":"2025-12-02T17:07:35","date_gmt":"2025-12-02T16:07:35","guid":{"rendered":"http:\/\/portalm\u0142awa.pl\/?p=12092"},"modified":"2025-12-02T17:08:33","modified_gmt":"2025-12-02T16:08:33","slug":"osmoklasistki-z-sp-3-w-mlawie-w-akcji-ucza-mlodszych-jak-nie-dac-sie-cyberprzemocy","status":"publish","type":"post","link":"http:\/\/portalm\u0142awa.pl\/?p=12092","title":{"rendered":"\u00d3smoklasistki z SP 3 w M\u0142awie w akcji \u2013 ucz\u0105 m\u0142odszych, jak nie da\u0107 si\u0119 cyberprzemocy!"},"content":{"rendered":"<p style=\"text-align: justify;\">W minionym tygodniu w Szko\u0142\u0119 Podstawow\u0105 nr 3 w M\u0142awie wkroczy\u0142a prawdziwa edukacyjna burza! Uczennice klasy 8b przej\u0119\u0142y stery i poprowadzi\u0142y wyj\u0105tkowe zaj\u0119cia dla swoich m\u0142odszych koleg\u00f3w z klas 4 i 5, skupiaj\u0105c si\u0119 na jednym z najwa\u017cniejszych temat\u00f3w wsp\u00f3\u0142czesno\u015bci \u2013 <strong>cyberprzemocy<\/strong>.<\/p>\n<p style=\"text-align: justify;\">\u00d3smoklasistki przygotowa\u0142y pe\u0142n\u0105 wiedzy i emocji prezentacj\u0119, w kt\u00f3rej znalaz\u0142y si\u0119 m.in.: definicja cyberprzemocy, najcz\u0119\u015bciej spotykane formy \u2013 hejt, n\u0119kanie, kradzie\u017c to\u017csamo\u015bci \u2013 oraz konsekwencje prawne i spo\u0142eczne dla sprawc\u00f3w. Punktem wyj\u015bcia do rozmowy by\u0142 edukacyjny film z cyklu \u201eOwce w sieci\u201d pt. <strong>\u201eG\u0142upek\u201d<\/strong>, kt\u00f3ry w mig wzbudzi\u0142 dyskusj\u0119 o odpowiedzialnych zachowaniach w sieci.<\/p>\n<p style=\"text-align: justify;\">Ale to nie by\u0142a zwyk\u0142a lekcja \u2013 to by\u0142y <strong>warsztaty pe\u0142ne interakcji<\/strong>. M\u0142odsi uczniowie wsp\u00f3lnie z prowadz\u0105cymi wype\u0142niali karty pracy, uczestniczyli w \u0107wiczeniach pozwalaj\u0105cych rozpozna\u0107 zagro\u017cenia w sieci i uczy\u0107 si\u0119, jak reagowa\u0107 w trudnych sytuacjach. Sala wype\u0142ni\u0142a si\u0119 rozmowami, pytaniami i zaanga\u017cowaniem, kt\u00f3re pokaza\u0142y, \u017ce m\u0142odsze pokolenie chce by\u0107 \u015bwiadome i bezpieczne w cyfrowym \u015bwiecie.<\/p>\n<p style=\"text-align: justify;\">Na koniec \u00f3smoklasistki podsumowa\u0142y najwa\u017cniejsze informacje i zach\u0119ci\u0142y uczestnik\u00f3w do otwartej rozmowy o swoich do\u015bwiadczeniach i obawach. Ich empatia, odpowiedzialno\u015b\u0107 i umiej\u0119tno\u015b\u0107 przekazywania wiedzy zrobi\u0142y ogromne wra\u017cenie na wszystkich obecnych.<\/p>\n<p style=\"text-align: justify;\"><strong>Wielkie brawa dla uczennic z 8b SP 3!<\/strong> Dzi\u0119ki Wam m\u0142odsze dzieci z M\u0142awy zdoby\u0142y nie tylko wiedz\u0119, ale i \u015bwiadomo\u015b\u0107, \u017ce bezpiecze\u0144stwo w sieci to wsp\u00f3lna odpowiedzialno\u015b\u0107.<\/p>\n<p style=\"text-align: justify;\">Nades\u0142ane\u00a0 oprac T.B.\u00a0 fot SP3<\/p>\n<p style=\"box-sizing: border-box; margin-top: 0px; margin-bottom: 15px; color: #555555; font-family: Roboto, sans-serif; font-size: 15px; text-align: justify;\">KOMENTARZE<\/p>\n<p style=\"box-sizing: border-box; margin-top: 0px; margin-bottom: 15px; color: #555555; font-family: Roboto, sans-serif; font-size: 15px; text-align: justify;\">Wydawca portalu nie ponosi odpowiedzialno\u015bci za tre\u015b\u0107 komentarzy zamieszczanych przez u\u017cytkownik\u00f3w. Osoby zamieszczaj\u0105ce wypowiedzi naruszaj\u0105ce prawo lub prawem chronione dobra os\u00f3b trzecich mog\u0105 ponie\u015b\u0107 z tego tytu\u0142u odpowiedzialno\u015b\u0107 karn\u0105 lub cywiln\u0105.JEDNOCZE\u015aNIE UZYTKOWNICY ZAMIESZCZAJ\u0104C KOMENTARZ OSWIADCZAJ\u0104, \u017bE BIOR\u0104 PE\u0141N\u0104 ODPOWIEDZIALNO\u015a\u0106 ZA TRE\u015aCI UMIESZCZONE PRZEZ SIEBIE<\/p>\n<div style=\"padding-bottom:20px; padding-top:10px;\" class=\"hupso-share-buttons\"><!-- Hupso Share Buttons - https:\/\/www.hupso.com\/share\/ --><a class=\"hupso_pop\" href=\"https:\/\/www.hupso.com\/share\/\"><img decoding=\"async\" data-src=\"http:\/\/static.hupso.com\/share\/buttons\/button100x23.png\" style=\"border:0px; width:100; height: 23; \" alt=\"Share Button\" src=\"data:image\/svg+xml;base64,PHN2ZyB3aWR0aD0iMSIgaGVpZ2h0PSIxIiB4bWxucz0iaHR0cDovL3d3dy53My5vcmcvMjAwMC9zdmciPjwvc3ZnPg==\" class=\"lazyload\" \/><\/a><script type=\"text\/javascript\">var hupso_services=new Array(\"Twitter\",\"Facebook\",\"Pinterest\",\"Linkedin\",\"Tumblr\",\"StumbleUpon\",\"Digg\",\"Reddit\",\"Bebo\",\"Delicious\",\"QZone\",\"Renren\",\"Email\");var hupso_icon_type = \"labels\";var hupso_background=\"#3BF8FF\";var hupso_border=\"#FF2B0A\";var hupso_image_folder_url = \"\";var hupso_url=\"\";var hupso_title=\"%C3%93smoklasistki%20z%20SP%203%20w%20M%C5%82awie%20w%20akcji%20%E2%80%93%20ucz%C4%85%20m%C5%82odszych%2C%20jak%20nie%20da%C4%87%20si%C4%99%20cyberprzemocy%21\";<\/script><script type=\"text\/javascript\" src=\"http:\/\/static.hupso.com\/share\/js\/share.js\"><\/script><!-- Hupso Share Buttons --><\/div>","protected":false},"excerpt":{"rendered":"<p>W minionym tygodniu w Szko\u0142\u0119 Podstawow\u0105 nr 3 w M\u0142awie wkroczy\u0142a prawdziwa edukacyjna burza! Uczennice klasy 8b przej\u0119\u0142y stery i poprowadzi\u0142y wyj\u0105tkowe zaj\u0119cia dla swoich m\u0142odszych koleg\u00f3w z klas 4&hellip; <\/p>\n<div style=\"padding-bottom:20px; padding-top:10px;\" class=\"hupso-share-buttons\"><!-- Hupso Share Buttons - https:\/\/www.hupso.com\/share\/ --><a class=\"hupso_pop\" href=\"https:\/\/www.hupso.com\/share\/\"><img data-src=\"http:\/\/static.hupso.com\/share\/buttons\/button100x23.png\" style=\"border:0px; width:100; height: 23; \" alt=\"Share Button\" src=\"data:image\/svg+xml;base64,PHN2ZyB3aWR0aD0iMSIgaGVpZ2h0PSIxIiB4bWxucz0iaHR0cDovL3d3dy53My5vcmcvMjAwMC9zdmciPjwvc3ZnPg==\" class=\"lazyload\" \/><\/a><script type=\"text\/javascript\">var hupso_services=new Array(\"Twitter\",\"Facebook\",\"Pinterest\",\"Linkedin\",\"Tumblr\",\"StumbleUpon\",\"Digg\",\"Reddit\",\"Bebo\",\"Delicious\",\"QZone\",\"Renren\",\"Email\");var hupso_icon_type = \"labels\";var hupso_background=\"#3BF8FF\";var hupso_border=\"#FF2B0A\";var hupso_image_folder_url = \"\";var hupso_url=\"\";var hupso_title=\"%C3%93smoklasistki%20z%20SP%203%20w%20M%C5%82awie%20w%20akcji%20%E2%80%93%20ucz%C4%85%20m%C5%82odszych%2C%20jak%20nie%20da%C4%87%20si%C4%99%20cyberprzemocy%21\";<\/script><script type=\"text\/javascript\" src=\"http:\/\/static.hupso.com\/share\/js\/share.js\"><\/script><!-- Hupso Share Buttons --><\/div>","protected":false},"author":1,"featured_media":12093,"comment_status":"open","ping_status":"open","sticky":false,"template":"","format":"standard","meta":{"_acf_changed":false,"wprm-recipe-roundup-name":"","wprm-recipe-roundup-description":"","footnotes":""},"categories":[19,3,28],"tags":[],"class_list":["post-12092","post","type-post","status-publish","format-standard","has-post-thumbnail","hentry","category-aktualnosci","category-kultura","category-wyd"],"acf":[],"amp_enabled":true,"_links":{"self":[{"href":"http:\/\/portalm\u0142awa.pl\/index.php?rest_route=\/wp\/v2\/posts\/12092","targetHints":{"allow":["GET"]}}],"collection":[{"href":"http:\/\/portalm\u0142awa.pl\/index.php?rest_route=\/wp\/v2\/posts"}],"about":[{"href":"http:\/\/portalm\u0142awa.pl\/index.php?rest_route=\/wp\/v2\/types\/post"}],"author":[{"embeddable":true,"href":"http:\/\/portalm\u0142awa.pl\/index.php?rest_route=\/wp\/v2\/users\/1"}],"replies":[{"embeddable":true,"href":"http:\/\/portalm\u0142awa.pl\/index.php?rest_route=%2Fwp%2Fv2%2Fcomments&post=12092"}],"version-history":[{"count":1,"href":"http:\/\/portalm\u0142awa.pl\/index.php?rest_route=\/wp\/v2\/posts\/12092\/revisions"}],"predecessor-version":[{"id":12094,"href":"http:\/\/portalm\u0142awa.pl\/index.php?rest_route=\/wp\/v2\/posts\/12092\/revisions\/12094"}],"wp:featuredmedia":[{"embeddable":true,"href":"http:\/\/portalm\u0142awa.pl\/index.php?rest_route=\/wp\/v2\/media\/12093"}],"wp:attachment":[{"href":"http:\/\/portalm\u0142awa.pl\/index.php?rest_route=%2Fwp%2Fv2%2Fmedia&parent=12092"}],"wp:term":[{"taxonomy":"category","embeddable":true,"href":"http:\/\/portalm\u0142awa.pl\/index.php?rest_route=%2Fwp%2Fv2%2Fcategories&post=12092"},{"taxonomy":"post_tag","embeddable":true,"href":"http:\/\/portalm\u0142awa.pl\/index.php?rest_route=%2Fwp%2Fv2%2Ftags&post=12092"}],"curies":[{"name":"wp","href":"https:\/\/api.w.org\/{rel}","templated":true}]}}