{"id":12134,"date":"2025-12-04T13:55:16","date_gmt":"2025-12-04T12:55:16","guid":{"rendered":"http:\/\/portalm\u0142awa.pl\/?p=12134"},"modified":"2025-12-04T13:56:08","modified_gmt":"2025-12-04T12:56:08","slug":"z-3-promilami-i-bez-prawa-jazdy-wsiadl-za-kierownice-opla","status":"publish","type":"post","link":"http:\/\/portalm\u0142awa.pl\/?p=12134","title":{"rendered":"Z 3 promilami i bez prawa jazdy wsiad\u0142 za kierownic\u0119 Opla"},"content":{"rendered":"<div class=\"head\" style=\"color: #000000; font-family: Arial, Helvetica, sans-serif; font-size: 15.996px; word-spacing: 2.55936px;\">\n<p class=\"intro\" style=\"font-size: 17.5956px; text-align: justify;\"><strong>Policjanci z Posterunku Policji w Ojrzeniu zatrzymali 40-letniego mieszka\u0144ca powiatu ciechanowskiego, kt\u00f3ry wsiad\u0142 za kierownic\u0119 Opla, maj\u0105c 3 promile alkoholu. Okaza\u0142o si\u0119 tak\u017ce, \u017ce m\u0119\u017cczyzna nie ma prawa jazdy. Teraz za swoje zachowanie odpowie przed s\u0105dem.<\/strong><\/p>\n<\/div>\n<p style=\"color: #000000; font-family: Arial, Helvetica, sans-serif; font-size: 15.996px; word-spacing: 2.55936px; margin-bottom: 11px; text-align: justify;\">W minion\u0105 \u015brod\u0119 (3.12) oko\u0142o godz. 19.50 w Nowej Wsi policjanci z Posterunku Policji w Ojrzeniu<strong>\u00a0<\/strong>zatrzymali do kontroli drogowej kieruj\u0105cego Oplem. Za kierownic\u0105 auta siedzia\u0142 40-letni mieszkaniec powiatu ciechanowskiego. Badanie stanu trze\u017awo\u015bci wykaza\u0142o 3 promile alkoholu w jego organizmie. Po sprawdzeniu w policyjnych bazach danych okaza\u0142o si\u0119 tak\u017ce, \u017ce m\u0119\u017cczyzna nie ma prawa jazdy. Oplem podr\u00f3\u017cowa\u0142o 3 pasa\u017cer\u00f3w.<\/p>\n<p style=\"color: #000000; font-family: Arial, Helvetica, sans-serif; font-size: 15.996px; word-spacing: 2.55936px; margin-bottom: 11px; text-align: justify;\">40-latek zosta\u0142 zatrzymany. Za jazd\u0119 w stanie nietrze\u017awo\u015bci grozi mu kara nawet do 3 lat pozbawienia wolno\u015bci, s\u0105dowy zakaz kierowania autem na minimum 3 lata oraz grzywna do 60 tys. z\u0142. na rzecz Funduszu Pomocy Pokrzywdzonym oraz Pomocy Postpenitencjarnej. Odpowie r\u00f3wnie\u017c za jazd\u0119 bez uprawnie\u0144.<\/p>\n<p style=\"color: #000000; font-family: Arial, Helvetica, sans-serif; font-size: 15.996px; word-spacing: 2.55936px; margin-bottom: 11px; text-align: justify;\">Pami\u0119tajmy, \u017ce ka\u017cda ilo\u015b\u0107 wypitego alkoholu obni\u017ca koncentracj\u0119, zmniejsza szybko\u015b\u0107 reakcji oraz powoduje b\u0142\u0119dn\u0105 ocen\u0119 odleg\u0142o\u015bci i pr\u0119dko\u015bci. Apelujemy do os\u00f3b, kt\u00f3re widz\u0105, gdy za kierownic\u0119 wsiada osoba nietrze\u017awa. Nie czekajmy na tragedi\u0119! Nietrze\u017awy kierowca na drodze to zagro\u017cenie dla niego samego, ale te\u017c dla \u017cycia i zdrowia innych uczestnik\u00f3w ruchu drogowego.<\/p>\n<p style=\"text-align: justify;\"><span style=\"color: #000000; font-family: Arial, Helvetica, sans-serif; font-size: 15.996px; text-align: justify; word-spacing: 2.55936px;\">asp. Magda Sakowska\/ KPP w Ciechanowie<\/span><\/p>\n<p style=\"box-sizing: border-box; margin-top: 0px; margin-bottom: 15px; color: #555555; font-family: Roboto, sans-serif; font-size: 15px; text-align: justify;\">KOMENTARZE<\/p>\n<p style=\"box-sizing: border-box; margin-top: 0px; margin-bottom: 15px; color: #555555; font-family: Roboto, sans-serif; font-size: 15px; text-align: justify;\">Wydawca portalu nie ponosi odpowiedzialno\u015bci za tre\u015b\u0107 komentarzy zamieszczanych przez u\u017cytkownik\u00f3w. Osoby zamieszczaj\u0105ce wypowiedzi naruszaj\u0105ce prawo lub prawem chronione dobra os\u00f3b trzecich mog\u0105 ponie\u015b\u0107 z tego tytu\u0142u odpowiedzialno\u015b\u0107 karn\u0105 lub cywiln\u0105.JEDNOCZE\u015aNIE UZYTKOWNICY ZAMIESZCZAJ\u0104C KOMENTARZ OSWIADCZAJ\u0104, \u017bE BIOR\u0104 PE\u0141N\u0104 ODPOWIEDZIALNO\u015a\u0106 ZA TRE\u015aCI UMIESZCZONE PRZEZ SIEBIE<\/p>\n<div style=\"padding-bottom:20px; padding-top:10px;\" class=\"hupso-share-buttons\"><!-- Hupso Share Buttons - https:\/\/www.hupso.com\/share\/ --><a class=\"hupso_pop\" href=\"https:\/\/www.hupso.com\/share\/\"><img decoding=\"async\" data-src=\"http:\/\/static.hupso.com\/share\/buttons\/button100x23.png\" style=\"border:0px; width:100; height: 23; \" alt=\"Share Button\" src=\"data:image\/svg+xml;base64,PHN2ZyB3aWR0aD0iMSIgaGVpZ2h0PSIxIiB4bWxucz0iaHR0cDovL3d3dy53My5vcmcvMjAwMC9zdmciPjwvc3ZnPg==\" class=\"lazyload\" \/><\/a><script type=\"text\/javascript\">var hupso_services=new Array(\"Twitter\",\"Facebook\",\"Pinterest\",\"Linkedin\",\"Tumblr\",\"StumbleUpon\",\"Digg\",\"Reddit\",\"Bebo\",\"Delicious\",\"QZone\",\"Renren\",\"Email\");var hupso_icon_type = \"labels\";var hupso_background=\"#3BF8FF\";var hupso_border=\"#FF2B0A\";var hupso_image_folder_url = \"\";var hupso_url=\"\";var hupso_title=\"Z%203%20promilami%20i%20bez%20prawa%20jazdy%20wsiad%C5%82%20za%20kierownic%C4%99%20Opla\";<\/script><script type=\"text\/javascript\" src=\"http:\/\/static.hupso.com\/share\/js\/share.js\"><\/script><!-- Hupso Share Buttons --><\/div>","protected":false},"excerpt":{"rendered":"<p>Policjanci z Posterunku Policji w Ojrzeniu zatrzymali 40-letniego mieszka\u0144ca powiatu ciechanowskiego, kt\u00f3ry wsiad\u0142 za kierownic\u0119 Opla, maj\u0105c 3 promile alkoholu. Okaza\u0142o si\u0119 tak\u017ce, \u017ce m\u0119\u017cczyzna nie ma prawa jazdy. Teraz&hellip; <\/p>\n<div style=\"padding-bottom:20px; padding-top:10px;\" class=\"hupso-share-buttons\"><!-- Hupso Share Buttons - https:\/\/www.hupso.com\/share\/ --><a class=\"hupso_pop\" href=\"https:\/\/www.hupso.com\/share\/\"><img data-src=\"http:\/\/static.hupso.com\/share\/buttons\/button100x23.png\" style=\"border:0px; width:100; height: 23; \" alt=\"Share Button\" src=\"data:image\/svg+xml;base64,PHN2ZyB3aWR0aD0iMSIgaGVpZ2h0PSIxIiB4bWxucz0iaHR0cDovL3d3dy53My5vcmcvMjAwMC9zdmciPjwvc3ZnPg==\" class=\"lazyload\" \/><\/a><script type=\"text\/javascript\">var hupso_services=new Array(\"Twitter\",\"Facebook\",\"Pinterest\",\"Linkedin\",\"Tumblr\",\"StumbleUpon\",\"Digg\",\"Reddit\",\"Bebo\",\"Delicious\",\"QZone\",\"Renren\",\"Email\");var hupso_icon_type = \"labels\";var hupso_background=\"#3BF8FF\";var hupso_border=\"#FF2B0A\";var hupso_image_folder_url = \"\";var hupso_url=\"\";var hupso_title=\"Z%203%20promilami%20i%20bez%20prawa%20jazdy%20wsiad%C5%82%20za%20kierownic%C4%99%20Opla\";<\/script><script type=\"text\/javascript\" src=\"http:\/\/static.hupso.com\/share\/js\/share.js\"><\/script><!-- Hupso Share Buttons --><\/div>","protected":false},"author":1,"featured_media":10535,"comment_status":"open","ping_status":"open","sticky":false,"template":"","format":"standard","meta":{"_acf_changed":false,"wprm-recipe-roundup-name":"","wprm-recipe-roundup-description":"","footnotes":""},"categories":[19,5,28],"tags":[],"class_list":["post-12134","post","type-post","status-publish","format-standard","has-post-thumbnail","hentry","category-aktualnosci","category-na-sygnale","category-wyd"],"acf":[],"amp_enabled":true,"_links":{"self":[{"href":"http:\/\/portalm\u0142awa.pl\/index.php?rest_route=\/wp\/v2\/posts\/12134","targetHints":{"allow":["GET"]}}],"collection":[{"href":"http:\/\/portalm\u0142awa.pl\/index.php?rest_route=\/wp\/v2\/posts"}],"about":[{"href":"http:\/\/portalm\u0142awa.pl\/index.php?rest_route=\/wp\/v2\/types\/post"}],"author":[{"embeddable":true,"href":"http:\/\/portalm\u0142awa.pl\/index.php?rest_route=\/wp\/v2\/users\/1"}],"replies":[{"embeddable":true,"href":"http:\/\/portalm\u0142awa.pl\/index.php?rest_route=%2Fwp%2Fv2%2Fcomments&post=12134"}],"version-history":[{"count":1,"href":"http:\/\/portalm\u0142awa.pl\/index.php?rest_route=\/wp\/v2\/posts\/12134\/revisions"}],"predecessor-version":[{"id":12135,"href":"http:\/\/portalm\u0142awa.pl\/index.php?rest_route=\/wp\/v2\/posts\/12134\/revisions\/12135"}],"wp:featuredmedia":[{"embeddable":true,"href":"http:\/\/portalm\u0142awa.pl\/index.php?rest_route=\/wp\/v2\/media\/10535"}],"wp:attachment":[{"href":"http:\/\/portalm\u0142awa.pl\/index.php?rest_route=%2Fwp%2Fv2%2Fmedia&parent=12134"}],"wp:term":[{"taxonomy":"category","embeddable":true,"href":"http:\/\/portalm\u0142awa.pl\/index.php?rest_route=%2Fwp%2Fv2%2Fcategories&post=12134"},{"taxonomy":"post_tag","embeddable":true,"href":"http:\/\/portalm\u0142awa.pl\/index.php?rest_route=%2Fwp%2Fv2%2Ftags&post=12134"}],"curies":[{"name":"wp","href":"https:\/\/api.w.org\/{rel}","templated":true}]}}