{"id":12252,"date":"2025-12-10T10:23:41","date_gmt":"2025-12-10T09:23:41","guid":{"rendered":"http:\/\/portalm\u0142awa.pl\/?p=12252"},"modified":"2025-12-10T10:24:05","modified_gmt":"2025-12-10T09:24:05","slug":"mali-artysci-wielka-muzyka-koncert-swiateczny-psm-w-mlawie-rozgrzeje-grudniowy-wieczor","status":"publish","type":"post","link":"http:\/\/portalm\u0142awa.pl\/?p=12252","title":{"rendered":"Mali arty\u015bci, wielka muzyka \u2014 Koncert \u015bwi\u0105teczny PSM w M\u0142awie rozgrzeje grudniowy wiecz\u00f3r"},"content":{"rendered":"<p style=\"text-align: justify;\">Ju\u017c 19 grudnia o godz. 16:30 Sala Koncertowa Pa\u0144stwowej Szko\u0142y Muzycznej w M\u0142awie wype\u0142ni si\u0119 d\u017awi\u0119kami, kt\u00f3re przygotowuj\u0105 do \u015bwi\u0105tecznych dni. Na scenie wyst\u0105pi\u0105 uczniowie i nauczyciele PSM \u2014 program \u0142\u0105czy\u0107 b\u0119dzie klasyczne kol\u0119dy, kr\u00f3tkie miniatury instrumentalne oraz aran\u017cacje znanych temat\u00f3w, kt\u00f3re w nowych opracowaniach nabior\u0105 \u015bwie\u017co\u015bci i emocji.<\/p>\n<p style=\"text-align: justify;\">To wydarzenie ma wyj\u0105tkowy, mi\u0119dzypokoleniowy charakter: m\u0142odzi wykonawcy poka\u017c\u0105 efekty miesi\u0119cy pr\u00f3b, a pedagodzy podkre\u015bl\u0105 rol\u0119 pracy warsztatowej i pasji w edukacji muzycznej. Dla wielu uczni\u00f3w b\u0119dzie to pierwsze publiczne wyst\u0105pienie \u2014 moment, w kt\u00f3rym trening zamienia si\u0119 w przejmuj\u0105ce do\u015bwiadczenie sceniczne. Rodzice, dziadkowie i s\u0105siedzi z pewno\u015bci\u0105 doceni\u0105 odwag\u0119 i precyzj\u0119 m\u0142odych artyst\u00f3w.<\/p>\n<p style=\"text-align: justify;\">Koncerty szkolne to tak\u017ce miejsce spotka\u0144 \u2014 tutaj muzyka staje si\u0119 spoiwem lokalnej spo\u0142eczno\u015bci. W programie znajd\u0105 si\u0119 zar\u00f3wno kameralne duety i ma\u0142e zespo\u0142y, jak i solowe popisy, kt\u00f3re poka\u017c\u0105 r\u00f3\u017cnorodno\u015b\u0107 szkolnego repertuaru. Nauczyciele nie tylko prowadz\u0105 orkiestr\u0119 dydaktyczn\u0105, lecz tak\u017ce sami wyst\u0105pi\u0105, demonstruj\u0105c, \u017ce nauka muzyki to \u017cywa relacja mi\u0119dzy pokoleniami.<\/p>\n<p style=\"text-align: justify;\">Organizatorzy stawiaj\u0105 na ciep\u0142y, rodzinny klimat: wiecz\u00f3r ma przypomina\u0107 domowe \u015bwi\u0119towanie przy d\u017awi\u0119kach dobrze znanych melodii, ale podanych z artystycznym sznytem. To doskona\u0142a okazja, \u017ceby przed \u015bwi\u0119tami zatrzyma\u0107 si\u0119 na chwil\u0119 i ws\u0142ucha\u0107 w muzyk\u0119, kt\u00f3ra buduje nastr\u00f3j i jednocze\u015bnie celebruje wysi\u0142ek m\u0142odych ludzi.<\/p>\n<p style=\"text-align: justify;\">Koncert \u015bwi\u0105teczny PSM w M\u0142awie to nie tylko wyst\u0119p \u2014 to manifest lokalnej edukacji artystycznej, dow\u00f3d na to, \u017ce muzyka szkoli, \u0142\u0105czy i wzrusza. Przyjd\u017a, pos\u0142uchaj i wesprzyj m\u0142odych wykonawc\u00f3w \u2014 ich energia i talent to najlepszy prezent przed\u015bwi\u0105teczny.<\/p>\n<p style=\"text-align: justify;\">T.B<\/p>\n<p style=\"text-align: justify;\">KOMENTARZE<\/p>\n<p style=\"text-align: justify;\">Wydawca portalu nie ponosi odpowiedzialno\u015bci za tre\u015b\u0107 komentarzy zamieszczanych przez u\u017cytkownik\u00f3w. Osoby zamieszczaj\u0105ce wypowiedzi naruszaj\u0105ce prawo lub prawem chronione dobra os\u00f3b trzecich mog\u0105 ponie\u015b\u0107 z tego tytu\u0142u odpowiedzialno\u015b\u0107 karn\u0105 lub cywiln\u0105.JEDNOCZE\u015aNIE UZYTKOWNICY ZAMIESZCZAJ\u0104C KOMENTARZ OSWIADCZAJ\u0104, \u017bE BIOR\u0104 PE\u0141N\u0104 ODPOWIEDZIALNO\u015a\u0106 ZA TRE\u015aCI UMIESZCZONE PRZEZ SIEBIE<\/p>\n<div style=\"padding-bottom:20px; padding-top:10px;\" class=\"hupso-share-buttons\"><!-- Hupso Share Buttons - https:\/\/www.hupso.com\/share\/ --><a class=\"hupso_pop\" href=\"https:\/\/www.hupso.com\/share\/\"><img decoding=\"async\" data-src=\"http:\/\/static.hupso.com\/share\/buttons\/button100x23.png\" style=\"border:0px; width:100; height: 23; \" alt=\"Share Button\" src=\"data:image\/svg+xml;base64,PHN2ZyB3aWR0aD0iMSIgaGVpZ2h0PSIxIiB4bWxucz0iaHR0cDovL3d3dy53My5vcmcvMjAwMC9zdmciPjwvc3ZnPg==\" class=\"lazyload\" \/><\/a><script type=\"text\/javascript\">var hupso_services=new Array(\"Twitter\",\"Facebook\",\"Pinterest\",\"Linkedin\",\"Tumblr\",\"StumbleUpon\",\"Digg\",\"Reddit\",\"Bebo\",\"Delicious\",\"QZone\",\"Renren\",\"Email\");var hupso_icon_type = \"labels\";var hupso_background=\"#3BF8FF\";var hupso_border=\"#FF2B0A\";var hupso_image_folder_url = \"\";var hupso_url=\"\";var hupso_title=\"Mali%20arty%C5%9Bci%2C%20wielka%20muzyka%20%E2%80%94%20Koncert%20%C5%9Bwi%C4%85teczny%20PSM%20w%20M%C5%82awie%20rozgrzeje%20grudniowy%20wiecz%C3%B3r\";<\/script><script type=\"text\/javascript\" src=\"http:\/\/static.hupso.com\/share\/js\/share.js\"><\/script><!-- Hupso Share Buttons --><\/div>","protected":false},"excerpt":{"rendered":"<p>Ju\u017c 19 grudnia o godz. 16:30 Sala Koncertowa Pa\u0144stwowej Szko\u0142y Muzycznej w M\u0142awie wype\u0142ni si\u0119 d\u017awi\u0119kami, kt\u00f3re przygotowuj\u0105 do \u015bwi\u0105tecznych dni. Na scenie wyst\u0105pi\u0105 uczniowie i nauczyciele PSM \u2014 program&hellip; <\/p>\n<div style=\"padding-bottom:20px; padding-top:10px;\" class=\"hupso-share-buttons\"><!-- Hupso Share Buttons - https:\/\/www.hupso.com\/share\/ --><a class=\"hupso_pop\" href=\"https:\/\/www.hupso.com\/share\/\"><img data-src=\"http:\/\/static.hupso.com\/share\/buttons\/button100x23.png\" style=\"border:0px; width:100; height: 23; \" alt=\"Share Button\" src=\"data:image\/svg+xml;base64,PHN2ZyB3aWR0aD0iMSIgaGVpZ2h0PSIxIiB4bWxucz0iaHR0cDovL3d3dy53My5vcmcvMjAwMC9zdmciPjwvc3ZnPg==\" class=\"lazyload\" \/><\/a><script type=\"text\/javascript\">var hupso_services=new Array(\"Twitter\",\"Facebook\",\"Pinterest\",\"Linkedin\",\"Tumblr\",\"StumbleUpon\",\"Digg\",\"Reddit\",\"Bebo\",\"Delicious\",\"QZone\",\"Renren\",\"Email\");var hupso_icon_type = \"labels\";var hupso_background=\"#3BF8FF\";var hupso_border=\"#FF2B0A\";var hupso_image_folder_url = \"\";var hupso_url=\"\";var hupso_title=\"Mali%20arty%C5%9Bci%2C%20wielka%20muzyka%20%E2%80%94%20Koncert%20%C5%9Bwi%C4%85teczny%20PSM%20w%20M%C5%82awie%20rozgrzeje%20grudniowy%20wiecz%C3%B3r\";<\/script><script type=\"text\/javascript\" src=\"http:\/\/static.hupso.com\/share\/js\/share.js\"><\/script><!-- Hupso Share Buttons --><\/div>","protected":false},"author":1,"featured_media":12253,"comment_status":"open","ping_status":"open","sticky":false,"template":"","format":"standard","meta":{"_acf_changed":false,"wprm-recipe-roundup-name":"","wprm-recipe-roundup-description":"","footnotes":""},"categories":[19,3,28,696,6],"tags":[],"class_list":["post-12252","post","type-post","status-publish","format-standard","has-post-thumbnail","hentry","category-aktualnosci","category-kultura","category-wyd","category-zaproszenia","category-zapro-szenia"],"acf":[],"amp_enabled":true,"_links":{"self":[{"href":"http:\/\/portalm\u0142awa.pl\/index.php?rest_route=\/wp\/v2\/posts\/12252","targetHints":{"allow":["GET"]}}],"collection":[{"href":"http:\/\/portalm\u0142awa.pl\/index.php?rest_route=\/wp\/v2\/posts"}],"about":[{"href":"http:\/\/portalm\u0142awa.pl\/index.php?rest_route=\/wp\/v2\/types\/post"}],"author":[{"embeddable":true,"href":"http:\/\/portalm\u0142awa.pl\/index.php?rest_route=\/wp\/v2\/users\/1"}],"replies":[{"embeddable":true,"href":"http:\/\/portalm\u0142awa.pl\/index.php?rest_route=%2Fwp%2Fv2%2Fcomments&post=12252"}],"version-history":[{"count":1,"href":"http:\/\/portalm\u0142awa.pl\/index.php?rest_route=\/wp\/v2\/posts\/12252\/revisions"}],"predecessor-version":[{"id":12254,"href":"http:\/\/portalm\u0142awa.pl\/index.php?rest_route=\/wp\/v2\/posts\/12252\/revisions\/12254"}],"wp:featuredmedia":[{"embeddable":true,"href":"http:\/\/portalm\u0142awa.pl\/index.php?rest_route=\/wp\/v2\/media\/12253"}],"wp:attachment":[{"href":"http:\/\/portalm\u0142awa.pl\/index.php?rest_route=%2Fwp%2Fv2%2Fmedia&parent=12252"}],"wp:term":[{"taxonomy":"category","embeddable":true,"href":"http:\/\/portalm\u0142awa.pl\/index.php?rest_route=%2Fwp%2Fv2%2Fcategories&post=12252"},{"taxonomy":"post_tag","embeddable":true,"href":"http:\/\/portalm\u0142awa.pl\/index.php?rest_route=%2Fwp%2Fv2%2Ftags&post=12252"}],"curies":[{"name":"wp","href":"https:\/\/api.w.org\/{rel}","templated":true}]}}