{"id":12354,"date":"2025-12-16T17:32:52","date_gmt":"2025-12-16T16:32:52","guid":{"rendered":"http:\/\/portalm\u0142awa.pl\/?p=12354"},"modified":"2025-12-16T17:42:45","modified_gmt":"2025-12-16T16:42:45","slug":"magia-koled-ktora-laczy-pokolenia-wyjatkowy-wieczor-w-konopkach","status":"publish","type":"post","link":"http:\/\/portalm\u0142awa.pl\/?p=12354","title":{"rendered":"Magia kol\u0119d, kt\u00f3ra \u0142\u0105czy pokolenia. Wyj\u0105tkowy wiecz\u00f3r w Konopkach"},"content":{"rendered":"<h3 style=\"text-align: justify;\"><span style=\"font-size: 16px;\">S\u0105 takie wieczory w grudniu, kiedy czas na chwil\u0119 zwalnia, a d\u017awi\u0119ki znanych melodii potrafi\u0105 po\u0142\u0105czy\u0107 ludzi silniej ni\u017c s\u0142owa. Taki w\u0142a\u015bnie b\u0119dzie <\/span><strong style=\"font-size: 16px;\">Magiczny Wiecz\u00f3r Kol\u0119d Tradycyjnych<\/strong><span style=\"font-size: 16px;\">, na kt\u00f3ry mieszka\u0144cy regionu zaproszeni s\u0105 <\/span><strong style=\"font-size: 16px;\">w pi\u0105tek, 19 grudnia 2025 roku o godz. 18:00<\/strong><span style=\"font-size: 16px;\"> do <\/span><strong style=\"font-size: 16px;\">Gminny O\u015brodek Kultury w Konopkach<\/strong><span style=\"font-size: 16px;\">. Wst\u0119p wolny \u2013 bo to wydarzenie tworzone z my\u015bl\u0105 o wszystkich.<\/span><\/h3>\n<p style=\"text-align: justify;\">\u015awi\u0105teczna scenografia, delikatne \u015bwiat\u0142o, zimowe motywy i d\u017awi\u0119ki kol\u0119d unosz\u0105ce si\u0119 w powietrzu \u2013 wszystko to z\u0142o\u017cy si\u0119 na wiecz\u00f3r, kt\u00f3ry ma jeden cel: <strong>wsp\u00f3lne kol\u0119dowanie i budowanie \u015bwi\u0105tecznej wsp\u00f3lnoty<\/strong>. Organizatorzy zapraszaj\u0105 ca\u0142e rodziny \u2013 dzieci, m\u0142odzie\u017c i doros\u0142ych \u2013 by razem zanurzy\u0107 si\u0119 w atmosferze Bo\u017cego Narodzenia.<\/p>\n<h3 style=\"text-align: justify;\">Tradycja, emocje i lokalna duma<\/h3>\n<p style=\"text-align: justify;\">Na scenie pojawi\u0105 si\u0119 <strong>m\u0142odzi arty\u015bci ze szk\u00f3\u0142 podstawowych<\/strong>, zespo\u0142y dzia\u0142aj\u0105ce przy Gminnym O\u015brodku Kultury oraz <strong>Zesp\u00f3\u0142 D\u0105bkowiacy<\/strong>. To oni sprawi\u0105, \u017ce dobrze znane kol\u0119dy zabrzmi\u0105 \u015bwie\u017co, autentycznie i wzruszaj\u0105co. Nie b\u0119dzie tu dystansu mi\u0119dzy scen\u0105 a publiczno\u015bci\u0105 \u2013 b\u0119dzie za to wsp\u00f3lne \u015bpiewanie, u\u015bmiechy i emocje, kt\u00f3re zostaj\u0105 na d\u0142ugo po ostatnim d\u017awi\u0119ku.<\/p>\n<p style=\"text-align: justify;\">To wydarzenie pokazuje, jak ogromn\u0105 si\u0142\u0105 jest lokalna kultura. Bez wielkich fajerwerk\u00f3w, za to z sercem, pasj\u0105 i szacunkiem do tradycji, kt\u00f3ra od pokole\u0144 towarzyszy polskim \u015bwi\u0119tom.<\/p>\n<h3 style=\"text-align: justify;\">Wiecz\u00f3r, kt\u00f3ry wprowadza w \u015bwi\u0119ta<\/h3>\n<p style=\"text-align: justify;\"><strong>Magiczny Wiecz\u00f3r Kol\u0119d Tradycyjnych<\/strong> to co\u015b wi\u0119cej ni\u017c koncert. To zaproszenie do zatrzymania si\u0119 w przed\u015bwi\u0105tecznym biegu, do wsp\u00f3lnego prze\u017cywania i przypomnienia sobie, \u017ce Bo\u017ce Narodzenie zaczyna si\u0119 od blisko\u015bci \u2013 drugiego cz\u0142owieka, muzyki i wsp\u00f3lnego \u015bpiewu.<\/p>\n<p style=\"text-align: justify;\">\ud83d\udcc5 <strong>19 grudnia 2025 r. (pi\u0105tek)<\/strong><br \/>\n\ud83d\udd55 <strong>Godz. 18:00<\/strong><br \/>\n\ud83d\udccd <strong>Konopki \u2013 budynek GOK<\/strong><br \/>\n\ud83c\udf9f <strong>Wst\u0119p wolny<\/strong><\/p>\n<p style=\"text-align: justify;\">Je\u015bli szukacie wydarzenia, kt\u00f3re naprawd\u0119 <strong>wprowadzi Was w \u015bwi\u0105teczny nastr\u00f3j<\/strong> \u2013 tego wieczoru nie mo\u017ce Was zabrakn\u0105\u0107.<\/p>\n<p style=\"text-align: justify;\">T.B<\/p>\n<p style=\"box-sizing: border-box; margin-top: 0px; margin-bottom: 15px; color: #555555; font-family: Roboto, sans-serif; font-size: 15px; text-align: justify;\">KOMENTARZE<\/p>\n<p style=\"box-sizing: border-box; margin-top: 0px; margin-bottom: 15px; color: #555555; font-family: Roboto, sans-serif; font-size: 15px; text-align: justify;\">Wydawca portalu nie ponosi odpowiedzialno\u015bci za tre\u015b\u0107 komentarzy zamieszczanych przez u\u017cytkownik\u00f3w. Osoby zamieszczaj\u0105ce wypowiedzi naruszaj\u0105ce prawo lub prawem chronione dobra os\u00f3b trzecich mog\u0105 ponie\u015b\u0107 z tego tytu\u0142u odpowiedzialno\u015b\u0107 karn\u0105 lub cywiln\u0105.JEDNOCZE\u015aNIE UZYTKOWNICY ZAMIESZCZAJ\u0104C KOMENTARZ OSWIADCZAJ\u0104, \u017bE BIOR\u0104 PE\u0141N\u0104 ODPOWIEDZIALNO\u015a\u0106 ZA TRE\u015aCI UMIESZCZONE PRZEZ SIEBIE<\/p>\n<div style=\"padding-bottom:20px; padding-top:10px;\" class=\"hupso-share-buttons\"><!-- Hupso Share Buttons - https:\/\/www.hupso.com\/share\/ --><a class=\"hupso_pop\" href=\"https:\/\/www.hupso.com\/share\/\"><img decoding=\"async\" data-src=\"http:\/\/static.hupso.com\/share\/buttons\/button100x23.png\" style=\"border:0px; width:100; height: 23; \" alt=\"Share Button\" src=\"data:image\/svg+xml;base64,PHN2ZyB3aWR0aD0iMSIgaGVpZ2h0PSIxIiB4bWxucz0iaHR0cDovL3d3dy53My5vcmcvMjAwMC9zdmciPjwvc3ZnPg==\" class=\"lazyload\" \/><\/a><script type=\"text\/javascript\">var hupso_services=new Array(\"Twitter\",\"Facebook\",\"Pinterest\",\"Linkedin\",\"Tumblr\",\"StumbleUpon\",\"Digg\",\"Reddit\",\"Bebo\",\"Delicious\",\"QZone\",\"Renren\",\"Email\");var hupso_icon_type = \"labels\";var hupso_background=\"#3BF8FF\";var hupso_border=\"#FF2B0A\";var hupso_image_folder_url = \"\";var hupso_url=\"\";var hupso_title=\"Magia%20kol%C4%99d%2C%20kt%C3%B3ra%20%C5%82%C4%85czy%20pokolenia.%20Wyj%C4%85tkowy%20wiecz%C3%B3r%20w%20Konopkach\";<\/script><script type=\"text\/javascript\" src=\"http:\/\/static.hupso.com\/share\/js\/share.js\"><\/script><!-- Hupso Share Buttons --><\/div>","protected":false},"excerpt":{"rendered":"<p>S\u0105 takie wieczory w grudniu, kiedy czas na chwil\u0119 zwalnia, a d\u017awi\u0119ki znanych melodii potrafi\u0105 po\u0142\u0105czy\u0107 ludzi silniej ni\u017c s\u0142owa. Taki w\u0142a\u015bnie b\u0119dzie Magiczny Wiecz\u00f3r Kol\u0119d Tradycyjnych, na kt\u00f3ry mieszka\u0144cy&hellip; <\/p>\n<div style=\"padding-bottom:20px; padding-top:10px;\" class=\"hupso-share-buttons\"><!-- Hupso Share Buttons - https:\/\/www.hupso.com\/share\/ --><a class=\"hupso_pop\" href=\"https:\/\/www.hupso.com\/share\/\"><img data-src=\"http:\/\/static.hupso.com\/share\/buttons\/button100x23.png\" style=\"border:0px; width:100; height: 23; \" alt=\"Share Button\" src=\"data:image\/svg+xml;base64,PHN2ZyB3aWR0aD0iMSIgaGVpZ2h0PSIxIiB4bWxucz0iaHR0cDovL3d3dy53My5vcmcvMjAwMC9zdmciPjwvc3ZnPg==\" class=\"lazyload\" \/><\/a><script type=\"text\/javascript\">var hupso_services=new Array(\"Twitter\",\"Facebook\",\"Pinterest\",\"Linkedin\",\"Tumblr\",\"StumbleUpon\",\"Digg\",\"Reddit\",\"Bebo\",\"Delicious\",\"QZone\",\"Renren\",\"Email\");var hupso_icon_type = \"labels\";var hupso_background=\"#3BF8FF\";var hupso_border=\"#FF2B0A\";var hupso_image_folder_url = \"\";var hupso_url=\"\";var hupso_title=\"Magia%20kol%C4%99d%2C%20kt%C3%B3ra%20%C5%82%C4%85czy%20pokolenia.%20Wyj%C4%85tkowy%20wiecz%C3%B3r%20w%20Konopkach\";<\/script><script type=\"text\/javascript\" src=\"http:\/\/static.hupso.com\/share\/js\/share.js\"><\/script><!-- Hupso Share Buttons --><\/div>","protected":false},"author":1,"featured_media":12357,"comment_status":"open","ping_status":"open","sticky":false,"template":"","format":"standard","meta":{"_acf_changed":false,"wprm-recipe-roundup-name":"","wprm-recipe-roundup-description":"","footnotes":""},"categories":[19,3,506,28,6,696],"tags":[],"class_list":["post-12354","post","type-post","status-publish","format-standard","has-post-thumbnail","hentry","category-aktualnosci","category-kultura","category-pow","category-wyd","category-zapro-szenia","category-zaproszenia"],"acf":[],"amp_enabled":true,"_links":{"self":[{"href":"http:\/\/portalm\u0142awa.pl\/index.php?rest_route=\/wp\/v2\/posts\/12354","targetHints":{"allow":["GET"]}}],"collection":[{"href":"http:\/\/portalm\u0142awa.pl\/index.php?rest_route=\/wp\/v2\/posts"}],"about":[{"href":"http:\/\/portalm\u0142awa.pl\/index.php?rest_route=\/wp\/v2\/types\/post"}],"author":[{"embeddable":true,"href":"http:\/\/portalm\u0142awa.pl\/index.php?rest_route=\/wp\/v2\/users\/1"}],"replies":[{"embeddable":true,"href":"http:\/\/portalm\u0142awa.pl\/index.php?rest_route=%2Fwp%2Fv2%2Fcomments&post=12354"}],"version-history":[{"count":1,"href":"http:\/\/portalm\u0142awa.pl\/index.php?rest_route=\/wp\/v2\/posts\/12354\/revisions"}],"predecessor-version":[{"id":12356,"href":"http:\/\/portalm\u0142awa.pl\/index.php?rest_route=\/wp\/v2\/posts\/12354\/revisions\/12356"}],"wp:featuredmedia":[{"embeddable":true,"href":"http:\/\/portalm\u0142awa.pl\/index.php?rest_route=\/wp\/v2\/media\/12357"}],"wp:attachment":[{"href":"http:\/\/portalm\u0142awa.pl\/index.php?rest_route=%2Fwp%2Fv2%2Fmedia&parent=12354"}],"wp:term":[{"taxonomy":"category","embeddable":true,"href":"http:\/\/portalm\u0142awa.pl\/index.php?rest_route=%2Fwp%2Fv2%2Fcategories&post=12354"},{"taxonomy":"post_tag","embeddable":true,"href":"http:\/\/portalm\u0142awa.pl\/index.php?rest_route=%2Fwp%2Fv2%2Ftags&post=12354"}],"curies":[{"name":"wp","href":"https:\/\/api.w.org\/{rel}","templated":true}]}}