{"id":12490,"date":"2025-12-27T11:50:43","date_gmt":"2025-12-27T10:50:43","guid":{"rendered":"http:\/\/portalm\u0142awa.pl\/?p=12490"},"modified":"2025-12-27T11:53:02","modified_gmt":"2025-12-27T10:53:02","slug":"kultura-ktora-sie-oplaca-mlawa-uruchamia-kulkarte-chodzisz-na-wydarzenia-zbierasz-pieczatki-i-wygrywasz","status":"publish","type":"post","link":"http:\/\/portalm\u0142awa.pl\/?p=12490","title":{"rendered":"Kultura, kt\u00f3ra si\u0119 op\u0142aca. M\u0142awa uruchamia KULkart\u0119 \u2013 chodzisz na wydarzenia, zbierasz piecz\u0105tki i\u2026 wygrywasz"},"content":{"rendered":"<p style=\"text-align: justify;\">W czasach, gdy kultura cz\u0119sto przegrywa z ekranem telefonu, Miejski Dom Kultury w M\u0142awie wykonuje ruch odwa\u017cny i m\u0105dry jednocze\u015bnie. Od 1 stycznia 2026 roku rusza akcja promocyjna KULkarta \u2013 inicjatywa, kt\u00f3ra nie tylko zach\u0119ca do uczestnictwa w wydarzeniach kulturalnych, ale realnie nagradza aktywnych odbiorc\u00f3w kultury.<\/p>\n<p style=\"text-align: justify;\">To nie jest kolejna ulotka, konkurs czy jednorazowa promocja. To d\u0142ugofalowy system lojalno\u015bciowy dla mieszka\u0144c\u00f3w, kt\u00f3rzy chc\u0105 by\u0107 blisko muzyki, filmu, teatru i sztuki.<\/p>\n<p style=\"text-align: justify;\"><strong>KULkarta \u2013 prosta idea, realna korzy\u015b\u0107<\/strong><\/p>\n<p style=\"text-align: justify;\">Zasada dzia\u0142ania KULkarty jest banalnie prosta, a jednocze\u015bnie skuteczna. Ka\u017cda osoba, kt\u00f3ra we\u017amie udzia\u0142 w wydarzeniu organizowanym w budynku Miejskiego Domu Kultury w M\u0142awie, otrzymuje jedn\u0105 piecz\u0105tk\u0119 na imiennej karcie.<\/p>\n<p style=\"text-align: justify;\">Piecz\u0105tki zbierasz za:<\/p>\n<p style=\"text-align: justify;\">&#8211; koncerty<\/p>\n<p style=\"text-align: justify;\">&#8211; seanse filmowe<\/p>\n<p style=\"text-align: justify;\">&#8211; spektakle teatralne<\/p>\n<p style=\"text-align: justify;\">&#8211; stand-up<\/p>\n<p style=\"text-align: justify;\">&#8211; wystawy<\/p>\n<p style=\"text-align: justify;\">&#8211; koncerty filharmonii<\/p>\n<p style=\"text-align: justify;\">&#8211; wieczory autorskie<\/p>\n<p style=\"text-align: justify;\">Jedno wydarzenie = jedna piecz\u0105tka. Bez losowa\u0144, bez haczyk\u00f3w, bez zb\u0119dnych formalno\u015bci.<\/p>\n<p style=\"text-align: justify;\">\ud83c\udfac 20 piecz\u0105tek = darmowe kino<\/p>\n<p style=\"text-align: justify;\">Po uzbieraniu 20 piecz\u0105tek KULkarta zamienia si\u0119 w konkretn\u0105 nagrod\u0119 \u2013<\/p>\n<p style=\"text-align: justify;\">\ud83c\udf9f wej\u015bci\u00f3wk\u0119 do Kina Kosmos w M\u0142awie o warto\u015bci 20 z\u0142.<\/p>\n<p style=\"text-align: justify;\">To jasny sygna\u0142: kultura si\u0119 op\u0142aca, a regularne uczestnictwo w wydarzeniach nie pozostaje bez odpowiedzi.<\/p>\n<p style=\"text-align: justify;\">\u00a0<strong>Jak do\u0142\u0105czy\u0107? Ka\u017cdy mo\u017ce<\/strong><\/p>\n<p style=\"text-align: justify;\"><strong>Udzia\u0142 w akcji jest ca\u0142kowicie dobrowolny i bezp\u0142atny.<\/strong><\/p>\n<p style=\"text-align: justify;\">Wystarczy:<\/p>\n<p style=\"text-align: justify;\">&#8211; Odebra\u0107 imienn\u0105 KULkart\u0119 w siedzibie MDK M\u0142awa<\/p>\n<p style=\"text-align: justify;\">&#8211; Przychodzi\u0107 na wydarzenia<\/p>\n<p style=\"text-align: justify;\">&#8211; Zbiera\u0107 piecz\u0105tki<\/p>\n<p style=\"text-align: justify;\"><strong>Wa\u017cne<\/strong>: karta jest imienna i nie podlega przekazywaniu, co podkre\u015bla uczciwy i transparentny charakter akcji.<\/p>\n<p style=\"text-align: justify;\">\u00a0<strong>Rok kultury \u2013 ca\u0142y 2026 rok pod znakiem KULkarty<\/strong><\/p>\n<p style=\"text-align: justify;\">Akcja trwa od 1 stycznia do 31 grudnia 2026 roku, a wi\u0119c obejmuje pe\u0142ny sezon kulturalny. To wystarczaj\u0105co du\u017co czasu, by:<\/p>\n<p style=\"text-align: justify;\">odkry\u0107 nowe formy kultury<\/p>\n<p style=\"text-align: justify;\">wr\u00f3ci\u0107 do kina i teatru<\/p>\n<p style=\"text-align: justify;\">regularnie bywa\u0107 w MDK<\/p>\n<p style=\"text-align: justify;\">i przy okazji\u2026 zgarn\u0105\u0107 nagrod\u0119<\/p>\n<p style=\"text-align: justify;\">\u00a0<strong>MDK wysy\u0142a jasny sygna\u0142: kultura to wsp\u00f3lnota<\/strong><\/p>\n<p style=\"text-align: justify;\">KULkarta to co\u015b wi\u0119cej ni\u017c promocja. To zaproszenie do bycia cz\u0119\u015bci\u0105 \u017cycia kulturalnego M\u0142awy, budowania nawyku uczestnictwa i pokazania, \u017ce kultura lokalna ma realn\u0105 warto\u015b\u0107 \u2013 tak\u017ce dla mieszka\u0144ca.<\/p>\n<p style=\"text-align: justify;\">Szczeg\u00f3\u0142owy regulamin akcji dost\u0119pny jest na stronie: www.mdkmlawa.com<\/p>\n<p style=\"text-align: justify;\"><strong>Do\u0142\u0105cz. Zbieraj. Korzystaj.<\/strong><\/p>\n<p style=\"text-align: justify;\">Bo w M\u0142awie kultura naprawd\u0119 si\u0119 liczy.<\/p>\n<p style=\"text-align: justify;\">T.B<\/p>\n<p style=\"box-sizing: border-box; margin-top: 0px; margin-bottom: 15px; color: #555555; font-family: Roboto, sans-serif; font-size: 15px; text-align: justify;\">KOMENTARZE<\/p>\n<p style=\"box-sizing: border-box; margin-top: 0px; margin-bottom: 15px; color: #555555; font-family: Roboto, sans-serif; font-size: 15px; text-align: justify;\">Wydawca portalu nie ponosi odpowiedzialno\u015bci za tre\u015b\u0107 komentarzy zamieszczanych przez u\u017cytkownik\u00f3w. Osoby zamieszczaj\u0105ce wypowiedzi naruszaj\u0105ce prawo lub prawem chronione dobra os\u00f3b trzecich mog\u0105 ponie\u015b\u0107 z tego tytu\u0142u odpowiedzialno\u015b\u0107 karn\u0105 lub cywiln\u0105.JEDNOCZE\u015aNIE UZYTKOWNICY ZAMIESZCZAJ\u0104C KOMENTARZ OSWIADCZAJ\u0104, \u017bE BIOR\u0104 PE\u0141N\u0104 ODPOWIEDZIALNO\u015a\u0106 ZA TRE\u015aCI UMIESZCZONE PRZEZ SIEBIE<\/p>\n<div style=\"padding-bottom:20px; padding-top:10px;\" class=\"hupso-share-buttons\"><!-- Hupso Share Buttons - https:\/\/www.hupso.com\/share\/ --><a class=\"hupso_pop\" href=\"https:\/\/www.hupso.com\/share\/\"><img decoding=\"async\" data-src=\"http:\/\/static.hupso.com\/share\/buttons\/button100x23.png\" style=\"border:0px; width:100; height: 23; \" alt=\"Share Button\" src=\"data:image\/svg+xml;base64,PHN2ZyB3aWR0aD0iMSIgaGVpZ2h0PSIxIiB4bWxucz0iaHR0cDovL3d3dy53My5vcmcvMjAwMC9zdmciPjwvc3ZnPg==\" class=\"lazyload\" \/><\/a><script type=\"text\/javascript\">var hupso_services=new Array(\"Twitter\",\"Facebook\",\"Pinterest\",\"Linkedin\",\"Tumblr\",\"StumbleUpon\",\"Digg\",\"Reddit\",\"Bebo\",\"Delicious\",\"QZone\",\"Renren\",\"Email\");var hupso_icon_type = \"labels\";var hupso_background=\"#3BF8FF\";var hupso_border=\"#FF2B0A\";var hupso_image_folder_url = \"\";var hupso_url=\"\";var hupso_title=\"Kultura%2C%20kt%C3%B3ra%20si%C4%99%20op%C5%82aca.%20M%C5%82awa%20uruchamia%20KULkart%C4%99%20%E2%80%93%20chodzisz%20na%20wydarzenia%2C%20zbierasz%20piecz%C4%85tki%20i%E2%80%A6%20wygrywasz\";<\/script><script type=\"text\/javascript\" src=\"http:\/\/static.hupso.com\/share\/js\/share.js\"><\/script><!-- Hupso Share Buttons --><\/div>","protected":false},"excerpt":{"rendered":"<p>W czasach, gdy kultura cz\u0119sto przegrywa z ekranem telefonu, Miejski Dom Kultury w M\u0142awie wykonuje ruch odwa\u017cny i m\u0105dry jednocze\u015bnie. Od 1 stycznia 2026 roku rusza akcja promocyjna KULkarta \u2013&hellip; <\/p>\n<div style=\"padding-bottom:20px; padding-top:10px;\" class=\"hupso-share-buttons\"><!-- Hupso Share Buttons - https:\/\/www.hupso.com\/share\/ --><a class=\"hupso_pop\" href=\"https:\/\/www.hupso.com\/share\/\"><img data-src=\"http:\/\/static.hupso.com\/share\/buttons\/button100x23.png\" style=\"border:0px; width:100; height: 23; \" alt=\"Share Button\" src=\"data:image\/svg+xml;base64,PHN2ZyB3aWR0aD0iMSIgaGVpZ2h0PSIxIiB4bWxucz0iaHR0cDovL3d3dy53My5vcmcvMjAwMC9zdmciPjwvc3ZnPg==\" class=\"lazyload\" \/><\/a><script type=\"text\/javascript\">var hupso_services=new Array(\"Twitter\",\"Facebook\",\"Pinterest\",\"Linkedin\",\"Tumblr\",\"StumbleUpon\",\"Digg\",\"Reddit\",\"Bebo\",\"Delicious\",\"QZone\",\"Renren\",\"Email\");var hupso_icon_type = \"labels\";var hupso_background=\"#3BF8FF\";var hupso_border=\"#FF2B0A\";var hupso_image_folder_url = \"\";var hupso_url=\"\";var hupso_title=\"Kultura%2C%20kt%C3%B3ra%20si%C4%99%20op%C5%82aca.%20M%C5%82awa%20uruchamia%20KULkart%C4%99%20%E2%80%93%20chodzisz%20na%20wydarzenia%2C%20zbierasz%20piecz%C4%85tki%20i%E2%80%A6%20wygrywasz\";<\/script><script type=\"text\/javascript\" src=\"http:\/\/static.hupso.com\/share\/js\/share.js\"><\/script><!-- Hupso Share Buttons --><\/div>","protected":false},"author":1,"featured_media":12491,"comment_status":"open","ping_status":"open","sticky":false,"template":"","format":"standard","meta":{"_acf_changed":false,"wprm-recipe-roundup-name":"","wprm-recipe-roundup-description":"","footnotes":""},"categories":[19,3,28],"tags":[],"class_list":["post-12490","post","type-post","status-publish","format-standard","has-post-thumbnail","hentry","category-aktualnosci","category-kultura","category-wyd"],"acf":[],"amp_enabled":true,"_links":{"self":[{"href":"http:\/\/portalm\u0142awa.pl\/index.php?rest_route=\/wp\/v2\/posts\/12490","targetHints":{"allow":["GET"]}}],"collection":[{"href":"http:\/\/portalm\u0142awa.pl\/index.php?rest_route=\/wp\/v2\/posts"}],"about":[{"href":"http:\/\/portalm\u0142awa.pl\/index.php?rest_route=\/wp\/v2\/types\/post"}],"author":[{"embeddable":true,"href":"http:\/\/portalm\u0142awa.pl\/index.php?rest_route=\/wp\/v2\/users\/1"}],"replies":[{"embeddable":true,"href":"http:\/\/portalm\u0142awa.pl\/index.php?rest_route=%2Fwp%2Fv2%2Fcomments&post=12490"}],"version-history":[{"count":1,"href":"http:\/\/portalm\u0142awa.pl\/index.php?rest_route=\/wp\/v2\/posts\/12490\/revisions"}],"predecessor-version":[{"id":12492,"href":"http:\/\/portalm\u0142awa.pl\/index.php?rest_route=\/wp\/v2\/posts\/12490\/revisions\/12492"}],"wp:featuredmedia":[{"embeddable":true,"href":"http:\/\/portalm\u0142awa.pl\/index.php?rest_route=\/wp\/v2\/media\/12491"}],"wp:attachment":[{"href":"http:\/\/portalm\u0142awa.pl\/index.php?rest_route=%2Fwp%2Fv2%2Fmedia&parent=12490"}],"wp:term":[{"taxonomy":"category","embeddable":true,"href":"http:\/\/portalm\u0142awa.pl\/index.php?rest_route=%2Fwp%2Fv2%2Fcategories&post=12490"},{"taxonomy":"post_tag","embeddable":true,"href":"http:\/\/portalm\u0142awa.pl\/index.php?rest_route=%2Fwp%2Fv2%2Ftags&post=12490"}],"curies":[{"name":"wp","href":"https:\/\/api.w.org\/{rel}","templated":true}]}}