{"id":12528,"date":"2025-12-30T13:03:23","date_gmt":"2025-12-30T12:03:23","guid":{"rendered":"http:\/\/portalm\u0142awa.pl\/?p=12528"},"modified":"2025-12-30T13:03:23","modified_gmt":"2025-12-30T12:03:23","slug":"tragiczny-wypadek-na-drodze-wojnowka-podkrajewo","status":"publish","type":"post","link":"http:\/\/portalm\u0142awa.pl\/?p=12528","title":{"rendered":"Tragiczny wypadek na drodze Wojn\u00f3wka\u2013Podkrajewo"},"content":{"rendered":"<p style=\"font-size: 12px; font-family: Arial, Helvetica, sans-serif; word-spacing: 1.92px; text-align: justify;\"><strong style=\"font-size: 13.2px; text-align: left; word-spacing: 1.92px;\">W wypadku, w kt\u00f3rym zgin\u0119\u0142a 65\u2011letnia kieruj\u0105ca Hyundaiem. Na \u015bliskiej nawierzchni straci\u0142a panowanie nad pojazdem i uderzy\u0142a w drzewo. Policjanci z M\u0142awy wyja\u015bniaj\u0105 okoliczno\u015bci zdarzenia i apeluj\u0105 o ostro\u017cno\u015b\u0107 na zimowych drogach.<\/strong><\/p>\n<p style=\"font-size: 12px; font-family: Arial, Helvetica, sans-serif; word-spacing: 1.92px; text-align: justify;\">Wczoraj (29 grudnia 2025 r.) oko\u0142o godziny 13:30 na drodze relacji Wojn\u00f3wka\u2013Podkrajewo dosz\u0142o do tragicznego wypadku. Na \u0142uku drogi kieruj\u0105ca samochodem marki Hyundai, 65-letnia mieszkanka powiatu m\u0142awskiego, najprawdopodobniej straci\u0142a panowanie nad pojazdem. Auto wypad\u0142o z jezdni i uderzy\u0142o w przydro\u017cne drzewo.<\/p>\n<p dir=\"auto\" style=\"font-size: 12px; font-family: Arial, Helvetica, sans-serif; word-spacing: 1.92px; text-align: justify;\">W wyniku odniesionych obra\u017ce\u0144 kobieta ponios\u0142a \u015bmier\u0107 na miejscu. W chwili zdarzenia nawierzchnia by\u0142a \u015bliska, co mog\u0142o mie\u0107 wp\u0142yw na przebieg wypadku. Okoliczno\u015bci tragedii wyja\u015bnia\u0107 b\u0119d\u0105 policjanci z Komedy Powiatowej Policji w M\u0142awie.<\/p>\n<p dir=\"auto\" style=\"font-size: 12px; font-family: Arial, Helvetica, sans-serif; word-spacing: 1.92px; text-align: justify;\">Apelujemy do kierowc\u00f3w o zachowanie szczeg\u00f3lnej ostro\u017cno\u015bci, zw\u0142aszcza w okresie zimowym. \u015aliska nawierzchnia, zmienne warunki pogodowe oraz ograniczona przyczepno\u015b\u0107 wymagaj\u0105 dostosowania pr\u0119dko\u015bci do warunk\u00f3w panuj\u0105cych na drodze. Przypominamy\u00a0tak\u017ce o konieczno\u015bci zachowania bezpiecznej odleg\u0142o\u015bci, unikania gwa\u0142townych manewr\u00f3w oraz dbania o odpowiedni stan techniczny pojazd\u00f3w, w tym ogumienia. Ostro\u017cna i odpowiedzialna jazda mo\u017ce zapobiec kolejnym tragediom.<\/p>\n<p style=\"font-size: 12px; font-family: Arial, Helvetica, sans-serif; word-spacing: 1.92px; text-align: justify;\">m\u0142. asp. Aleksandra Bardo\u0144ska\/KPP M\u0142awa<\/p>\n<p style=\"box-sizing: border-box; margin-top: 0px; margin-bottom: 15px; color: #555555; font-family: Roboto, sans-serif; font-size: 15px;\">KOMENTARZE<\/p>\n<p style=\"box-sizing: border-box; margin-top: 0px; margin-bottom: 15px; color: #555555; font-family: Roboto, sans-serif; font-size: 15px;\">Wydawca portalu nie ponosi odpowiedzialno\u015bci za tre\u015b\u0107 komentarzy zamieszczanych przez u\u017cytkownik\u00f3w. Osoby zamieszczaj\u0105ce wypowiedzi naruszaj\u0105ce prawo lub prawem chronione dobra os\u00f3b trzecich mog\u0105 ponie\u015b\u0107 z tego tytu\u0142u odpowiedzialno\u015b\u0107 karn\u0105 lub cywiln\u0105.JEDNOCZE\u015aNIE UZYTKOWNICY ZAMIESZCZAJ\u0104C KOMENTARZ OSWIADCZAJ\u0104, \u017bE BIOR\u0104 PE\u0141N\u0104 ODPOWIEDZIALNO\u015a\u0106 ZA TRE\u015aCI UMIESZCZONE PRZEZ SIEBIE<\/p>\n<p style=\"font-size: 12px; font-family: Arial, Helvetica, sans-serif; word-spacing: 1.92px; text-align: justify;\">\n<div style=\"padding-bottom:20px; padding-top:10px;\" class=\"hupso-share-buttons\"><!-- Hupso Share Buttons - https:\/\/www.hupso.com\/share\/ --><a class=\"hupso_pop\" href=\"https:\/\/www.hupso.com\/share\/\"><img decoding=\"async\" data-src=\"http:\/\/static.hupso.com\/share\/buttons\/button100x23.png\" style=\"border:0px; width:100; height: 23; \" alt=\"Share Button\" src=\"data:image\/svg+xml;base64,PHN2ZyB3aWR0aD0iMSIgaGVpZ2h0PSIxIiB4bWxucz0iaHR0cDovL3d3dy53My5vcmcvMjAwMC9zdmciPjwvc3ZnPg==\" class=\"lazyload\" \/><\/a><script type=\"text\/javascript\">var hupso_services=new Array(\"Twitter\",\"Facebook\",\"Pinterest\",\"Linkedin\",\"Tumblr\",\"StumbleUpon\",\"Digg\",\"Reddit\",\"Bebo\",\"Delicious\",\"QZone\",\"Renren\",\"Email\");var hupso_icon_type = \"labels\";var hupso_background=\"#3BF8FF\";var hupso_border=\"#FF2B0A\";var hupso_image_folder_url = \"\";var hupso_url=\"\";var hupso_title=\"Tragiczny%20wypadek%20na%20drodze%20Wojn%C3%B3wka%E2%80%93Podkrajewo\";<\/script><script type=\"text\/javascript\" src=\"http:\/\/static.hupso.com\/share\/js\/share.js\"><\/script><!-- Hupso Share Buttons --><\/div>","protected":false},"excerpt":{"rendered":"<p>W wypadku, w kt\u00f3rym zgin\u0119\u0142a 65\u2011letnia kieruj\u0105ca Hyundaiem. Na \u015bliskiej nawierzchni straci\u0142a panowanie nad pojazdem i uderzy\u0142a w drzewo. Policjanci z M\u0142awy wyja\u015bniaj\u0105 okoliczno\u015bci zdarzenia i apeluj\u0105 o ostro\u017cno\u015b\u0107 na&hellip; <\/p>\n<div style=\"padding-bottom:20px; padding-top:10px;\" class=\"hupso-share-buttons\"><!-- Hupso Share Buttons - https:\/\/www.hupso.com\/share\/ --><a class=\"hupso_pop\" href=\"https:\/\/www.hupso.com\/share\/\"><img data-src=\"http:\/\/static.hupso.com\/share\/buttons\/button100x23.png\" style=\"border:0px; width:100; height: 23; \" alt=\"Share Button\" src=\"data:image\/svg+xml;base64,PHN2ZyB3aWR0aD0iMSIgaGVpZ2h0PSIxIiB4bWxucz0iaHR0cDovL3d3dy53My5vcmcvMjAwMC9zdmciPjwvc3ZnPg==\" class=\"lazyload\" \/><\/a><script type=\"text\/javascript\">var hupso_services=new Array(\"Twitter\",\"Facebook\",\"Pinterest\",\"Linkedin\",\"Tumblr\",\"StumbleUpon\",\"Digg\",\"Reddit\",\"Bebo\",\"Delicious\",\"QZone\",\"Renren\",\"Email\");var hupso_icon_type = \"labels\";var hupso_background=\"#3BF8FF\";var hupso_border=\"#FF2B0A\";var hupso_image_folder_url = \"\";var hupso_url=\"\";var hupso_title=\"Tragiczny%20wypadek%20na%20drodze%20Wojn%C3%B3wka%E2%80%93Podkrajewo\";<\/script><script type=\"text\/javascript\" src=\"http:\/\/static.hupso.com\/share\/js\/share.js\"><\/script><!-- Hupso Share Buttons --><\/div>","protected":false},"author":1,"featured_media":12529,"comment_status":"open","ping_status":"open","sticky":false,"template":"","format":"standard","meta":{"_acf_changed":false,"wprm-recipe-roundup-name":"","wprm-recipe-roundup-description":"","footnotes":""},"categories":[19,5,28],"tags":[],"class_list":["post-12528","post","type-post","status-publish","format-standard","has-post-thumbnail","hentry","category-aktualnosci","category-na-sygnale","category-wyd"],"acf":[],"amp_enabled":true,"_links":{"self":[{"href":"http:\/\/portalm\u0142awa.pl\/index.php?rest_route=\/wp\/v2\/posts\/12528","targetHints":{"allow":["GET"]}}],"collection":[{"href":"http:\/\/portalm\u0142awa.pl\/index.php?rest_route=\/wp\/v2\/posts"}],"about":[{"href":"http:\/\/portalm\u0142awa.pl\/index.php?rest_route=\/wp\/v2\/types\/post"}],"author":[{"embeddable":true,"href":"http:\/\/portalm\u0142awa.pl\/index.php?rest_route=\/wp\/v2\/users\/1"}],"replies":[{"embeddable":true,"href":"http:\/\/portalm\u0142awa.pl\/index.php?rest_route=%2Fwp%2Fv2%2Fcomments&post=12528"}],"version-history":[{"count":1,"href":"http:\/\/portalm\u0142awa.pl\/index.php?rest_route=\/wp\/v2\/posts\/12528\/revisions"}],"predecessor-version":[{"id":12530,"href":"http:\/\/portalm\u0142awa.pl\/index.php?rest_route=\/wp\/v2\/posts\/12528\/revisions\/12530"}],"wp:featuredmedia":[{"embeddable":true,"href":"http:\/\/portalm\u0142awa.pl\/index.php?rest_route=\/wp\/v2\/media\/12529"}],"wp:attachment":[{"href":"http:\/\/portalm\u0142awa.pl\/index.php?rest_route=%2Fwp%2Fv2%2Fmedia&parent=12528"}],"wp:term":[{"taxonomy":"category","embeddable":true,"href":"http:\/\/portalm\u0142awa.pl\/index.php?rest_route=%2Fwp%2Fv2%2Fcategories&post=12528"},{"taxonomy":"post_tag","embeddable":true,"href":"http:\/\/portalm\u0142awa.pl\/index.php?rest_route=%2Fwp%2Fv2%2Ftags&post=12528"}],"curies":[{"name":"wp","href":"https:\/\/api.w.org\/{rel}","templated":true}]}}