{"id":12536,"date":"2025-12-31T09:48:51","date_gmt":"2025-12-31T08:48:51","guid":{"rendered":"http:\/\/portalm\u0142awa.pl\/?p=12536"},"modified":"2025-12-31T09:51:05","modified_gmt":"2025-12-31T08:51:05","slug":"12536","status":"publish","type":"post","link":"http:\/\/portalm\u0142awa.pl\/?p=12536","title":{"rendered":"57 centymetr\u00f3w \u015bniegu. Jedna noc, jeden komunikat i lawina emocji."},"content":{"rendered":"<p style=\"text-align: justify;\"><span style=\"color: #22242d; font-family: system-ui, -apple-system, BlinkMacSystemFont, 'Segoe UI', Roboto, 'Noto Sans', Ubuntu, Cantarell, 'Helvetica Neue', sans-serif, 'Apple Color Emoji', 'Segoe UI Emoji', 'Segoe UI Symbol', 'Noto Color Emoji'; font-size: 17.6px; letter-spacing: -0.0176px;\">\u015anieg parali\u017cuje wiele polskich miast. W M\u0142awie spad\u0142o a\u017c 57 cm bia\u0142ego puchu. Urz\u0105d Miejski wyda\u0142 komunikat do mieszka\u0144c\u00f3w, w kt\u00f3rym prosi o &#8220;ograniczenie wyjazd\u00f3w do niezb\u0119dnego minimum&#8221;. Internauci od razu odpowiedzieli.<\/span><\/p>\n<p style=\"text-align: justify;\"><span style=\"color: #22242d; font-family: system-ui, -apple-system, BlinkMacSystemFont, 'Segoe UI', Roboto, 'Noto Sans', Ubuntu, Cantarell, 'Helvetica Neue', sans-serif, 'Apple Color Emoji', 'Segoe UI Emoji', 'Segoe UI Symbol', 'Noto Color Emoji'; font-size: 17.6px; letter-spacing: -0.016px;\">Instytut Meteorologii i Gospodarki Wodnej wskazuje, \u017ce na p\u00f3\u0142nocnym wschodzie kraju panuje najtrudniejsza sytuacja po opadach \u015bniegu. W nocy nieprzejezdna by\u0142a nawet trasa S7. Na wiele godzin ugrz\u0119z\u0142y samochody, a policja i s\u0142u\u017cby porz\u0105dkowe usilnie stara\u0142y si\u0119 udro\u017cni\u0107 tras\u0119.<\/span><\/p>\n<p style=\"text-align: justify;\"><span style=\"color: #22242d; font-family: system-ui, -apple-system, BlinkMacSystemFont, 'Segoe UI', Roboto, 'Noto Sans', Ubuntu, Cantarell, 'Helvetica Neue', sans-serif, 'Apple Color Emoji', 'Segoe UI Emoji', 'Segoe UI Symbol', 'Noto Color Emoji'; font-size: 17.6px; letter-spacing: -0.016px;\">Najci\u0119\u017cej ma by\u0107 w\u00a0powiatach: lidzbarskim, olszty\u0144skim, nidzickim, dzia\u0142dowskim oraz m\u0142awskim.\u00a0<\/span><span style=\"box-sizing: border-box; --tw-border-spacing-x: 0; --tw-border-spacing-y: 0; --tw-translate-x: 0; --tw-translate-y: 0; --tw-rotate: 0; --tw-skew-x: 0; --tw-skew-y: 0; --tw-scale-x: 1; --tw-scale-y: 1; --tw-scroll-snap-strictness: proximity; --tw-ring-offset-width: 0px; --tw-ring-offset-color: #fff; --tw-ring-color: rgba(59,130,246,.5); --tw-ring-offset-shadow: 0 0 #0000; --tw-ring-shadow: 0 0 #0000; --tw-shadow: 0 0 #0000; --tw-shadow-colored: 0 0 #0000; border: 0px; font-variant-numeric: inherit; font-variant-east-asian: inherit; font-variant-alternates: inherit; font-variant-position: inherit; font-variant-emoji: inherit; font-weight: bold; font-stretch: inherit; font-size: 17.6px; line-height: inherit; font-family: system-ui, -apple-system, BlinkMacSystemFont, 'Segoe UI', Roboto, 'Noto Sans', Ubuntu, Cantarell, 'Helvetica Neue', sans-serif, 'Apple Color Emoji', 'Segoe UI Emoji', 'Segoe UI Symbol', 'Noto Color Emoji'; font-optical-sizing: inherit; font-size-adjust: inherit; font-kerning: inherit; font-feature-settings: inherit; font-variation-settings: inherit; margin: 0px; padding: 0px; vertical-align: baseline; color: #22242d; letter-spacing: -0.016px;\">To tu spad\u0142o od 40 do 65 cm \u015bniegu.<\/span><\/p>\n<p style=\"text-align: justify;\"><span style=\"color: #22242d; font-family: system-ui, -apple-system, BlinkMacSystemFont, 'Segoe UI', Roboto, 'Noto Sans', Ubuntu, Cantarell, 'Helvetica Neue', sans-serif, 'Apple Color Emoji', 'Segoe UI Emoji', 'Segoe UI Symbol', 'Noto Color Emoji'; font-size: 17.6px; letter-spacing: -0.016px;\">Jak wynika z\u00a0danych stacji synoptycznych,<\/span><span style=\"box-sizing: border-box; --tw-border-spacing-x: 0; --tw-border-spacing-y: 0; --tw-translate-x: 0; --tw-translate-y: 0; --tw-rotate: 0; --tw-skew-x: 0; --tw-skew-y: 0; --tw-scale-x: 1; --tw-scale-y: 1; --tw-scroll-snap-strictness: proximity; --tw-ring-offset-width: 0px; --tw-ring-offset-color: #fff; --tw-ring-color: rgba(59,130,246,.5); --tw-ring-offset-shadow: 0 0 #0000; --tw-ring-shadow: 0 0 #0000; --tw-shadow: 0 0 #0000; --tw-shadow-colored: 0 0 #0000; border: 0px; font-variant-numeric: inherit; font-variant-east-asian: inherit; font-variant-alternates: inherit; font-variant-position: inherit; font-variant-emoji: inherit; font-weight: bold; font-stretch: inherit; font-size: 17.6px; line-height: inherit; font-family: system-ui, -apple-system, BlinkMacSystemFont, 'Segoe UI', Roboto, 'Noto Sans', Ubuntu, Cantarell, 'Helvetica Neue', sans-serif, 'Apple Color Emoji', 'Segoe UI Emoji', 'Segoe UI Symbol', 'Noto Color Emoji'; font-optical-sizing: inherit; font-size-adjust: inherit; font-kerning: inherit; font-feature-settings: inherit; font-variation-settings: inherit; margin: 0px; padding: 0px; vertical-align: baseline; color: #22242d; letter-spacing: -0.016px;\">\u00a0w\u00a0M\u0142awie zanotowano a\u017c 57 cm \u015bniegu.<\/span><span style=\"color: #22242d; font-family: system-ui, -apple-system, BlinkMacSystemFont, 'Segoe UI', Roboto, 'Noto Sans', Ubuntu, Cantarell, 'Helvetica Neue', sans-serif, 'Apple Color Emoji', 'Segoe UI Emoji', 'Segoe UI Symbol', 'Noto Color Emoji'; font-size: 17.6px; letter-spacing: -0.016px;\">\u00a0Na drugim miejscu jest Olsztyn, gdzie pokrywa \u015bnie\u017cna osi\u0105gn\u0119\u0142a 45 cm.<\/span><\/p>\n<p style=\"text-align: justify;\"><span style=\"color: #22242d; font-family: system-ui, -apple-system, BlinkMacSystemFont, 'Segoe UI', Roboto, 'Noto Sans', Ubuntu, Cantarell, 'Helvetica Neue', sans-serif, 'Apple Color Emoji', 'Segoe UI Emoji', 'Segoe UI Symbol', 'Noto Color Emoji'; font-size: 17.6px; letter-spacing: -0.016px;\">Urz\u0105d Miejski w M\u0142awie opublikowa\u0142 komunikat tu\u017c po godz. 21, we wtorek 30 grudnia. &#8211; Na drogach i chodnikach panuj\u0105 bardzo trudne warunki, dlatego apelujemy o szczeg\u00f3ln\u0105 ostro\u017cno\u015b\u0107. Intensywne opady \u015bniegu i silny wiatr powoduj\u0105 tworzenie si\u0119 zasp, co utrudnia poruszanie si\u0119 po mie\u015bcie &#8211; czytamy w sieci.<\/span><\/p>\n<div class=\"wp-content-text-raw x-tts\" style=\"box-sizing: border-box; --tw-border-spacing-x: 0; --tw-border-spacing-y: 0; --tw-translate-x: 0; --tw-translate-y: 0; --tw-rotate: 0; --tw-skew-x: 0; --tw-skew-y: 0; --tw-scale-x: 1; --tw-scale-y: 1; --tw-scroll-snap-strictness: proximity; --tw-ring-offset-width: 0px; --tw-ring-offset-color: #fff; --tw-ring-color: rgba(59,130,246,.5); --tw-ring-offset-shadow: 0 0 #0000; --tw-ring-shadow: 0 0 #0000; --tw-shadow: 0 0 #0000; --tw-shadow-colored: 0 0 #0000; border: 0px; font-variant-numeric: inherit; font-variant-east-asian: inherit; font-variant-alternates: inherit; font-variant-position: inherit; font-variant-emoji: inherit; font-stretch: inherit; line-height: inherit; font-family: system-ui, -apple-system, BlinkMacSystemFont, 'Segoe UI', Roboto, 'Noto Sans', Ubuntu, Cantarell, 'Helvetica Neue', sans-serif, 'Apple Color Emoji', 'Segoe UI Emoji', 'Segoe UI Symbol', 'Noto Color Emoji'; font-optical-sizing: inherit; font-size-adjust: inherit; font-kerning: normal; font-feature-settings: 'kern'; font-variation-settings: inherit; margin: 0px; padding: 0px; vertical-align: baseline; letter-spacing: -0.001em; text-rendering: optimizelegibility; word-break: break-word; color: #22242d; text-align: justify;\" data-cpidx=\"9\">\n<p style=\"box-sizing: border-box; --tw-border-spacing-x: 0; --tw-border-spacing-y: 0; --tw-translate-x: 0; --tw-translate-y: 0; --tw-rotate: 0; --tw-skew-x: 0; --tw-skew-y: 0; --tw-scale-x: 1; --tw-scale-y: 1; --tw-scroll-snap-strictness: proximity; --tw-ring-offset-width: 0px; --tw-ring-offset-color: #fff; --tw-ring-color: rgba(59,130,246,.5); --tw-ring-offset-shadow: 0 0 #0000; --tw-ring-shadow: 0 0 #0000; --tw-shadow: 0 0 #0000; --tw-shadow-colored: 0 0 #0000; border: 0px; font-style: inherit; font-variant: inherit; font-stretch: inherit; font-size: 1.1rem; line-height: 1.75rem; font-family: inherit; font-optical-sizing: inherit; font-size-adjust: inherit; font-kerning: inherit; font-feature-settings: inherit; font-variation-settings: inherit; margin: 0px; padding: 0px; vertical-align: baseline;\">W komunikacie dodano, \u017ce\u00a0<span style=\"box-sizing: border-box; --tw-border-spacing-x: 0; --tw-border-spacing-y: 0; --tw-translate-x: 0; --tw-translate-y: 0; --tw-rotate: 0; --tw-skew-x: 0; --tw-skew-y: 0; --tw-scale-x: 1; --tw-scale-y: 1; --tw-scroll-snap-strictness: proximity; --tw-ring-offset-width: 0px; --tw-ring-offset-color: #fff; --tw-ring-color: rgba(59,130,246,.5); --tw-ring-offset-shadow: 0 0 #0000; --tw-ring-shadow: 0 0 #0000; --tw-shadow: 0 0 #0000; --tw-shadow-colored: 0 0 #0000; border: 0px; font-style: inherit; font-variant: inherit; font-weight: bold; font-stretch: inherit; font-size: inherit; line-height: inherit; font-family: inherit; font-optical-sizing: inherit; font-size-adjust: inherit; font-kerning: inherit; font-feature-settings: inherit; font-variation-settings: inherit; font-language-override: inherit; margin: 0px; padding: 0px; vertical-align: baseline;\">s\u0142u\u017cby porz\u0105dkowe pracuj\u0105 nieustannie, od\u015bnie\u017caj\u0105c najbardziej newralgiczne miejsca<\/span>\u00a0i\u00a0b\u0119d\u0105 kontynuowa\u0107 dzia\u0142ania przez ca\u0142\u0105 noc, aby zapewni\u0107 bezpiecze\u0144stwo. &#8211;\u00a0Prosimy o\u00a0ograniczenie wyjazd\u00f3w do niezb\u0119dnego minimum i\u00a0zachowanie ostro\u017cno\u015bci \u2013\u00a0warunki pogodowe s\u0105 obecnie bardzo wymagaj\u0105ce &#8211;\u00a0napisano.<\/p>\n<\/div>\n<div class=\"wp-content-text-raw x-tts\" style=\"box-sizing: border-box; --tw-border-spacing-x: 0; --tw-border-spacing-y: 0; --tw-translate-x: 0; --tw-translate-y: 0; --tw-rotate: 0; --tw-skew-x: 0; --tw-skew-y: 0; --tw-scale-x: 1; --tw-scale-y: 1; --tw-scroll-snap-strictness: proximity; --tw-ring-offset-width: 0px; --tw-ring-offset-color: #fff; --tw-ring-color: rgba(59,130,246,.5); --tw-ring-offset-shadow: 0 0 #0000; --tw-ring-shadow: 0 0 #0000; --tw-shadow: 0 0 #0000; --tw-shadow-colored: 0 0 #0000; border: 0px; font-variant-numeric: inherit; font-variant-east-asian: inherit; font-variant-alternates: inherit; font-variant-position: inherit; font-variant-emoji: inherit; font-stretch: inherit; line-height: inherit; font-family: system-ui, -apple-system, BlinkMacSystemFont, 'Segoe UI', Roboto, 'Noto Sans', Ubuntu, Cantarell, 'Helvetica Neue', sans-serif, 'Apple Color Emoji', 'Segoe UI Emoji', 'Segoe UI Symbol', 'Noto Color Emoji'; font-optical-sizing: inherit; font-size-adjust: inherit; font-kerning: normal; font-feature-settings: 'kern'; font-variation-settings: inherit; margin: 0px; padding: 0px; vertical-align: baseline; letter-spacing: -0.001em; text-rendering: optimizelegibility; word-break: break-word; color: #22242d;\" data-cpidx=\"10\">\n<p style=\"box-sizing: border-box; --tw-border-spacing-x: 0; --tw-border-spacing-y: 0; --tw-translate-x: 0; --tw-translate-y: 0; --tw-rotate: 0; --tw-skew-x: 0; --tw-skew-y: 0; --tw-scale-x: 1; --tw-scale-y: 1; --tw-scroll-snap-strictness: proximity; --tw-ring-offset-width: 0px; --tw-ring-offset-color: #fff; --tw-ring-color: rgba(59,130,246,.5); --tw-ring-offset-shadow: 0 0 #0000; --tw-ring-shadow: 0 0 #0000; --tw-shadow: 0 0 #0000; --tw-shadow-colored: 0 0 #0000; border: 0px; font-style: inherit; font-variant: inherit; font-stretch: inherit; font-size: 1.1rem; line-height: 1.75rem; font-family: inherit; font-optical-sizing: inherit; font-size-adjust: inherit; font-kerning: inherit; font-feature-settings: inherit; font-variation-settings: inherit; margin: 0px; padding: 0px; vertical-align: baseline; text-align: justify;\">Wielu mieszka\u0144c\u00f3w odpowiedzia\u0142o urz\u0119dowi. Byli oni niezadowoleni z tego, jak wygl\u0105da miasto po opadach \u015bniegu.<\/p>\n<p style=\"text-align: justify;\"><span style=\"font-size: 18px; font-style: italic; font-weight: bold; letter-spacing: -0.016px;\">&#8220;Trzeba przyzna\u0107, \u017ce nie &#8220;dowie\u017ali\u015bcie&#8221;. Miasto wygl\u0105da tragicznie pod k\u0105tem dojechania gdziekolwiek&#8221;; &#8220;Chodnikami przej\u015b\u0107 nie mo\u017cna, ulicami przejecha\u0107 nie mo\u017cna, z klatek schodowych wyj\u015b\u0107 nie mo\u017cna&#8221;; &#8220;Mo\u017ce to my mieszka\u0144cy mamy sami sobie od\u015bnie\u017ca\u0107 skoro s\u0142u\u017cby nie potrafi\u0105&#8221;.<\/span><\/p>\n<p style=\"text-align: justify;\">\u0179r\u00f3d\u0142o WP.PL<\/p>\n<p style=\"box-sizing: border-box; margin-top: 0px; margin-bottom: 15px; color: #555555; font-family: Roboto, sans-serif; font-size: 15px; letter-spacing: normal; text-align: justify;\">KOMENTARZE<\/p>\n<p style=\"box-sizing: border-box; margin-top: 0px; margin-bottom: 15px; color: #555555; font-family: Roboto, sans-serif; font-size: 15px; letter-spacing: normal; text-align: justify;\">Wydawca portalu nie ponosi odpowiedzialno\u015bci za tre\u015b\u0107 komentarzy zamieszczanych przez u\u017cytkownik\u00f3w. Osoby zamieszczaj\u0105ce wypowiedzi naruszaj\u0105ce prawo lub prawem chronione dobra os\u00f3b trzecich mog\u0105 ponie\u015b\u0107 z tego tytu\u0142u odpowiedzialno\u015b\u0107 karn\u0105 lub cywiln\u0105.JEDNOCZE\u015aNIE UZYTKOWNICY ZAMIESZCZAJ\u0104C KOMENTARZ OSWIADCZAJ\u0104, \u017bE BIOR\u0104 PE\u0141N\u0104 ODPOWIEDZIALNO\u015a\u0106 ZA TRE\u015aCI UMIESZCZONE PRZEZ SIEBIE<\/p>\n<p style=\"text-align: justify;\">\n<\/div>\n<div style=\"padding-bottom:20px; padding-top:10px;\" class=\"hupso-share-buttons\"><!-- Hupso Share Buttons - https:\/\/www.hupso.com\/share\/ --><a class=\"hupso_pop\" href=\"https:\/\/www.hupso.com\/share\/\"><img decoding=\"async\" data-src=\"http:\/\/static.hupso.com\/share\/buttons\/button100x23.png\" style=\"border:0px; width:100; height: 23; \" alt=\"Share Button\" src=\"data:image\/svg+xml;base64,PHN2ZyB3aWR0aD0iMSIgaGVpZ2h0PSIxIiB4bWxucz0iaHR0cDovL3d3dy53My5vcmcvMjAwMC9zdmciPjwvc3ZnPg==\" class=\"lazyload\" \/><\/a><script type=\"text\/javascript\">var hupso_services=new Array(\"Twitter\",\"Facebook\",\"Pinterest\",\"Linkedin\",\"Tumblr\",\"StumbleUpon\",\"Digg\",\"Reddit\",\"Bebo\",\"Delicious\",\"QZone\",\"Renren\",\"Email\");var hupso_icon_type = \"labels\";var hupso_background=\"#3BF8FF\";var hupso_border=\"#FF2B0A\";var hupso_image_folder_url = \"\";var hupso_url=\"\";var hupso_title=\"57%20centymetr%C3%B3w%20%C5%9Bniegu.%20Jedna%20noc%2C%20jeden%20komunikat%20i%20lawina%20emocji.\";<\/script><script type=\"text\/javascript\" src=\"http:\/\/static.hupso.com\/share\/js\/share.js\"><\/script><!-- Hupso Share Buttons --><\/div>","protected":false},"excerpt":{"rendered":"<p>\u015anieg parali\u017cuje wiele polskich miast. W M\u0142awie spad\u0142o a\u017c 57 cm bia\u0142ego puchu. Urz\u0105d Miejski wyda\u0142 komunikat do mieszka\u0144c\u00f3w, w kt\u00f3rym prosi o &#8220;ograniczenie wyjazd\u00f3w do niezb\u0119dnego minimum&#8221;. Internauci od&hellip; <\/p>\n<div style=\"padding-bottom:20px; padding-top:10px;\" class=\"hupso-share-buttons\"><!-- Hupso Share Buttons - https:\/\/www.hupso.com\/share\/ --><a class=\"hupso_pop\" href=\"https:\/\/www.hupso.com\/share\/\"><img data-src=\"http:\/\/static.hupso.com\/share\/buttons\/button100x23.png\" style=\"border:0px; width:100; height: 23; \" alt=\"Share Button\" src=\"data:image\/svg+xml;base64,PHN2ZyB3aWR0aD0iMSIgaGVpZ2h0PSIxIiB4bWxucz0iaHR0cDovL3d3dy53My5vcmcvMjAwMC9zdmciPjwvc3ZnPg==\" class=\"lazyload\" \/><\/a><script type=\"text\/javascript\">var hupso_services=new Array(\"Twitter\",\"Facebook\",\"Pinterest\",\"Linkedin\",\"Tumblr\",\"StumbleUpon\",\"Digg\",\"Reddit\",\"Bebo\",\"Delicious\",\"QZone\",\"Renren\",\"Email\");var hupso_icon_type = \"labels\";var hupso_background=\"#3BF8FF\";var hupso_border=\"#FF2B0A\";var hupso_image_folder_url = \"\";var hupso_url=\"\";var hupso_title=\"57%20centymetr%C3%B3w%20%C5%9Bniegu.%20Jedna%20noc%2C%20jeden%20komunikat%20i%20lawina%20emocji.\";<\/script><script type=\"text\/javascript\" src=\"http:\/\/static.hupso.com\/share\/js\/share.js\"><\/script><!-- Hupso Share Buttons --><\/div>","protected":false},"author":1,"featured_media":12537,"comment_status":"open","ping_status":"open","sticky":false,"template":"","format":"standard","meta":{"_acf_changed":false,"wprm-recipe-roundup-name":"","wprm-recipe-roundup-description":"","footnotes":""},"categories":[19,28],"tags":[],"class_list":["post-12536","post","type-post","status-publish","format-standard","has-post-thumbnail","hentry","category-aktualnosci","category-wyd"],"acf":[],"amp_enabled":true,"_links":{"self":[{"href":"http:\/\/portalm\u0142awa.pl\/index.php?rest_route=\/wp\/v2\/posts\/12536","targetHints":{"allow":["GET"]}}],"collection":[{"href":"http:\/\/portalm\u0142awa.pl\/index.php?rest_route=\/wp\/v2\/posts"}],"about":[{"href":"http:\/\/portalm\u0142awa.pl\/index.php?rest_route=\/wp\/v2\/types\/post"}],"author":[{"embeddable":true,"href":"http:\/\/portalm\u0142awa.pl\/index.php?rest_route=\/wp\/v2\/users\/1"}],"replies":[{"embeddable":true,"href":"http:\/\/portalm\u0142awa.pl\/index.php?rest_route=%2Fwp%2Fv2%2Fcomments&post=12536"}],"version-history":[{"count":2,"href":"http:\/\/portalm\u0142awa.pl\/index.php?rest_route=\/wp\/v2\/posts\/12536\/revisions"}],"predecessor-version":[{"id":12539,"href":"http:\/\/portalm\u0142awa.pl\/index.php?rest_route=\/wp\/v2\/posts\/12536\/revisions\/12539"}],"wp:featuredmedia":[{"embeddable":true,"href":"http:\/\/portalm\u0142awa.pl\/index.php?rest_route=\/wp\/v2\/media\/12537"}],"wp:attachment":[{"href":"http:\/\/portalm\u0142awa.pl\/index.php?rest_route=%2Fwp%2Fv2%2Fmedia&parent=12536"}],"wp:term":[{"taxonomy":"category","embeddable":true,"href":"http:\/\/portalm\u0142awa.pl\/index.php?rest_route=%2Fwp%2Fv2%2Fcategories&post=12536"},{"taxonomy":"post_tag","embeddable":true,"href":"http:\/\/portalm\u0142awa.pl\/index.php?rest_route=%2Fwp%2Fv2%2Ftags&post=12536"}],"curies":[{"name":"wp","href":"https:\/\/api.w.org\/{rel}","templated":true}]}}