{"id":12541,"date":"2025-12-31T13:23:25","date_gmt":"2025-12-31T12:23:25","guid":{"rendered":"http:\/\/portalm\u0142awa.pl\/?p=12541"},"modified":"2025-12-31T13:23:25","modified_gmt":"2025-12-31T12:23:25","slug":"ferie-z-wot-2026-coraz-blizej-trwa-nabor-kandydatow","status":"publish","type":"post","link":"http:\/\/portalm\u0142awa.pl\/?p=12541","title":{"rendered":"FERIE Z WOT 2026 CORAZ BLI\u017bEJ \u2013 TRWA NAB\u00d3R KANDYDAT\u00d3W"},"content":{"rendered":"<p style=\"text-align: justify;\">Zamiast biernego wypoczynku \u2013 wyzwanie i nowe do\u015bwiadczenie. Ju\u017c 17 stycznia rozpocznie si\u0119 szkolenie w 5 Mazowieckiej Brygadzie Obrony Terytorialnej realizowane w ramach og\u00f3lnopolskiego programu \u201eFerie z WOT\u201d. Ch\u0119tni wci\u0105\u017c mog\u0105 z\u0142o\u017cy\u0107 wniosek i do\u0142\u0105czy\u0107 do grupy ochotnik\u00f3w, kt\u00f3rzy zdecydowali si\u0119 sp\u0119dzi\u0107 ferie z mundurze.<\/p>\n<p style=\"text-align: justify;\">Program \u201eFerie z WOT\u201d, to szkolenie podstawowe lub wyr\u00f3wnawcze organizowane w okresie ferii zimowych. Szkolenia prowadzone s\u0105 w brygadach Wojsk Obrony Terytorialnej na terenie ca\u0142ego kraju, zgodnie z og\u00f3lnopolskim harmonogramem ferii szkolnych. To doskona\u0142a okazja, by zimow\u0105 przerw\u0119 wykorzysta\u0107 na zdobycie praktycznych umiej\u0119tno\u015bci i do\u015bwiadczenia wojskowego oraz rozpocz\u0105\u0107 swoj\u0105 przygod\u0119 z mundurem.<\/p>\n<p style=\"text-align: justify;\"><strong>Termin szkolenia:<\/strong><\/p>\n<p style=\"text-align: justify;\">\u201eFerie z WOT\u201d w 2026 roku odbywa\u0107 si\u0119 b\u0119d\u0105 w okresie ferii zimowych od stycznia do pierwszych dni marca 2026 r., z powo\u0142aniami i kontynuacj\u0105 szkole\u0144 zgodnie z harmonogramem brygad. W 5 Mazowieckiej Brygadzie OT zimowe szkolenie 16-dniowe zako\u0144czone uroczyst\u0105 przysi\u0119g\u0105 wojskow\u0105 odb\u0119dzie si\u0119 w terminie 17.01 \u2013 01.02. Szkolenie 8-dniowe zaplanowano w dniach 17-18.01 z kontynuacj\u0105 27.01. \u2013 01.02.<\/p>\n<p style=\"text-align: justify;\"><strong>Do kogo jest skierowane szkolenie?<\/strong><\/p>\n<p style=\"text-align: justify;\">Projekt jest skierowany do pe\u0142noletnich uczni\u00f3w, student\u00f3w, os\u00f3b pracuj\u0105cych oraz wszystkich, kt\u00f3rzy chc\u0105 rozpocz\u0105\u0107 Terytorialn\u0105 S\u0142u\u017cb\u0119 Wojskow\u0105 i rozwin\u0105\u0107 swoj\u0105 gotowo\u015b\u0107 do dzia\u0142ania w sytuacjach kryzysowych.<\/p>\n<p style=\"text-align: justify;\"><strong>Jak wzi\u0105\u0107 udzia\u0142?<\/strong><\/p>\n<p style=\"text-align: justify;\">Aby zg\u0142osi\u0107 ch\u0119\u0107 udzia\u0142u w szkoleniu, nale\u017cy skontaktowa\u0107 si\u0119 z lokalnymi rekruterami 5MBOT lub znale\u017a\u0107 informacje o naborze i terminach na stronach brygad OT:<\/p>\n<p style=\"text-align: justify;\">https:\/\/rekruterzy.terytorialsi.wp.mil.pl\/<\/p>\n<p style=\"text-align: justify;\">oraz w Wojskowym Centrum Rekrutacji odpowiadaj\u0105cym za sw\u00f3j region:<\/p>\n<p style=\"text-align: justify;\">https:\/\/www.wojsko-polskie.pl\/zostanzolnierzem\/<\/p>\n<p style=\"text-align: justify;\">Dopasowanie termin\u00f3w szkole\u0144 do kalendarza ferii nie zmienia standard\u00f3w szkolenia WOT. Po uko\u0144czeniu szkolenia podstawowego i wyr\u00f3wnawczego ochotnicy kontynuuj\u0105 s\u0142u\u017cb\u0119 w systemie rotacyjnym w jednym z pododdzia\u0142\u00f3w 5MBOT (Ciechan\u00f3w, Komorowo, Siedlce, Zegrze Po\u0142udniowe). Szkolenia odbywaj\u0105 si\u0119 najcz\u0119\u015bciej w dni wolne od pracy, w wymiarze minimum dw\u00f3ch dni w miesi\u0105cu, w ramach trzyletniego cyklu szkolenia.<\/p>\n<p style=\"text-align: justify;\">st. kpr. El\u017cbieta OBR\u0118BSKA<\/p>\n<p style=\"text-align: justify;\">KOMENTARZE<\/p>\n<p style=\"text-align: justify;\">Wydawca portalu nie ponosi odpowiedzialno\u015bci za tre\u015b\u0107 komentarzy zamieszczanych przez u\u017cytkownik\u00f3w. Osoby zamieszczaj\u0105ce wypowiedzi naruszaj\u0105ce prawo lub prawem chronione dobra os\u00f3b trzecich mog\u0105 ponie\u015b\u0107 z tego tytu\u0142u odpowiedzialno\u015b\u0107 karn\u0105 lub cywiln\u0105.JEDNOCZE\u015aNIE UZYTKOWNICY ZAMIESZCZAJ\u0104C KOMENTARZ OSWIADCZAJ\u0104, \u017bE BIOR\u0104 PE\u0141N\u0104 ODPOWIEDZIALNO\u015a\u0106 ZA TRE\u015aCI UMIESZCZONE PRZEZ SIEBIE<\/p>\n<div style=\"padding-bottom:20px; padding-top:10px;\" class=\"hupso-share-buttons\"><!-- Hupso Share Buttons - https:\/\/www.hupso.com\/share\/ --><a class=\"hupso_pop\" href=\"https:\/\/www.hupso.com\/share\/\"><img decoding=\"async\" data-src=\"http:\/\/static.hupso.com\/share\/buttons\/button100x23.png\" style=\"border:0px; width:100; height: 23; \" alt=\"Share Button\" src=\"data:image\/svg+xml;base64,PHN2ZyB3aWR0aD0iMSIgaGVpZ2h0PSIxIiB4bWxucz0iaHR0cDovL3d3dy53My5vcmcvMjAwMC9zdmciPjwvc3ZnPg==\" class=\"lazyload\" \/><\/a><script type=\"text\/javascript\">var hupso_services=new Array(\"Twitter\",\"Facebook\",\"Pinterest\",\"Linkedin\",\"Tumblr\",\"StumbleUpon\",\"Digg\",\"Reddit\",\"Bebo\",\"Delicious\",\"QZone\",\"Renren\",\"Email\");var hupso_icon_type = \"labels\";var hupso_background=\"#3BF8FF\";var hupso_border=\"#FF2B0A\";var hupso_image_folder_url = \"\";var hupso_url=\"\";var hupso_title=\"FERIE%20Z%20WOT%202026%20CORAZ%20BLI%C5%BBEJ%20%E2%80%93%20TRWA%20NAB%C3%93R%20KANDYDAT%C3%93W\";<\/script><script type=\"text\/javascript\" src=\"http:\/\/static.hupso.com\/share\/js\/share.js\"><\/script><!-- Hupso Share Buttons --><\/div>","protected":false},"excerpt":{"rendered":"<p>Zamiast biernego wypoczynku \u2013 wyzwanie i nowe do\u015bwiadczenie. Ju\u017c 17 stycznia rozpocznie si\u0119 szkolenie w 5 Mazowieckiej Brygadzie Obrony Terytorialnej realizowane w ramach og\u00f3lnopolskiego programu \u201eFerie z WOT\u201d. Ch\u0119tni wci\u0105\u017c&hellip; <\/p>\n<div style=\"padding-bottom:20px; padding-top:10px;\" class=\"hupso-share-buttons\"><!-- Hupso Share Buttons - https:\/\/www.hupso.com\/share\/ --><a class=\"hupso_pop\" href=\"https:\/\/www.hupso.com\/share\/\"><img data-src=\"http:\/\/static.hupso.com\/share\/buttons\/button100x23.png\" style=\"border:0px; width:100; height: 23; \" alt=\"Share Button\" src=\"data:image\/svg+xml;base64,PHN2ZyB3aWR0aD0iMSIgaGVpZ2h0PSIxIiB4bWxucz0iaHR0cDovL3d3dy53My5vcmcvMjAwMC9zdmciPjwvc3ZnPg==\" class=\"lazyload\" \/><\/a><script type=\"text\/javascript\">var hupso_services=new Array(\"Twitter\",\"Facebook\",\"Pinterest\",\"Linkedin\",\"Tumblr\",\"StumbleUpon\",\"Digg\",\"Reddit\",\"Bebo\",\"Delicious\",\"QZone\",\"Renren\",\"Email\");var hupso_icon_type = \"labels\";var hupso_background=\"#3BF8FF\";var hupso_border=\"#FF2B0A\";var hupso_image_folder_url = \"\";var hupso_url=\"\";var hupso_title=\"FERIE%20Z%20WOT%202026%20CORAZ%20BLI%C5%BBEJ%20%E2%80%93%20TRWA%20NAB%C3%93R%20KANDYDAT%C3%93W\";<\/script><script type=\"text\/javascript\" src=\"http:\/\/static.hupso.com\/share\/js\/share.js\"><\/script><!-- Hupso Share Buttons --><\/div>","protected":false},"author":1,"featured_media":12542,"comment_status":"open","ping_status":"open","sticky":false,"template":"","format":"standard","meta":{"_acf_changed":false,"wprm-recipe-roundup-name":"","wprm-recipe-roundup-description":"","footnotes":""},"categories":[19,28],"tags":[],"class_list":["post-12541","post","type-post","status-publish","format-standard","has-post-thumbnail","hentry","category-aktualnosci","category-wyd"],"acf":[],"amp_enabled":true,"_links":{"self":[{"href":"http:\/\/portalm\u0142awa.pl\/index.php?rest_route=\/wp\/v2\/posts\/12541","targetHints":{"allow":["GET"]}}],"collection":[{"href":"http:\/\/portalm\u0142awa.pl\/index.php?rest_route=\/wp\/v2\/posts"}],"about":[{"href":"http:\/\/portalm\u0142awa.pl\/index.php?rest_route=\/wp\/v2\/types\/post"}],"author":[{"embeddable":true,"href":"http:\/\/portalm\u0142awa.pl\/index.php?rest_route=\/wp\/v2\/users\/1"}],"replies":[{"embeddable":true,"href":"http:\/\/portalm\u0142awa.pl\/index.php?rest_route=%2Fwp%2Fv2%2Fcomments&post=12541"}],"version-history":[{"count":1,"href":"http:\/\/portalm\u0142awa.pl\/index.php?rest_route=\/wp\/v2\/posts\/12541\/revisions"}],"predecessor-version":[{"id":12543,"href":"http:\/\/portalm\u0142awa.pl\/index.php?rest_route=\/wp\/v2\/posts\/12541\/revisions\/12543"}],"wp:featuredmedia":[{"embeddable":true,"href":"http:\/\/portalm\u0142awa.pl\/index.php?rest_route=\/wp\/v2\/media\/12542"}],"wp:attachment":[{"href":"http:\/\/portalm\u0142awa.pl\/index.php?rest_route=%2Fwp%2Fv2%2Fmedia&parent=12541"}],"wp:term":[{"taxonomy":"category","embeddable":true,"href":"http:\/\/portalm\u0142awa.pl\/index.php?rest_route=%2Fwp%2Fv2%2Fcategories&post=12541"},{"taxonomy":"post_tag","embeddable":true,"href":"http:\/\/portalm\u0142awa.pl\/index.php?rest_route=%2Fwp%2Fv2%2Ftags&post=12541"}],"curies":[{"name":"wp","href":"https:\/\/api.w.org\/{rel}","templated":true}]}}