{"id":12584,"date":"2026-01-03T18:04:18","date_gmt":"2026-01-03T17:04:18","guid":{"rendered":"http:\/\/portalm\u0142awa.pl\/?p=12584"},"modified":"2026-01-03T18:11:31","modified_gmt":"2026-01-03T17:11:31","slug":"nowy-rok-w-rytmie-muzyki-szydlowo-rozpoczyna-2026-z-rozmachem","status":"publish","type":"post","link":"http:\/\/portalm\u0142awa.pl\/?p=12584","title":{"rendered":"Nowy Rok w rytmie muzyki. Szyd\u0142owo rozpoczyna 2026 z rozmachem"},"content":{"rendered":"<p style=\"text-align: justify;\">Nowy rok w Gminie Szyd\u0142owo rozpocznie si\u0119 dok\u0142adnie tak, jak powinien \u2013 od wsp\u00f3lnego spotkania, rado\u015bci i muzyki, kt\u00f3ra \u0142\u0105czy pokolenia. Ju\u017c 11 stycznia 2026 roku mieszka\u0144cy b\u0119d\u0105 mieli okazj\u0119 wzi\u0105\u0107 udzia\u0142 w wyj\u0105tkowym wydarzeniu, kt\u00f3re symbolicznie otworzy kalendarz kulturalny nadchodz\u0105cych miesi\u0119cy.<\/p>\n<p style=\"text-align: justify;\">Z inicjatywy W\u00f3jt Gminy Szyd\u0142owo Jolanty Karpi\u0144skiej oraz Gminnej Biblioteki Publicznej w Szyd\u0142owie odb\u0119dzie si\u0119 Koncert Noworoczny, kt\u00f3ry zabrzmi w murach Hali Sportowej w Szyd\u0142owie. Start wydarzenia zaplanowano na godzin\u0119 17:00.<\/p>\n<p style=\"text-align: justify;\"><strong>Muzyka, kt\u00f3ra jednoczy<\/strong><\/p>\n<p style=\"text-align: justify;\">Gwiazd\u0105 wieczoru b\u0119dzie Orkiestra D\u0119ta z Wieczfni Ko\u015bcielnej \u2013 zesp\u00f3\u0142 doskonale znany z energetycznych wyst\u0119p\u00f3w, precyzji wykonania i repertuaru, kt\u00f3ry potrafi poruszy\u0107 zar\u00f3wno mi\u0142o\u015bnik\u00f3w klasyki, jak i tych, kt\u00f3rzy ceni\u0105 nowoczesne aran\u017cacje. D\u0119te brzmienia w noworocznym klimacie to gwarancja emocji, wzrusze\u0144 i autentycznej rado\u015bci.<\/p>\n<p style=\"text-align: justify;\">\u00a0<strong>Symboliczny pocz\u0105tek roku<\/strong><\/p>\n<p style=\"text-align: justify;\">To wydarzenie ma szczeg\u00f3lne znaczenie \u2013 jest bowiem pierwsz\u0105 imprez\u0105 kulturaln\u0105 2026 roku, organizowan\u0105 przez GBP w Szyd\u0142owie. Koncert nie tylko inauguruj\u0119 nowy sezon wydarze\u0144, ale tak\u017ce podkre\u015bla rol\u0119 kultury jako przestrzeni spotka\u0144, dialogu i wsp\u00f3lnego prze\u017cywania wa\u017cnych chwil.<\/p>\n<p style=\"text-align: justify;\">\u00a0<strong>Zaproszenie dla wszystkich<\/strong><\/p>\n<p style=\"text-align: justify;\">Organizatorzy podkre\u015blaj\u0105, \u017ce koncert ma charakter otwarty i mi\u0119dzypokoleniowy. To propozycja zar\u00f3wno dla rodzin z dzie\u0107mi, senior\u00f3w, jak i m\u0142odzie\u017cy \u2013 dla ka\u017cdego, kto chce rozpocz\u0105\u0107 nowy rok w pozytywnej, muzycznej atmosferze.<\/p>\n<p style=\"text-align: justify;\">\ud83d\udcc5 11 stycznia 2026 r.<\/p>\n<p style=\"text-align: justify;\">\u23f0 Godz. 17:00<\/p>\n<p style=\"text-align: justify;\">\ud83d\udccd Hala Sportowa w Szyd\u0142owie<\/p>\n<p style=\"text-align: justify;\">\ud83c\udfb6 Szyd\u0142owo zaczyna 2026 rok z d\u017awi\u0119kiem tr\u0105bek, saksofon\u00f3w i wielkiej wsp\u00f3lnoty. Tego wieczoru po prostu nie wypada przegapi\u0107. \ud83c\udfb6<\/p>\n<p style=\"text-align: justify;\">T.B<\/p>\n<p style=\"text-align: justify;\">KOMENTARZE<\/p>\n<p style=\"text-align: justify;\">Wydawca portalu nie ponosi odpowiedzialno\u015bci za tre\u015b\u0107 komentarzy zamieszczanych przez u\u017cytkownik\u00f3w. Osoby zamieszczaj\u0105ce wypowiedzi naruszaj\u0105ce prawo lub prawem chronione dobra os\u00f3b trzecich mog\u0105 ponie\u015b\u0107 z tego tytu\u0142u odpowiedzialno\u015b\u0107 karn\u0105 lub cywiln\u0105.JEDNOCZE\u015aNIE UZYTKOWNICY ZAMIESZCZAJ\u0104C KOMENTARZ OSWIADCZAJ\u0104, \u017bE BIOR\u0104 PE\u0141N\u0104 ODPOWIEDZIALNO\u015a\u0106 ZA TRE\u015aCI UMIESZCZONE PRZEZ SIEBIE<\/p>\n<div style=\"padding-bottom:20px; padding-top:10px;\" class=\"hupso-share-buttons\"><!-- Hupso Share Buttons - https:\/\/www.hupso.com\/share\/ --><a class=\"hupso_pop\" href=\"https:\/\/www.hupso.com\/share\/\"><img decoding=\"async\" data-src=\"http:\/\/static.hupso.com\/share\/buttons\/button100x23.png\" style=\"border:0px; width:100; height: 23; \" alt=\"Share Button\" src=\"data:image\/svg+xml;base64,PHN2ZyB3aWR0aD0iMSIgaGVpZ2h0PSIxIiB4bWxucz0iaHR0cDovL3d3dy53My5vcmcvMjAwMC9zdmciPjwvc3ZnPg==\" class=\"lazyload\" \/><\/a><script type=\"text\/javascript\">var hupso_services=new Array(\"Twitter\",\"Facebook\",\"Pinterest\",\"Linkedin\",\"Tumblr\",\"StumbleUpon\",\"Digg\",\"Reddit\",\"Bebo\",\"Delicious\",\"QZone\",\"Renren\",\"Email\");var hupso_icon_type = \"labels\";var hupso_background=\"#3BF8FF\";var hupso_border=\"#FF2B0A\";var hupso_image_folder_url = \"\";var hupso_url=\"\";var hupso_title=\"Nowy%20Rok%20w%20rytmie%20muzyki.%20Szyd%C5%82owo%20rozpoczyna%202026%20z%20rozmachem\";<\/script><script type=\"text\/javascript\" src=\"http:\/\/static.hupso.com\/share\/js\/share.js\"><\/script><!-- Hupso Share Buttons --><\/div>","protected":false},"excerpt":{"rendered":"<p>Nowy rok w Gminie Szyd\u0142owo rozpocznie si\u0119 dok\u0142adnie tak, jak powinien \u2013 od wsp\u00f3lnego spotkania, rado\u015bci i muzyki, kt\u00f3ra \u0142\u0105czy pokolenia. Ju\u017c 11 stycznia 2026 roku mieszka\u0144cy b\u0119d\u0105 mieli okazj\u0119&hellip; <\/p>\n<div style=\"padding-bottom:20px; padding-top:10px;\" class=\"hupso-share-buttons\"><!-- Hupso Share Buttons - https:\/\/www.hupso.com\/share\/ --><a class=\"hupso_pop\" href=\"https:\/\/www.hupso.com\/share\/\"><img data-src=\"http:\/\/static.hupso.com\/share\/buttons\/button100x23.png\" style=\"border:0px; width:100; height: 23; \" alt=\"Share Button\" src=\"data:image\/svg+xml;base64,PHN2ZyB3aWR0aD0iMSIgaGVpZ2h0PSIxIiB4bWxucz0iaHR0cDovL3d3dy53My5vcmcvMjAwMC9zdmciPjwvc3ZnPg==\" class=\"lazyload\" \/><\/a><script type=\"text\/javascript\">var hupso_services=new Array(\"Twitter\",\"Facebook\",\"Pinterest\",\"Linkedin\",\"Tumblr\",\"StumbleUpon\",\"Digg\",\"Reddit\",\"Bebo\",\"Delicious\",\"QZone\",\"Renren\",\"Email\");var hupso_icon_type = \"labels\";var hupso_background=\"#3BF8FF\";var hupso_border=\"#FF2B0A\";var hupso_image_folder_url = \"\";var hupso_url=\"\";var hupso_title=\"Nowy%20Rok%20w%20rytmie%20muzyki.%20Szyd%C5%82owo%20rozpoczyna%202026%20z%20rozmachem\";<\/script><script type=\"text\/javascript\" src=\"http:\/\/static.hupso.com\/share\/js\/share.js\"><\/script><!-- Hupso Share Buttons --><\/div>","protected":false},"author":1,"featured_media":12587,"comment_status":"open","ping_status":"open","sticky":false,"template":"","format":"standard","meta":{"_acf_changed":false,"wprm-recipe-roundup-name":"","wprm-recipe-roundup-description":"","footnotes":""},"categories":[19,3,506,28,696,6],"tags":[],"class_list":["post-12584","post","type-post","status-publish","format-standard","has-post-thumbnail","hentry","category-aktualnosci","category-kultura","category-pow","category-wyd","category-zaproszenia","category-zapro-szenia"],"acf":[],"amp_enabled":true,"_links":{"self":[{"href":"http:\/\/portalm\u0142awa.pl\/index.php?rest_route=\/wp\/v2\/posts\/12584","targetHints":{"allow":["GET"]}}],"collection":[{"href":"http:\/\/portalm\u0142awa.pl\/index.php?rest_route=\/wp\/v2\/posts"}],"about":[{"href":"http:\/\/portalm\u0142awa.pl\/index.php?rest_route=\/wp\/v2\/types\/post"}],"author":[{"embeddable":true,"href":"http:\/\/portalm\u0142awa.pl\/index.php?rest_route=\/wp\/v2\/users\/1"}],"replies":[{"embeddable":true,"href":"http:\/\/portalm\u0142awa.pl\/index.php?rest_route=%2Fwp%2Fv2%2Fcomments&post=12584"}],"version-history":[{"count":1,"href":"http:\/\/portalm\u0142awa.pl\/index.php?rest_route=\/wp\/v2\/posts\/12584\/revisions"}],"predecessor-version":[{"id":12585,"href":"http:\/\/portalm\u0142awa.pl\/index.php?rest_route=\/wp\/v2\/posts\/12584\/revisions\/12585"}],"wp:featuredmedia":[{"embeddable":true,"href":"http:\/\/portalm\u0142awa.pl\/index.php?rest_route=\/wp\/v2\/media\/12587"}],"wp:attachment":[{"href":"http:\/\/portalm\u0142awa.pl\/index.php?rest_route=%2Fwp%2Fv2%2Fmedia&parent=12584"}],"wp:term":[{"taxonomy":"category","embeddable":true,"href":"http:\/\/portalm\u0142awa.pl\/index.php?rest_route=%2Fwp%2Fv2%2Fcategories&post=12584"},{"taxonomy":"post_tag","embeddable":true,"href":"http:\/\/portalm\u0142awa.pl\/index.php?rest_route=%2Fwp%2Fv2%2Ftags&post=12584"}],"curies":[{"name":"wp","href":"https:\/\/api.w.org\/{rel}","templated":true}]}}