{"id":12589,"date":"2026-01-04T12:47:41","date_gmt":"2026-01-04T11:47:41","guid":{"rendered":"http:\/\/portalm\u0142awa.pl\/?p=12589"},"modified":"2026-01-04T12:47:41","modified_gmt":"2026-01-04T11:47:41","slug":"koledy-tradycja-i-wspolnota-wyjatkowe-swieto-trzech-kroli-w-lipowcu-koscielnym","status":"publish","type":"post","link":"http:\/\/portalm\u0142awa.pl\/?p=12589","title":{"rendered":"Kol\u0119dy, tradycja i wsp\u00f3lnota. Wyj\u0105tkowe \u015bwi\u0119to Trzech Kr\u00f3li w Lipowcu Ko\u015bcielnym"},"content":{"rendered":"<p style=\"text-align: justify;\">\u015awi\u0119to Objawienia Pa\u0144skiego w Lipowcu Ko\u015bcielnym zapowiada si\u0119 w tym roku szczeg\u00f3lnie uroczy\u015bcie. 6 stycznia 2026 roku, tu\u017c po Mszy \u015awi\u0119tej o godz. 9:00, mury Ko\u015bcio\u0142a Parafii \u015bw. Miko\u0142aja wype\u0142ni\u0105 si\u0119 d\u017awi\u0119kiem kol\u0119d, rado\u015bci\u0105 wsp\u00f3lnego \u015bpiewu i pi\u0119knem lokalnej tradycji. Wszystko za spraw\u0105 Koncertu Kol\u0119d, na kt\u00f3ry serdecznie zapraszaj\u0105 Parafia \u015awi\u0119tego Miko\u0142aja oraz GCKSiR w Lipowcu Ko\u015bcielnym.<\/p>\n<p style=\"text-align: justify;\">Podczas koncertu wyst\u0105pi Schola Parafii \u015bw. Miko\u0142aja, kt\u00f3ra od lat u\u015bwietnia parafialne uroczysto\u015bci, nios\u0105c kol\u0119d\u0119 prost\u0105, szczer\u0105 i p\u0142yn\u0105c\u0105 prosto z serca. Towarzyszy\u0107 jej b\u0119dzie Zesp\u00f3\u0142 Ta\u0144ca Ludowego \u201eLipowiacy\u201d, znany z piel\u0119gnowania lokalnych tradycji i ludowej kultury. Ich obecno\u015b\u0107 nada wydarzeniu wyj\u0105tkowego charakteru \u2013 po\u0142\u0105czenia muzyki sakralnej z \u017cyw\u0105, barwn\u0105 tradycj\u0105 regionu.<\/p>\n<p style=\"text-align: justify;\">Koncert Kol\u0119d w Lipowcu Ko\u015bcielnym to co\u015b wi\u0119cej ni\u017c artystyczne wydarzenie. To moment wsp\u00f3lnego spotkania mieszka\u0144c\u00f3w, chwila refleksji i rado\u015bci, kt\u00f3ra naturalnie wyrasta z bo\u017conarodzeniowego przes\u0142ania. W dniu Trzech Kr\u00f3li, gdy symbolicznie ko\u0144czy si\u0119 okres \u015bwi\u0105teczny, wsp\u00f3lne kol\u0119dowanie staje si\u0119 pi\u0119knym zwie\u0144czeniem tego wyj\u0105tkowego czasu.<\/p>\n<p style=\"text-align: justify;\">Organizatorzy zapraszaj\u0105 wszystkich \u2013 rodziny, senior\u00f3w, m\u0142odszych i starszych \u2013 do wsp\u00f3lnego prze\u017cywania tego poranka. 6 stycznia, po Mszy \u015awi\u0119tej o godz. 9:00, Ko\u015bci\u00f3\u0142 Parafii \u015bw. Miko\u0142aja w Lipowcu Ko\u015bcielnym stanie si\u0119 miejscem, gdzie tradycja, wiara i muzyka spotkaj\u0105 si\u0119 w jednym, niezwyk\u0142ym brzmieniu.<\/p>\n<p style=\"text-align: justify;\">T.B<\/p>\n<p style=\"box-sizing: border-box; margin-top: 0px; margin-bottom: 15px; color: #555555; font-family: Roboto, sans-serif; font-size: 15px; text-align: justify;\">KOMENTARZE<\/p>\n<p style=\"box-sizing: border-box; margin-top: 0px; margin-bottom: 15px; color: #555555; font-family: Roboto, sans-serif; font-size: 15px; text-align: justify;\">Wydawca portalu nie ponosi odpowiedzialno\u015bci za tre\u015b\u0107 komentarzy zamieszczanych przez u\u017cytkownik\u00f3w. Osoby zamieszczaj\u0105ce wypowiedzi naruszaj\u0105ce prawo lub prawem chronione dobra os\u00f3b trzecich mog\u0105 ponie\u015b\u0107 z tego tytu\u0142u odpowiedzialno\u015b\u0107 karn\u0105 lub cywiln\u0105.JEDNOCZE\u015aNIE UZYTKOWNICY ZAMIESZCZAJ\u0104C KOMENTARZ OSWIADCZAJ\u0104, \u017bE BIOR\u0104 PE\u0141N\u0104 ODPOWIEDZIALNO\u015a\u0106 ZA TRE\u015aCI UMIESZCZONE PRZEZ SIEBIE<\/p>\n<div style=\"padding-bottom:20px; padding-top:10px;\" class=\"hupso-share-buttons\"><!-- Hupso Share Buttons - https:\/\/www.hupso.com\/share\/ --><a class=\"hupso_pop\" href=\"https:\/\/www.hupso.com\/share\/\"><img decoding=\"async\" data-src=\"http:\/\/static.hupso.com\/share\/buttons\/button100x23.png\" style=\"border:0px; width:100; height: 23; \" alt=\"Share Button\" src=\"data:image\/svg+xml;base64,PHN2ZyB3aWR0aD0iMSIgaGVpZ2h0PSIxIiB4bWxucz0iaHR0cDovL3d3dy53My5vcmcvMjAwMC9zdmciPjwvc3ZnPg==\" class=\"lazyload\" \/><\/a><script type=\"text\/javascript\">var hupso_services=new Array(\"Twitter\",\"Facebook\",\"Pinterest\",\"Linkedin\",\"Tumblr\",\"StumbleUpon\",\"Digg\",\"Reddit\",\"Bebo\",\"Delicious\",\"QZone\",\"Renren\",\"Email\");var hupso_icon_type = \"labels\";var hupso_background=\"#3BF8FF\";var hupso_border=\"#FF2B0A\";var hupso_image_folder_url = \"\";var hupso_url=\"\";var hupso_title=\"Kol%C4%99dy%2C%20tradycja%20i%20wsp%C3%B3lnota.%20Wyj%C4%85tkowe%20%C5%9Bwi%C4%99to%20Trzech%20Kr%C3%B3li%20w%20Lipowcu%20Ko%C5%9Bcielnym\";<\/script><script type=\"text\/javascript\" src=\"http:\/\/static.hupso.com\/share\/js\/share.js\"><\/script><!-- Hupso Share Buttons --><\/div>","protected":false},"excerpt":{"rendered":"<p>\u015awi\u0119to Objawienia Pa\u0144skiego w Lipowcu Ko\u015bcielnym zapowiada si\u0119 w tym roku szczeg\u00f3lnie uroczy\u015bcie. 6 stycznia 2026 roku, tu\u017c po Mszy \u015awi\u0119tej o godz. 9:00, mury Ko\u015bcio\u0142a Parafii \u015bw. Miko\u0142aja wype\u0142ni\u0105&hellip; <\/p>\n<div style=\"padding-bottom:20px; padding-top:10px;\" class=\"hupso-share-buttons\"><!-- Hupso Share Buttons - https:\/\/www.hupso.com\/share\/ --><a class=\"hupso_pop\" href=\"https:\/\/www.hupso.com\/share\/\"><img data-src=\"http:\/\/static.hupso.com\/share\/buttons\/button100x23.png\" style=\"border:0px; width:100; height: 23; \" alt=\"Share Button\" src=\"data:image\/svg+xml;base64,PHN2ZyB3aWR0aD0iMSIgaGVpZ2h0PSIxIiB4bWxucz0iaHR0cDovL3d3dy53My5vcmcvMjAwMC9zdmciPjwvc3ZnPg==\" class=\"lazyload\" \/><\/a><script type=\"text\/javascript\">var hupso_services=new Array(\"Twitter\",\"Facebook\",\"Pinterest\",\"Linkedin\",\"Tumblr\",\"StumbleUpon\",\"Digg\",\"Reddit\",\"Bebo\",\"Delicious\",\"QZone\",\"Renren\",\"Email\");var hupso_icon_type = \"labels\";var hupso_background=\"#3BF8FF\";var hupso_border=\"#FF2B0A\";var hupso_image_folder_url = \"\";var hupso_url=\"\";var hupso_title=\"Kol%C4%99dy%2C%20tradycja%20i%20wsp%C3%B3lnota.%20Wyj%C4%85tkowe%20%C5%9Bwi%C4%99to%20Trzech%20Kr%C3%B3li%20w%20Lipowcu%20Ko%C5%9Bcielnym\";<\/script><script type=\"text\/javascript\" src=\"http:\/\/static.hupso.com\/share\/js\/share.js\"><\/script><!-- Hupso Share Buttons --><\/div>","protected":false},"author":1,"featured_media":12590,"comment_status":"open","ping_status":"open","sticky":false,"template":"","format":"standard","meta":{"_acf_changed":false,"wprm-recipe-roundup-name":"","wprm-recipe-roundup-description":"","footnotes":""},"categories":[19,3,506,28,6,696],"tags":[],"class_list":["post-12589","post","type-post","status-publish","format-standard","has-post-thumbnail","hentry","category-aktualnosci","category-kultura","category-pow","category-wyd","category-zapro-szenia","category-zaproszenia"],"acf":[],"amp_enabled":true,"_links":{"self":[{"href":"http:\/\/portalm\u0142awa.pl\/index.php?rest_route=\/wp\/v2\/posts\/12589","targetHints":{"allow":["GET"]}}],"collection":[{"href":"http:\/\/portalm\u0142awa.pl\/index.php?rest_route=\/wp\/v2\/posts"}],"about":[{"href":"http:\/\/portalm\u0142awa.pl\/index.php?rest_route=\/wp\/v2\/types\/post"}],"author":[{"embeddable":true,"href":"http:\/\/portalm\u0142awa.pl\/index.php?rest_route=\/wp\/v2\/users\/1"}],"replies":[{"embeddable":true,"href":"http:\/\/portalm\u0142awa.pl\/index.php?rest_route=%2Fwp%2Fv2%2Fcomments&post=12589"}],"version-history":[{"count":1,"href":"http:\/\/portalm\u0142awa.pl\/index.php?rest_route=\/wp\/v2\/posts\/12589\/revisions"}],"predecessor-version":[{"id":12591,"href":"http:\/\/portalm\u0142awa.pl\/index.php?rest_route=\/wp\/v2\/posts\/12589\/revisions\/12591"}],"wp:featuredmedia":[{"embeddable":true,"href":"http:\/\/portalm\u0142awa.pl\/index.php?rest_route=\/wp\/v2\/media\/12590"}],"wp:attachment":[{"href":"http:\/\/portalm\u0142awa.pl\/index.php?rest_route=%2Fwp%2Fv2%2Fmedia&parent=12589"}],"wp:term":[{"taxonomy":"category","embeddable":true,"href":"http:\/\/portalm\u0142awa.pl\/index.php?rest_route=%2Fwp%2Fv2%2Fcategories&post=12589"},{"taxonomy":"post_tag","embeddable":true,"href":"http:\/\/portalm\u0142awa.pl\/index.php?rest_route=%2Fwp%2Fv2%2Ftags&post=12589"}],"curies":[{"name":"wp","href":"https:\/\/api.w.org\/{rel}","templated":true}]}}